{"id":146013,"date":"2025-12-19T15:06:22","date_gmt":"2025-12-19T18:06:22","guid":{"rendered":"https:\/\/eldiariodesanpedro.com.ar\/sitio\/?p=146013"},"modified":"2025-12-19T15:06:26","modified_gmt":"2025-12-19T18:06:26","slug":"aprehendieron-a-un-hombre-de-32-anos-por-amenazas-y-lesiones-leves-contra-su-pareja","status":"publish","type":"post","link":"https:\/\/eldiariodesanpedro.com.ar\/sitio\/aprehendieron-a-un-hombre-de-32-anos-por-amenazas-y-lesiones-leves-contra-su-pareja\/","title":{"rendered":"Aprehendieron a un hombre de 32 a\u00f1os por amenazas y lesiones leves contra su pareja"},"content":{"rendered":"<!-- VideographyWP Plugin Message: Automatic video embedding prevented by plugin options. -->\n\n<p>El hecho ocurri\u00f3 tras un llamado al 911. La v\u00edctima, de 38 a\u00f1os, fue asistida y present\u00f3 lesiones leves. Interviene la fiscal\u00eda local.<\/p>\n\n\n\n<p>En la jornada de ayer, <strong>personal policial intervino tras un alerta al 911 y un llamado a la comisar\u00eda<\/strong>, lo que permiti\u00f3 <strong>la aprehensi\u00f3n en la v\u00eda p\u00fablica de un hombre de 32 a\u00f1os<\/strong> en inmediaciones de <strong>calle Belgrano al 900<\/strong>.<\/p>\n\n\n\n<p>Seg\u00fan se inform\u00f3, <strong>el sujeto amenaz\u00f3 a su pareja, una mujer de 38 a\u00f1os, delante de los efectivos policiales<\/strong> y, <strong>antes del arribo del m\u00f3vil<\/strong>, la <strong>agredi\u00f3 f\u00edsicamente<\/strong>.<\/p>\n\n\n\n<p>La <strong>v\u00edctima fue asistida en la Comisar\u00eda de la Mujer y la Familia<\/strong>, donde se constat\u00f3 que presentaba <strong>lesiones de car\u00e1cter leve<\/strong>.<\/p>\n\n\n\n<p>Por el hecho <strong>interviene la fiscal\u00eda local<\/strong>, que dispuso las actuaciones correspondientes por <strong>amenazas y lesiones leves<\/strong>.<\/p>\n\n\n\n<p>#Policiales #ViolenciaDeG\u00e9nero #Amenazas #LesionesLeves #Intervenci\u00f3nPolicial #Justicia<\/p>\n\n\n<div class=\"wp-block-image\">\n<figure class=\"aligncenter size-full\"><img decoding=\"async\" width=\"473\" height=\"630\" data-attachment-id=\"146017\" data-permalink=\"https:\/\/eldiariodesanpedro.com.ar\/sitio\/aprehendieron-a-un-hombre-de-32-anos-por-amenazas-y-lesiones-leves-contra-su-pareja\/1-374\/\" data-orig-file=\"https:\/\/eldiariodesanpedro.com.ar\/sitio\/wp-content\/uploads\/2025\/12\/1-9.jpg\" data-orig-size=\"473,630\" data-comments-opened=\"0\" data-image-meta=\"{&quot;aperture&quot;:&quot;0&quot;,&quot;credit&quot;:&quot;&quot;,&quot;camera&quot;:&quot;&quot;,&quot;caption&quot;:&quot;&quot;,&quot;created_timestamp&quot;:&quot;0&quot;,&quot;copyright&quot;:&quot;&quot;,&quot;focal_length&quot;:&quot;0&quot;,&quot;iso&quot;:&quot;0&quot;,&quot;shutter_speed&quot;:&quot;0&quot;,&quot;title&quot;:&quot;&quot;,&quot;orientation&quot;:&quot;0&quot;}\" data-image-title=\"1\" data-image-description=\"\" data-image-caption=\"\" data-large-file=\"https:\/\/eldiariodesanpedro.com.ar\/sitio\/wp-content\/uploads\/2025\/12\/1-9.jpg\" data-src=\"https:\/\/eldiariodesanpedro.com.ar\/sitio\/wp-content\/uploads\/2025\/12\/1-9.jpg\" alt=\"\" class=\"wp-image-146017 lazyload\" data-srcset=\"https:\/\/eldiariodesanpedro.com.ar\/sitio\/wp-content\/uploads\/2025\/12\/1-9.jpg 473w, https:\/\/eldiariodesanpedro.com.ar\/sitio\/wp-content\/uploads\/2025\/12\/1-9-225x300.jpg 225w\" data-sizes=\"(max-width: 473px) 100vw, 473px\" src=\"data:image\/svg+xml;base64,PHN2ZyB3aWR0aD0iMSIgaGVpZ2h0PSIxIiB4bWxucz0iaHR0cDovL3d3dy53My5vcmcvMjAwMC9zdmciPjwvc3ZnPg==\" style=\"--smush-placeholder-width: 473px; --smush-placeholder-aspect-ratio: 473\/630;\" \/><\/figure>\n<\/div>","protected":false},"excerpt":{"rendered":"<p>El hecho ocurri\u00f3 tras un llamado al 911. La v\u00edctima, de 38 a\u00f1os, fue asistida y present\u00f3 lesiones leves. Interviene la fiscal\u00eda local. En la jornada de ayer, personal policial intervino tras un alerta al 911 y un llamado a la comisar\u00eda, lo que permiti\u00f3 la aprehensi\u00f3n en la v\u00eda p\u00fablica de un hombre de [&hellip;]<\/p>\n","protected":false},"author":4,"featured_media":146016,"comment_status":"closed","ping_status":"closed","sticky":false,"template":"","format":"standard","meta":{"om_disable_all_campaigns":false,"_jetpack_memberships_contains_paid_content":false,"footnotes":""},"categories":[2,103],"tags":[7943,6831,5418,3694,3951,2396],"class_list":["post-146013","post","type-post","status-publish","format-standard","has-post-thumbnail","hentry","category-locales","category-policiales-locales","tag-aprehendido-por-amenazas","tag-comisaria-de-la-mujer-2","tag-fiscalia-local","tag-intervencion-policial","tag-lesiones-leves","tag-violencia-de-genero-2"],"aioseo_notices":[],"gutentor_comment":0,"jetpack_featured_media_url":"https:\/\/eldiariodesanpedro.com.ar\/sitio\/wp-content\/uploads\/2025\/12\/medida-1-26.jpg","jetpack_shortlink":"https:\/\/wp.me\/p6RhLt-BZ3","jetpack_sharing_enabled":true,"_links":{"self":[{"href":"https:\/\/eldiariodesanpedro.com.ar\/sitio\/wp-json\/wp\/v2\/posts\/146013","targetHints":{"allow":["GET"]}}],"collection":[{"href":"https:\/\/eldiariodesanpedro.com.ar\/sitio\/wp-json\/wp\/v2\/posts"}],"about":[{"href":"https:\/\/eldiariodesanpedro.com.ar\/sitio\/wp-json\/wp\/v2\/types\/post"}],"author":[{"embeddable":true,"href":"https:\/\/eldiariodesanpedro.com.ar\/sitio\/wp-json\/wp\/v2\/users\/4"}],"replies":[{"embeddable":true,"href":"https:\/\/eldiariodesanpedro.com.ar\/sitio\/wp-json\/wp\/v2\/comments?post=146013"}],"version-history":[{"count":2,"href":"https:\/\/eldiariodesanpedro.com.ar\/sitio\/wp-json\/wp\/v2\/posts\/146013\/revisions"}],"predecessor-version":[{"id":146019,"href":"https:\/\/eldiariodesanpedro.com.ar\/sitio\/wp-json\/wp\/v2\/posts\/146013\/revisions\/146019"}],"wp:featuredmedia":[{"embeddable":true,"href":"https:\/\/eldiariodesanpedro.com.ar\/sitio\/wp-json\/wp\/v2\/media\/146016"}],"wp:attachment":[{"href":"https:\/\/eldiariodesanpedro.com.ar\/sitio\/wp-json\/wp\/v2\/media?parent=146013"}],"wp:term":[{"taxonomy":"category","embeddable":true,"href":"https:\/\/eldiariodesanpedro.com.ar\/sitio\/wp-json\/wp\/v2\/categories?post=146013"},{"taxonomy":"post_tag","embeddable":true,"href":"https:\/\/eldiariodesanpedro.com.ar\/sitio\/wp-json\/wp\/v2\/tags?post=146013"}],"curies":[{"name":"wp","href":"https:\/\/api.w.org\/{rel}","templated":true}]}}