{"id":146005,"date":"2025-12-19T11:59:52","date_gmt":"2025-12-19T14:59:52","guid":{"rendered":"https:\/\/eldiariodesanpedro.com.ar\/sitio\/?p=146005"},"modified":"2025-12-19T12:21:12","modified_gmt":"2025-12-19T15:21:12","slug":"aumentos-de-tasas-y-falta-de-dialogo-la-preocupacion-del-centro-de-comercio-por-el-presupuesto-2026","status":"publish","type":"post","link":"https:\/\/eldiariodesanpedro.com.ar\/sitio\/aumentos-de-tasas-y-falta-de-dialogo-la-preocupacion-del-centro-de-comercio-por-el-presupuesto-2026\/","title":{"rendered":"Aumentos de tasas y falta de di\u00e1logo: la preocupaci\u00f3n del Centro de Comercio por el Presupuesto 2026"},"content":{"rendered":"<!-- VideographyWP Plugin Message: Automatic video embedding prevented by plugin options. -->\n\n<p>Desde el <strong>Centro de Comercio, Industria y Turismo<\/strong> se expres\u00f3 <strong>preocupaci\u00f3n por la composici\u00f3n del Presupuesto Municipal 2026<\/strong> y por las <strong>ordenanzas fiscal e impositiva<\/strong> que ser\u00e1n tratadas por el <strong>Honorable Concejo Deliberante<\/strong> en los pr\u00f3ximos d\u00edas.<\/p>\n\n\n\n<p>La entidad se\u00f1al\u00f3 que comprende el <strong>complejo contexto econ\u00f3mico<\/strong> y la necesidad del Municipio de afrontar m\u00faltiples servicios que <strong>no logran financiarse plenamente con el aporte de los contribuyentes<\/strong>. Sin embargo, advirti\u00f3 sobre la <strong>propuesta de incrementos del 100 % en tasas como ABL, Servicios Sanitarios y Red Vial<\/strong>, sumados a la <strong>autorizaci\u00f3n para aplicar ajustes bimestrales por inflaci\u00f3n<\/strong>, con un piso del <strong>20 %<\/strong> y un tope vinculado al <strong>\u00cdndice de Precios al Consumidor (IPC)<\/strong>.<\/p>\n\n\n\n<p>Uno de los aspectos que el Centro consider\u00f3 fundamental remarcar es la <strong>escasa participaci\u00f3n de entidades intermedias y de los sectores representados<\/strong> en el an\u00e1lisis previo de medidas de esta magnitud. En ese sentido, sostuvo que <strong>fortalecer el v\u00ednculo institucional<\/strong> permitir\u00eda mayor informaci\u00f3n, intercambio y previsibilidad al momento de definir pol\u00edticas fiscales, especialmente en un <strong>escenario econ\u00f3mico y social sensible<\/strong> y ante la <strong>celeridad con la que ser\u00e1 tratado el tema<\/strong>.<\/p>\n\n\n\n<p>Desde una postura <strong>ajena a cualquier cuesti\u00f3n pol\u00edtico-partidaria<\/strong>, la instituci\u00f3n manifest\u00f3 su <strong>disposici\u00f3n a acompa\u00f1ar un an\u00e1lisis m\u00e1s cercano y constructivo<\/strong> de las medidas propuestas. Asimismo, remarc\u00f3 la necesidad de <strong>garantizar igualdad de condiciones entre los contribuyentes<\/strong>, promoviendo una <strong>mayor cobrabilidad general<\/strong> y evitando que los mayores esfuerzos recaigan, una vez m\u00e1s, sobre quienes <strong>cumplen regularmente<\/strong>, en un contexto donde <strong>2026 se proyecta como un a\u00f1o econ\u00f3micamente complejo<\/strong>.<\/p>\n\n\n\n<p>Finalmente, el Centro valor\u00f3 el <strong>esfuerzo destinado a sostener el sistema de salud p\u00fablica<\/strong>, al que cada vez m\u00e1s vecinos deben recurrir, pero consider\u00f3 imprescindible un <strong>replanteo profundo sobre c\u00f3mo y cu\u00e1nto se gasta<\/strong>, con el objetivo de <strong>administrar eficientemente los recursos<\/strong> y <strong>destinar parte del presupuesto a estimular las actividades productivas, comerciales y tur\u00edsticas<\/strong>, claves para <strong>generar recursos genuinos y revertir la situaci\u00f3n econ\u00f3mica<\/strong>.<\/p>\n\n\n\n<p>#Presupuesto2026 #CentroDeComercio #Econom\u00edaLocal #TasasMunicipales #OrdenanzaFiscal #ActividadComercial #Industria #Turismo<br><\/p>\n","protected":false},"excerpt":{"rendered":"<p>Desde el Centro de Comercio, Industria y Turismo se expres\u00f3 preocupaci\u00f3n por la composici\u00f3n del Presupuesto Municipal 2026 y por las ordenanzas fiscal e impositiva que ser\u00e1n tratadas por el Honorable Concejo Deliberante en los pr\u00f3ximos d\u00edas. La entidad se\u00f1al\u00f3 que comprende el complejo contexto econ\u00f3mico y la necesidad del Municipio de afrontar m\u00faltiples servicios [&hellip;]<\/p>\n","protected":false},"author":4,"featured_media":146010,"comment_status":"closed","ping_status":"closed","sticky":false,"template":"","format":"standard","meta":{"om_disable_all_campaigns":false,"_jetpack_memberships_contains_paid_content":false,"footnotes":""},"categories":[50,101,2],"tags":[7902,7933,1503,7908,7932,7931,7930,7905,3824,4035],"class_list":["post-146005","post","type-post","status-publish","format-standard","has-post-thumbnail","hentry","category-destacadas","category-interes-general-locales","category-locales","tag-abl","tag-actividad-productiva","tag-centro-de-comercio","tag-economia-local","tag-ipc","tag-ordenanza-fiscal-e-impositiva","tag-presupuesto-municipal-2026","tag-red-vial","tag-servicios-sanitarios","tag-tasas-municipales"],"aioseo_notices":[],"gutentor_comment":0,"jetpack_featured_media_url":"https:\/\/eldiariodesanpedro.com.ar\/sitio\/wp-content\/uploads\/2025\/12\/Centro-de-Comercio-1.jpg","jetpack_shortlink":"https:\/\/wp.me\/p6RhLt-BYV","jetpack_sharing_enabled":true,"_links":{"self":[{"href":"https:\/\/eldiariodesanpedro.com.ar\/sitio\/wp-json\/wp\/v2\/posts\/146005","targetHints":{"allow":["GET"]}}],"collection":[{"href":"https:\/\/eldiariodesanpedro.com.ar\/sitio\/wp-json\/wp\/v2\/posts"}],"about":[{"href":"https:\/\/eldiariodesanpedro.com.ar\/sitio\/wp-json\/wp\/v2\/types\/post"}],"author":[{"embeddable":true,"href":"https:\/\/eldiariodesanpedro.com.ar\/sitio\/wp-json\/wp\/v2\/users\/4"}],"replies":[{"embeddable":true,"href":"https:\/\/eldiariodesanpedro.com.ar\/sitio\/wp-json\/wp\/v2\/comments?post=146005"}],"version-history":[{"count":1,"href":"https:\/\/eldiariodesanpedro.com.ar\/sitio\/wp-json\/wp\/v2\/posts\/146005\/revisions"}],"predecessor-version":[{"id":146006,"href":"https:\/\/eldiariodesanpedro.com.ar\/sitio\/wp-json\/wp\/v2\/posts\/146005\/revisions\/146006"}],"wp:featuredmedia":[{"embeddable":true,"href":"https:\/\/eldiariodesanpedro.com.ar\/sitio\/wp-json\/wp\/v2\/media\/146010"}],"wp:attachment":[{"href":"https:\/\/eldiariodesanpedro.com.ar\/sitio\/wp-json\/wp\/v2\/media?parent=146005"}],"wp:term":[{"taxonomy":"category","embeddable":true,"href":"https:\/\/eldiariodesanpedro.com.ar\/sitio\/wp-json\/wp\/v2\/categories?post=146005"},{"taxonomy":"post_tag","embeddable":true,"href":"https:\/\/eldiariodesanpedro.com.ar\/sitio\/wp-json\/wp\/v2\/tags?post=146005"}],"curies":[{"name":"wp","href":"https:\/\/api.w.org\/{rel}","templated":true}]}}