{"id":145999,"date":"2025-12-19T11:29:04","date_gmt":"2025-12-19T14:29:04","guid":{"rendered":"https:\/\/eldiariodesanpedro.com.ar\/sitio\/?p=145999"},"modified":"2026-01-24T00:46:47","modified_gmt":"2026-01-24T03:46:47","slug":"fallecio-alberto-anibal-pinero-de-69-anos","status":"publish","type":"post","link":"https:\/\/eldiariodesanpedro.com.ar\/sitio\/fallecio-alberto-anibal-pinero-de-69-anos\/","title":{"rendered":"Falleci\u00f3 Alberto An\u00edbal Pi\u00f1ero, de 69 a\u00f1os"},"content":{"rendered":"<!-- VideographyWP Plugin Message: Automatic video embedding prevented by plugin options. -->\n\n<p>Alberto An\u00edbal Pi\u00f1ero falleci\u00f3 a los 69 a\u00f1os. Sus restos son velados en la sala N.\u00ba 2 de Coosper Servicios Sociales hasta las 14:00 de este viernes 19 de diciembre.<\/p>\n\n\n\n<p>La comunidad despide con pesar a <strong>Alberto An\u00edbal Pi\u00f1ero<\/strong>, quien <strong>falleci\u00f3 a los 69 a\u00f1os<\/strong>. Sus restos son velados en <strong>la sala velatoria N.\u00ba 2<\/strong>, ubicada en <strong>3 de Febrero 1475<\/strong>, bajo los servicios de <strong>Coosper Servicios Sociales<\/strong>.<\/p>\n\n\n\n<p>El <strong>servicio velatorio<\/strong> se extender\u00e1 <strong>hasta las 14:00 horas de este viernes 19 de diciembre de 2025<\/strong>, acompa\u00f1ando a familiares y allegados en este momento de profundo dolor.<\/p>\n\n\n\n<p>Desde este medio, se expresan <strong>sentidas condolencias a sus seres queridos<\/strong>, acompa\u00f1\u00e1ndolos en la despedida.<\/p>\n\n\n\n<p>#Obituario #Fallecimiento #AlbertoAnibalPi\u00f1ero #Coosper #ServiciosSociales #Condolencias<\/p>\n","protected":false},"excerpt":{"rendered":"<p>Alberto An\u00edbal Pi\u00f1ero falleci\u00f3 a los 69 a\u00f1os. Sus restos son velados en la sala N.\u00ba 2 de Coosper Servicios Sociales hasta las 14:00 de este viernes 19 de diciembre. La comunidad despide con pesar a Alberto An\u00edbal Pi\u00f1ero, quien falleci\u00f3 a los 69 a\u00f1os. Sus restos son velados en la sala velatoria N.\u00ba 2, [&hellip;]<\/p>\n","protected":false},"author":4,"featured_media":113757,"comment_status":"closed","ping_status":"closed","sticky":false,"template":"","format":"standard","meta":{"om_disable_all_campaigns":false,"_jetpack_memberships_contains_paid_content":false,"footnotes":""},"categories":[8424],"tags":[7926,7925,7924,7923,5322],"class_list":["post-145999","post","type-post","status-publish","format-standard","has-post-thumbnail","hentry","category-necrologicas","tag-coosper-servicios-sociales","tag-fallecimiento-19-de-diciembre","tag-fallecio-alberto-anibal-pinero","tag-obituario-alberto-pinero","tag-sala-velatoria-3-de-febrero-1475"],"aioseo_notices":[],"gutentor_comment":0,"jetpack_featured_media_url":"https:\/\/eldiariodesanpedro.com.ar\/sitio\/wp-content\/uploads\/2023\/01\/necrologicas.jpg","jetpack_shortlink":"https:\/\/wp.me\/p6RhLt-BYP","jetpack_sharing_enabled":true,"_links":{"self":[{"href":"https:\/\/eldiariodesanpedro.com.ar\/sitio\/wp-json\/wp\/v2\/posts\/145999","targetHints":{"allow":["GET"]}}],"collection":[{"href":"https:\/\/eldiariodesanpedro.com.ar\/sitio\/wp-json\/wp\/v2\/posts"}],"about":[{"href":"https:\/\/eldiariodesanpedro.com.ar\/sitio\/wp-json\/wp\/v2\/types\/post"}],"author":[{"embeddable":true,"href":"https:\/\/eldiariodesanpedro.com.ar\/sitio\/wp-json\/wp\/v2\/users\/4"}],"replies":[{"embeddable":true,"href":"https:\/\/eldiariodesanpedro.com.ar\/sitio\/wp-json\/wp\/v2\/comments?post=145999"}],"version-history":[{"count":1,"href":"https:\/\/eldiariodesanpedro.com.ar\/sitio\/wp-json\/wp\/v2\/posts\/145999\/revisions"}],"predecessor-version":[{"id":146000,"href":"https:\/\/eldiariodesanpedro.com.ar\/sitio\/wp-json\/wp\/v2\/posts\/145999\/revisions\/146000"}],"wp:featuredmedia":[{"embeddable":true,"href":"https:\/\/eldiariodesanpedro.com.ar\/sitio\/wp-json\/wp\/v2\/media\/113757"}],"wp:attachment":[{"href":"https:\/\/eldiariodesanpedro.com.ar\/sitio\/wp-json\/wp\/v2\/media?parent=145999"}],"wp:term":[{"taxonomy":"category","embeddable":true,"href":"https:\/\/eldiariodesanpedro.com.ar\/sitio\/wp-json\/wp\/v2\/categories?post=145999"},{"taxonomy":"post_tag","embeddable":true,"href":"https:\/\/eldiariodesanpedro.com.ar\/sitio\/wp-json\/wp\/v2\/tags?post=145999"}],"curies":[{"name":"wp","href":"https:\/\/api.w.org\/{rel}","templated":true}]}}