{"id":14599,"date":"2017-02-13T20:47:45","date_gmt":"2017-02-13T23:47:45","guid":{"rendered":"https:\/\/eldiariodesanpedro.com.ar\/sitio\/?p=14599"},"modified":"2017-02-13T20:47:45","modified_gmt":"2017-02-13T23:47:45","slug":"la-gestion-municipal-busca-darle-nuevo-impulso-a-los-centros-de-salud","status":"publish","type":"post","link":"https:\/\/eldiariodesanpedro.com.ar\/sitio\/la-gestion-municipal-busca-darle-nuevo-impulso-a-los-centros-de-salud\/","title":{"rendered":"La gesti\u00f3n municipal busca darle nuevo impulso a los Centros de Salud"},"content":{"rendered":"<p><!-- VideographyWP Plugin Message: Automatic video embedding prevented by plugin options. --><br \/>\nTras la designaci\u00f3n de la profesional de la salud en la Direcci\u00f3n de Centros de Salud, el Dr. Edgar Britos, Secretario de Salud, confirm\u00f3 que el Intendente Salazar proyecta para este a\u00f1o un rol m\u00e1s importante al \u00e1rea.<\/p>\n<p>\u201cEl se\u00f1or intendente ha decidido poner este a\u00f1o total \u00e9nfasis en cambiar la realidad que tienen de hace varios a\u00f1os los centros de salud, que est\u00e1n cumpliendo parcialmente su rol porque hay mucha gente que est\u00e1 poniendo mucho esfuerzo pero por ah\u00ed sin las condiciones adecuadas para trabajar\u201d, afirm\u00f3 el secretario.<\/p>\n<p>\u201cEn ese sentido se ha decidido nombrar a cargo de la Direcci\u00f3n de los Centros de Salud a una profesional que tiene mucho prestigio, que tiene una trayectoria muy importante en la salud p\u00fablica de San Pedro y que es muy respetada\u201d. Adem\u00e1s \u201ccumple con la condici\u00f3n que el intendente considera primordial, que es de la ciudad y que tiene la total disponibilidad que exigen estos cargos que son absolutamente full time y que fue uno de los motivos por los cuales se decidi\u00f3 por esta profesional\u201d. En tanto que el funcionario explic\u00f3 que \u201cel doctor Infran ten\u00eda limitada esta posibilidad por ser un profesional oriundo de Rosario y que por una cuesti\u00f3n de la distancia y los viajes se complica un poco c\u00f3mo se debe\u201d.<\/p>\n<p>\u201cLidia Ronte ha demostrado todo este tiempo que nos ha dado una mano en el tema y mucho compromiso est\u00e1 muy entusiasmada\u201d, asever\u00f3.<\/p>\n<p>Luego se\u00f1al\u00f3: \u201cTenemos un proyecto ambicioso en la construcci\u00f3n de algunos centros como por ejemplo en Pueblo doyle que no existe y reformas muy importantes en los dem\u00e1s\u201d, sostuvo Britos. Muchos de ellos \u201cest\u00e1n totalmente carente de la infraestructura adecuada para poder brindarle a la poblaci\u00f3n en los barrios fundamentalmente la pose\u00edda de canalizar sus consultas cercanas a su domicilio\u201d.<\/p>\n<p>\u201cSabemos que el 85% de la poblaci\u00f3n de las consultas en salud se resuelven en el nivel primario de atenci\u00f3n y que podr\u00edan resolverse en los centros salud. Eso nos posibilitar\u00eda descomprimir el hospital y que se aboque aquellas cuestiones que requieren de mayor complejidad intervenciones internacionales o ex\u00e1menes complementarios\u201d.<\/p>\n<p> Centro de Salud de Las Canaletas:<\/p>\n<p>Tras el pedido de informes de los bloques Frente Renovador, PJ-Frente para la Victoria y Doctrina y Convicci\u00f3n Peronista, sobre el estado edilicio del dispensario, el Dr. Edgard Britos, Secretario de Salud, sostuvo: \u201cEl Centro de Salud de Canaletas tiene una problem\u00e1tica que se hizo en una zona que ha tenido frecuentes inundaciones lo que ha originado mucho gasto\u201d. Sostuvo que \u201ccumple una important\u00edsima funci\u00f3n por el \u00e1rea de influencia que tiene una poblaci\u00f3n muy numerosa, tiene m\u00e1s de 3 mil historia cl\u00ednicas\u201d.<\/p>\n<p>\u201cLa idea que tenemos a largo plazo es tratar de relocalizarlo. Hay dos proyectos en los cuales estamos trabajando. Uno es cruzarlo a la barranca y el otro es hacerlo en un predio que es lo que se conoc\u00eda como el astillero, que es una zona m\u00e1s elevada que podr\u00eda hacer que no vuelva a inundarse\u201d, asever\u00f3.<\/p>\n<p>\u201cLa semana pasada tuvimos una reuni\u00f3n con la comisi\u00f3n de Fomento de las Canaletas, donde le hemos llevado tranquilidad, como este proyecto va a llevar tiempo, mientras tanto se va fortalecer, tanto la instalaciones actuales como los servicios para poder brindar la mejor calidad de atenci\u00f3n a los vecinos\u201d.<\/p>\n","protected":false},"excerpt":{"rendered":"<p>Tras la designaci\u00f3n de la profesional de la salud en la Direcci\u00f3n de Centros de Salud, el Dr. Edgar Britos, Secretario de Salud, confirm\u00f3 que el Intendente Salazar proyecta para este a\u00f1o un rol m\u00e1s importante al \u00e1rea. \u201cEl se\u00f1or intendente ha decidido poner este a\u00f1o total \u00e9nfasis en cambiar la realidad que tienen de [&hellip;]<\/p>\n","protected":false},"author":4,"featured_media":14600,"comment_status":"open","ping_status":"closed","sticky":false,"template":"","format":"standard","meta":{"om_disable_all_campaigns":false,"_jetpack_memberships_contains_paid_content":false,"footnotes":""},"categories":[50,2,102],"tags":[],"class_list":["post-14599","post","type-post","status-publish","format-standard","has-post-thumbnail","hentry","category-destacadas","category-locales","category-politica-locales"],"aioseo_notices":[],"gutentor_comment":0,"jetpack_featured_media_url":"https:\/\/eldiariodesanpedro.com.ar\/sitio\/wp-content\/uploads\/2017\/02\/Lidia-Ronte-ha-demostrado-todo-este-tiempo-que-nos-ha-dado-una-mano-en-el-tema\u201d-dijo-Britos.jpg","jetpack_shortlink":"https:\/\/wp.me\/p6RhLt-3Nt","jetpack_sharing_enabled":true,"_links":{"self":[{"href":"https:\/\/eldiariodesanpedro.com.ar\/sitio\/wp-json\/wp\/v2\/posts\/14599","targetHints":{"allow":["GET"]}}],"collection":[{"href":"https:\/\/eldiariodesanpedro.com.ar\/sitio\/wp-json\/wp\/v2\/posts"}],"about":[{"href":"https:\/\/eldiariodesanpedro.com.ar\/sitio\/wp-json\/wp\/v2\/types\/post"}],"author":[{"embeddable":true,"href":"https:\/\/eldiariodesanpedro.com.ar\/sitio\/wp-json\/wp\/v2\/users\/4"}],"replies":[{"embeddable":true,"href":"https:\/\/eldiariodesanpedro.com.ar\/sitio\/wp-json\/wp\/v2\/comments?post=14599"}],"version-history":[{"count":1,"href":"https:\/\/eldiariodesanpedro.com.ar\/sitio\/wp-json\/wp\/v2\/posts\/14599\/revisions"}],"predecessor-version":[{"id":14601,"href":"https:\/\/eldiariodesanpedro.com.ar\/sitio\/wp-json\/wp\/v2\/posts\/14599\/revisions\/14601"}],"wp:featuredmedia":[{"embeddable":true,"href":"https:\/\/eldiariodesanpedro.com.ar\/sitio\/wp-json\/wp\/v2\/media\/14600"}],"wp:attachment":[{"href":"https:\/\/eldiariodesanpedro.com.ar\/sitio\/wp-json\/wp\/v2\/media?parent=14599"}],"wp:term":[{"taxonomy":"category","embeddable":true,"href":"https:\/\/eldiariodesanpedro.com.ar\/sitio\/wp-json\/wp\/v2\/categories?post=14599"},{"taxonomy":"post_tag","embeddable":true,"href":"https:\/\/eldiariodesanpedro.com.ar\/sitio\/wp-json\/wp\/v2\/tags?post=14599"}],"curies":[{"name":"wp","href":"https:\/\/api.w.org\/{rel}","templated":true}]}}