{"id":14597,"date":"2017-02-13T20:44:10","date_gmt":"2017-02-13T23:44:10","guid":{"rendered":"https:\/\/eldiariodesanpedro.com.ar\/sitio\/?p=14597"},"modified":"2017-02-13T20:44:10","modified_gmt":"2017-02-13T23:44:10","slug":"aprehendido-en-san-nicolas-con-una-moto-robada-en-nuestra-ciudad","status":"publish","type":"post","link":"https:\/\/eldiariodesanpedro.com.ar\/sitio\/aprehendido-en-san-nicolas-con-una-moto-robada-en-nuestra-ciudad\/","title":{"rendered":"Aprehendido en San Nicol\u00e1s con una moto robada en nuestra ciudad"},"content":{"rendered":"<p><!-- VideographyWP Plugin Message: Automatic video embedding prevented by plugin options. --><br \/>\nPersonal del Comando Patrulla aprehendi\u00f3 en calle Italia y S\u00e1enz de San Nicol\u00e1s a un hombre con una moto hurtada en San Pedro. Nahuel Albiso de 20 a\u00f1os llevaba a \u201ctiro\u201d una Kymco naranja y negra sin el dominio colocado.<\/p>\n<p>Al cursar los datos con la central de emergencias policiales, se constat\u00f3 que el rodado posee pedido de secuestro activo desde febrero del 2015 por el delito de Hurto en nuestra ciudad.<\/p>\n<p>Al joven se le labraron actuaciones por \u201cEncubrimiento\u201d y luego fue puesto en libertad.<\/p>\n","protected":false},"excerpt":{"rendered":"<p>Personal del Comando Patrulla aprehendi\u00f3 en calle Italia y S\u00e1enz de San Nicol\u00e1s a un hombre con una moto hurtada en San Pedro. Nahuel Albiso de 20 a\u00f1os llevaba a \u201ctiro\u201d una Kymco naranja y negra sin el dominio colocado. Al cursar los datos con la central de emergencias policiales, se constat\u00f3 que el rodado [&hellip;]<\/p>\n","protected":false},"author":4,"featured_media":4713,"comment_status":"open","ping_status":"closed","sticky":false,"template":"","format":"standard","meta":{"om_disable_all_campaigns":false,"_jetpack_memberships_contains_paid_content":false,"footnotes":""},"categories":[2,103],"tags":[],"class_list":["post-14597","post","type-post","status-publish","format-standard","has-post-thumbnail","hentry","category-locales","category-policiales-locales"],"aioseo_notices":[],"gutentor_comment":0,"jetpack_featured_media_url":"https:\/\/eldiariodesanpedro.com.ar\/sitio\/wp-content\/uploads\/2016\/05\/detenido.jpg","jetpack_shortlink":"https:\/\/wp.me\/p6RhLt-3Nr","jetpack_sharing_enabled":true,"_links":{"self":[{"href":"https:\/\/eldiariodesanpedro.com.ar\/sitio\/wp-json\/wp\/v2\/posts\/14597","targetHints":{"allow":["GET"]}}],"collection":[{"href":"https:\/\/eldiariodesanpedro.com.ar\/sitio\/wp-json\/wp\/v2\/posts"}],"about":[{"href":"https:\/\/eldiariodesanpedro.com.ar\/sitio\/wp-json\/wp\/v2\/types\/post"}],"author":[{"embeddable":true,"href":"https:\/\/eldiariodesanpedro.com.ar\/sitio\/wp-json\/wp\/v2\/users\/4"}],"replies":[{"embeddable":true,"href":"https:\/\/eldiariodesanpedro.com.ar\/sitio\/wp-json\/wp\/v2\/comments?post=14597"}],"version-history":[{"count":1,"href":"https:\/\/eldiariodesanpedro.com.ar\/sitio\/wp-json\/wp\/v2\/posts\/14597\/revisions"}],"predecessor-version":[{"id":14598,"href":"https:\/\/eldiariodesanpedro.com.ar\/sitio\/wp-json\/wp\/v2\/posts\/14597\/revisions\/14598"}],"wp:featuredmedia":[{"embeddable":true,"href":"https:\/\/eldiariodesanpedro.com.ar\/sitio\/wp-json\/wp\/v2\/media\/4713"}],"wp:attachment":[{"href":"https:\/\/eldiariodesanpedro.com.ar\/sitio\/wp-json\/wp\/v2\/media?parent=14597"}],"wp:term":[{"taxonomy":"category","embeddable":true,"href":"https:\/\/eldiariodesanpedro.com.ar\/sitio\/wp-json\/wp\/v2\/categories?post=14597"},{"taxonomy":"post_tag","embeddable":true,"href":"https:\/\/eldiariodesanpedro.com.ar\/sitio\/wp-json\/wp\/v2\/tags?post=14597"}],"curies":[{"name":"wp","href":"https:\/\/api.w.org\/{rel}","templated":true}]}}