{"id":145961,"date":"2025-12-16T20:59:51","date_gmt":"2025-12-16T23:59:51","guid":{"rendered":"https:\/\/eldiariodesanpedro.com.ar\/sitio\/?p=145961"},"modified":"2026-01-24T00:46:48","modified_gmt":"2026-01-24T03:46:48","slug":"fallecio-juan-vachino-a-los-83-anos","status":"publish","type":"post","link":"https:\/\/eldiariodesanpedro.com.ar\/sitio\/fallecio-juan-vachino-a-los-83-anos\/","title":{"rendered":"Falleci\u00f3 Juan Vachino, a los 83 a\u00f1os"},"content":{"rendered":"<!-- VideographyWP Plugin Message: Automatic video embedding prevented by plugin options. -->\n\n<p>Falleci\u00f3 <strong>Juan Vachino<\/strong>, a los <strong>83 a\u00f1os<\/strong>. Sus restos son velados en <strong>Sala N\u00b0 3<\/strong> y el servicio se extender\u00e1 hasta las <strong>11:00 del mi\u00e9rcoles 17 de diciembre<\/strong>.<\/p>\n\n\n\n<p>En las \u00faltimas horas se conoci\u00f3 el <strong>fallecimiento de Juan Vachino<\/strong>, quien <strong>ten\u00eda 83 a\u00f1os<\/strong>. La informaci\u00f3n fue confirmada por <strong>Coopser Servicios Sociales<\/strong>, entidad a cargo de los servicios f\u00fanebres.<\/p>\n\n\n\n<p>El <strong>velatorio se realiza en la Sala N\u00b0 3<\/strong>, ubicada en <strong>3 de Febrero 1475<\/strong>, y el <strong>servicio se extender\u00e1 hasta las 11:00 horas del mi\u00e9rcoles 17 de diciembre de 2025<\/strong>.<\/p>\n\n\n\n<p>Familiares, amigos y allegados acompa\u00f1an este momento de profundo dolor y despiden con respeto a quien fuera vecino de la comunidad.<\/p>\n\n\n\n<p>#Obituario #Fallecimiento #JuanVachino #Coopser #ServiciosSociales #Necrol\u00f3gica<\/p>\n","protected":false},"excerpt":{"rendered":"<p>Falleci\u00f3 Juan Vachino, a los 83 a\u00f1os. Sus restos son velados en Sala N\u00b0 3 y el servicio se extender\u00e1 hasta las 11:00 del mi\u00e9rcoles 17 de diciembre. En las \u00faltimas horas se conoci\u00f3 el fallecimiento de Juan Vachino, quien ten\u00eda 83 a\u00f1os. La informaci\u00f3n fue confirmada por Coopser Servicios Sociales, entidad a cargo de [&hellip;]<\/p>\n","protected":false},"author":4,"featured_media":113757,"comment_status":"closed","ping_status":"closed","sticky":false,"template":"","format":"standard","meta":{"om_disable_all_campaigns":false,"_jetpack_memberships_contains_paid_content":false,"footnotes":""},"categories":[8424],"tags":[5113,7896,7894,7893,7895,7395,6094],"class_list":["post-145961","post","type-post","status-publish","format-standard","has-post-thumbnail","hentry","category-necrologicas","tag-coopser-servicios-sociales","tag-fallecimiento-17-de-diciembre-2025","tag-fallecio-juan-vachino","tag-juan-vachino","tag-necrologica","tag-obituario","tag-velatorio-sala-3"],"aioseo_notices":[],"gutentor_comment":0,"jetpack_featured_media_url":"https:\/\/eldiariodesanpedro.com.ar\/sitio\/wp-content\/uploads\/2023\/01\/necrologicas.jpg","jetpack_shortlink":"https:\/\/wp.me\/p6RhLt-BYd","jetpack_sharing_enabled":true,"_links":{"self":[{"href":"https:\/\/eldiariodesanpedro.com.ar\/sitio\/wp-json\/wp\/v2\/posts\/145961","targetHints":{"allow":["GET"]}}],"collection":[{"href":"https:\/\/eldiariodesanpedro.com.ar\/sitio\/wp-json\/wp\/v2\/posts"}],"about":[{"href":"https:\/\/eldiariodesanpedro.com.ar\/sitio\/wp-json\/wp\/v2\/types\/post"}],"author":[{"embeddable":true,"href":"https:\/\/eldiariodesanpedro.com.ar\/sitio\/wp-json\/wp\/v2\/users\/4"}],"replies":[{"embeddable":true,"href":"https:\/\/eldiariodesanpedro.com.ar\/sitio\/wp-json\/wp\/v2\/comments?post=145961"}],"version-history":[{"count":1,"href":"https:\/\/eldiariodesanpedro.com.ar\/sitio\/wp-json\/wp\/v2\/posts\/145961\/revisions"}],"predecessor-version":[{"id":145962,"href":"https:\/\/eldiariodesanpedro.com.ar\/sitio\/wp-json\/wp\/v2\/posts\/145961\/revisions\/145962"}],"wp:featuredmedia":[{"embeddable":true,"href":"https:\/\/eldiariodesanpedro.com.ar\/sitio\/wp-json\/wp\/v2\/media\/113757"}],"wp:attachment":[{"href":"https:\/\/eldiariodesanpedro.com.ar\/sitio\/wp-json\/wp\/v2\/media?parent=145961"}],"wp:term":[{"taxonomy":"category","embeddable":true,"href":"https:\/\/eldiariodesanpedro.com.ar\/sitio\/wp-json\/wp\/v2\/categories?post=145961"},{"taxonomy":"post_tag","embeddable":true,"href":"https:\/\/eldiariodesanpedro.com.ar\/sitio\/wp-json\/wp\/v2\/tags?post=145961"}],"curies":[{"name":"wp","href":"https:\/\/api.w.org\/{rel}","templated":true}]}}