{"id":145924,"date":"2025-12-12T17:45:44","date_gmt":"2025-12-12T20:45:44","guid":{"rendered":"https:\/\/eldiariodesanpedro.com.ar\/sitio\/?p=145924"},"modified":"2025-12-12T17:45:49","modified_gmt":"2025-12-12T20:45:49","slug":"encuentro-de-trabajo-con-los-directores-de-los-efectores-publicos-de-salud","status":"publish","type":"post","link":"https:\/\/eldiariodesanpedro.com.ar\/sitio\/encuentro-de-trabajo-con-los-directores-de-los-efectores-publicos-de-salud\/","title":{"rendered":"Encuentro de trabajo con los directores de los efectores p\u00fablicos de salud"},"content":{"rendered":"<!-- VideographyWP Plugin Message: Automatic video embedding prevented by plugin options. -->\n\n<p>La Secretar\u00eda de Salud reuni\u00f3 a los directores del sistema sanitario local para avanzar en una agenda com\u00fan que fortalezca la coordinaci\u00f3n y la calidad de atenci\u00f3n.<\/p>\n\n\n\n<p>La <strong>secretaria de Salud, Isabel Carrasco<\/strong>, encabez\u00f3 un <strong>encuentro de trabajo con los directores de los distintos efectores p\u00fablicos<\/strong> del sistema sanitario local, con el objetivo de <strong>mejorar la planificaci\u00f3n, coordinaci\u00f3n y articulaci\u00f3n<\/strong> de las acciones en todo el distrito.<\/p>\n\n\n\n<p>Participaron Pablo Vlaeminck, director de Atenci\u00f3n Primaria de la Salud; Rafael Torres, director de Personal; Andr\u00e9s Fil\u00f3n, director Administrativo; Jos\u00e9 Herbas, jefe del Servicio de Guardia del Hospital Dr. Emilio Ruffa; Daniela Alves, directora del Hospital 26 de Julio de Gobernador Castro; Graciela Camerano, directora del Hospital de Santa Luc\u00eda, y M\u00f3nica Colagioia, coordinadora del Centro de Salud de R\u00edo Tala.<\/p>\n\n\n\n<p>Durante la reuni\u00f3n se defini\u00f3 una <strong>agenda com\u00fan orientada a fortalecer la integraci\u00f3n entre hospitales, guardia y centros de atenci\u00f3n primaria<\/strong>, optimizar la <strong>gesti\u00f3n de recursos<\/strong> y consolidar la <strong>mejora continua de la calidad de los servicios de salud<\/strong> brindados a la comunidad de San Pedro y sus localidades.<\/p>\n\n\n\n<p>#SanPedro #Salud #SistemaSanitario #HospitalRuffa #GobernadorCastro #SantaLuc\u00eda #R\u00edoTala #Gesti\u00f3nMunicipal #SaludP\u00fablica<\/p>\n","protected":false},"excerpt":{"rendered":"<p>La Secretar\u00eda de Salud reuni\u00f3 a los directores del sistema sanitario local para avanzar en una agenda com\u00fan que fortalezca la coordinaci\u00f3n y la calidad de atenci\u00f3n. La secretaria de Salud, Isabel Carrasco, encabez\u00f3 un encuentro de trabajo con los directores de los distintos efectores p\u00fablicos del sistema sanitario local, con el objetivo de mejorar [&hellip;]<\/p>\n","protected":false},"author":4,"featured_media":145925,"comment_status":"closed","ping_status":"closed","sticky":false,"template":"","format":"standard","meta":{"om_disable_all_campaigns":false,"_jetpack_memberships_contains_paid_content":false,"footnotes":""},"categories":[101,2],"tags":[7872,7873,7870,6795,7871,5541,7869],"class_list":["post-145924","post","type-post","status-publish","format-standard","has-post-thumbnail","hentry","category-interes-general-locales","category-locales","tag-atencion-primaria","tag-gestion-de-salud-municipal","tag-hospitales-san-pedro","tag-isabel-carrasco","tag-reunion-de-salud","tag-salud-publica","tag-sistema-sanitario-san-pedro"],"aioseo_notices":[],"gutentor_comment":0,"jetpack_featured_media_url":"https:\/\/eldiariodesanpedro.com.ar\/sitio\/wp-content\/uploads\/2025\/12\/medida-1-22.jpg","jetpack_shortlink":"https:\/\/wp.me\/p6RhLt-BXC","jetpack_sharing_enabled":true,"_links":{"self":[{"href":"https:\/\/eldiariodesanpedro.com.ar\/sitio\/wp-json\/wp\/v2\/posts\/145924","targetHints":{"allow":["GET"]}}],"collection":[{"href":"https:\/\/eldiariodesanpedro.com.ar\/sitio\/wp-json\/wp\/v2\/posts"}],"about":[{"href":"https:\/\/eldiariodesanpedro.com.ar\/sitio\/wp-json\/wp\/v2\/types\/post"}],"author":[{"embeddable":true,"href":"https:\/\/eldiariodesanpedro.com.ar\/sitio\/wp-json\/wp\/v2\/users\/4"}],"replies":[{"embeddable":true,"href":"https:\/\/eldiariodesanpedro.com.ar\/sitio\/wp-json\/wp\/v2\/comments?post=145924"}],"version-history":[{"count":1,"href":"https:\/\/eldiariodesanpedro.com.ar\/sitio\/wp-json\/wp\/v2\/posts\/145924\/revisions"}],"predecessor-version":[{"id":145926,"href":"https:\/\/eldiariodesanpedro.com.ar\/sitio\/wp-json\/wp\/v2\/posts\/145924\/revisions\/145926"}],"wp:featuredmedia":[{"embeddable":true,"href":"https:\/\/eldiariodesanpedro.com.ar\/sitio\/wp-json\/wp\/v2\/media\/145925"}],"wp:attachment":[{"href":"https:\/\/eldiariodesanpedro.com.ar\/sitio\/wp-json\/wp\/v2\/media?parent=145924"}],"wp:term":[{"taxonomy":"category","embeddable":true,"href":"https:\/\/eldiariodesanpedro.com.ar\/sitio\/wp-json\/wp\/v2\/categories?post=145924"},{"taxonomy":"post_tag","embeddable":true,"href":"https:\/\/eldiariodesanpedro.com.ar\/sitio\/wp-json\/wp\/v2\/tags?post=145924"}],"curies":[{"name":"wp","href":"https:\/\/api.w.org\/{rel}","templated":true}]}}