{"id":145898,"date":"2025-12-12T10:01:03","date_gmt":"2025-12-12T13:01:03","guid":{"rendered":"https:\/\/eldiariodesanpedro.com.ar\/sitio\/?p=145898"},"modified":"2026-01-24T00:46:48","modified_gmt":"2026-01-24T03:46:48","slug":"fallecio-ruben-roberto-nouet-de-96-anos","status":"publish","type":"post","link":"https:\/\/eldiariodesanpedro.com.ar\/sitio\/fallecio-ruben-roberto-nouet-de-96-anos\/","title":{"rendered":"Falleci\u00f3 Rub\u00e9n Roberto Nouet, de 96 a\u00f1os"},"content":{"rendered":"<!-- VideographyWP Plugin Message: Automatic video embedding prevented by plugin options. -->\n\n<p>Rub\u00e9n Roberto Nouet, de 96 a\u00f1os, falleci\u00f3 y sus restos son velados en la sala N\u00b04 de COOPSER hasta este viernes.<\/p>\n\n\n\n<p><strong>Falleci\u00f3 Rub\u00e9n Roberto Nouet, de 96 a\u00f1os<\/strong>, seg\u00fan informaron los servicios sociales de <strong>COOPSER<\/strong>.<br>La despedida se lleva adelante en la <strong>Sala Velatoria N.\u00ba 4<\/strong>, ubicada en <strong>3 de Febrero 1475<\/strong>, en San Pedro.<\/p>\n\n\n\n<p>El <strong>servicio se extender\u00e1 hasta las 09:00 del viernes 12 de diciembre de 2025<\/strong>, momento en que se realizar\u00e1 la \u00faltima ceremonia de acompa\u00f1amiento familiar.<\/p>\n\n\n\n<p>Desde la cooperativa informaron que se encuentran a disposici\u00f3n para brindar asistencia a los allegados en este dif\u00edcil momento.<\/p>\n\n\n\n<p>#Obituario #SanPedro #Fallecimiento #ServiciosSociales #COOPSER<\/p>\n","protected":false},"excerpt":{"rendered":"<p>Rub\u00e9n Roberto Nouet, de 96 a\u00f1os, falleci\u00f3 y sus restos son velados en la sala N\u00b04 de COOPSER hasta este viernes. Falleci\u00f3 Rub\u00e9n Roberto Nouet, de 96 a\u00f1os, seg\u00fan informaron los servicios sociales de COOPSER.La despedida se lleva adelante en la Sala Velatoria N.\u00ba 4, ubicada en 3 de Febrero 1475, en San Pedro. El [&hellip;]<\/p>\n","protected":false},"author":4,"featured_media":113757,"comment_status":"closed","ping_status":"closed","sticky":false,"template":"","format":"standard","meta":{"om_disable_all_campaigns":false,"_jetpack_memberships_contains_paid_content":false,"footnotes":""},"categories":[8424],"tags":[7864,5112,7863,6823,5890,5111],"class_list":["post-145898","post","type-post","status-publish","format-standard","has-post-thumbnail","hentry","category-necrologicas","tag-fallecio-96-anos","tag-obituario-san-pedro","tag-ruben-roberto-nouet","tag-sala-velatoria-3-de-febrero","tag-servicios-sociales-coopser","tag-velatorio-san-pedro"],"aioseo_notices":[],"gutentor_comment":0,"jetpack_featured_media_url":"https:\/\/eldiariodesanpedro.com.ar\/sitio\/wp-content\/uploads\/2023\/01\/necrologicas.jpg","jetpack_shortlink":"https:\/\/wp.me\/p6RhLt-BXc","jetpack_sharing_enabled":true,"_links":{"self":[{"href":"https:\/\/eldiariodesanpedro.com.ar\/sitio\/wp-json\/wp\/v2\/posts\/145898","targetHints":{"allow":["GET"]}}],"collection":[{"href":"https:\/\/eldiariodesanpedro.com.ar\/sitio\/wp-json\/wp\/v2\/posts"}],"about":[{"href":"https:\/\/eldiariodesanpedro.com.ar\/sitio\/wp-json\/wp\/v2\/types\/post"}],"author":[{"embeddable":true,"href":"https:\/\/eldiariodesanpedro.com.ar\/sitio\/wp-json\/wp\/v2\/users\/4"}],"replies":[{"embeddable":true,"href":"https:\/\/eldiariodesanpedro.com.ar\/sitio\/wp-json\/wp\/v2\/comments?post=145898"}],"version-history":[{"count":1,"href":"https:\/\/eldiariodesanpedro.com.ar\/sitio\/wp-json\/wp\/v2\/posts\/145898\/revisions"}],"predecessor-version":[{"id":145899,"href":"https:\/\/eldiariodesanpedro.com.ar\/sitio\/wp-json\/wp\/v2\/posts\/145898\/revisions\/145899"}],"wp:featuredmedia":[{"embeddable":true,"href":"https:\/\/eldiariodesanpedro.com.ar\/sitio\/wp-json\/wp\/v2\/media\/113757"}],"wp:attachment":[{"href":"https:\/\/eldiariodesanpedro.com.ar\/sitio\/wp-json\/wp\/v2\/media?parent=145898"}],"wp:term":[{"taxonomy":"category","embeddable":true,"href":"https:\/\/eldiariodesanpedro.com.ar\/sitio\/wp-json\/wp\/v2\/categories?post=145898"},{"taxonomy":"post_tag","embeddable":true,"href":"https:\/\/eldiariodesanpedro.com.ar\/sitio\/wp-json\/wp\/v2\/tags?post=145898"}],"curies":[{"name":"wp","href":"https:\/\/api.w.org\/{rel}","templated":true}]}}