{"id":14587,"date":"2017-02-13T18:13:28","date_gmt":"2017-02-13T21:13:28","guid":{"rendered":"https:\/\/eldiariodesanpedro.com.ar\/sitio\/?p=14587"},"modified":"2017-02-13T18:21:09","modified_gmt":"2017-02-13T21:21:09","slug":"otro-auto-en-el-dia-de-hoy-a-punto-de-volcar","status":"publish","type":"post","link":"https:\/\/eldiariodesanpedro.com.ar\/sitio\/otro-auto-en-el-dia-de-hoy-a-punto-de-volcar\/","title":{"rendered":"Otro auto en el d\u00eda de hoy a punto de volcar"},"content":{"rendered":"<p><!-- VideographyWP Plugin Message: Automatic video embedding prevented by plugin options. --><br \/>\nEn la tarde de hoy alrededor de las 16:45 hs se  produjo un nuevo siniestro veh\u00edcular donde est\u00e1 vez una camioneta Kangoo color gris qued\u00f3 atascada en un puente que da a un camino lindero a la escuela N\u00b0 18 Mariano Moreno la que se ubica en ruta 191 Km 13. <\/p>\n<p>Seg\u00fan declar\u00f3 a la polic\u00eda rural quienes fueron los primero en llegar, el hombre mayor de edad que conduc\u00eda el rodado ven\u00eds circulando marcha atr\u00e1s desde el camino hacia la ruta y por un error de c\u00e1lculo la ruda trasera cae dejando colgado el veh\u00edculo. <\/p>\n<p>Esta sujeto era acompa\u00f1ado por dos personas m\u00e1s,  pero ninguno  sufri\u00f3 heridas. <\/p>\n<p>Colaborando sacando el rodado del lugar  el se\u00f1or Angel Burgos y adem\u00e1s de inspectores,  Gendarmeria y Polic\u00eda Rural. <\/p>\n","protected":false},"excerpt":{"rendered":"<p>En la tarde de hoy alrededor de las 16:45 hs se produjo un nuevo siniestro veh\u00edcular donde est\u00e1 vez una camioneta Kangoo color gris qued\u00f3 atascada en un puente que da a un camino lindero a la escuela N\u00b0 18 Mariano Moreno la que se ubica en ruta 191 Km 13. Seg\u00fan declar\u00f3 a la [&hellip;]<\/p>\n","protected":false},"author":4,"featured_media":14589,"comment_status":"open","ping_status":"closed","sticky":false,"template":"","format":"standard","meta":{"om_disable_all_campaigns":false,"_jetpack_memberships_contains_paid_content":false,"footnotes":""},"categories":[50,2,103],"tags":[],"class_list":["post-14587","post","type-post","status-publish","format-standard","has-post-thumbnail","hentry","category-destacadas","category-locales","category-policiales-locales"],"aioseo_notices":[],"gutentor_comment":0,"jetpack_featured_media_url":"https:\/\/eldiariodesanpedro.com.ar\/sitio\/wp-content\/uploads\/2017\/02\/IMG_20170213_171254041_HDR-e1487020323908.jpg","jetpack_shortlink":"https:\/\/wp.me\/p6RhLt-3Nh","jetpack_sharing_enabled":true,"_links":{"self":[{"href":"https:\/\/eldiariodesanpedro.com.ar\/sitio\/wp-json\/wp\/v2\/posts\/14587","targetHints":{"allow":["GET"]}}],"collection":[{"href":"https:\/\/eldiariodesanpedro.com.ar\/sitio\/wp-json\/wp\/v2\/posts"}],"about":[{"href":"https:\/\/eldiariodesanpedro.com.ar\/sitio\/wp-json\/wp\/v2\/types\/post"}],"author":[{"embeddable":true,"href":"https:\/\/eldiariodesanpedro.com.ar\/sitio\/wp-json\/wp\/v2\/users\/4"}],"replies":[{"embeddable":true,"href":"https:\/\/eldiariodesanpedro.com.ar\/sitio\/wp-json\/wp\/v2\/comments?post=14587"}],"version-history":[{"count":1,"href":"https:\/\/eldiariodesanpedro.com.ar\/sitio\/wp-json\/wp\/v2\/posts\/14587\/revisions"}],"predecessor-version":[{"id":14588,"href":"https:\/\/eldiariodesanpedro.com.ar\/sitio\/wp-json\/wp\/v2\/posts\/14587\/revisions\/14588"}],"wp:featuredmedia":[{"embeddable":true,"href":"https:\/\/eldiariodesanpedro.com.ar\/sitio\/wp-json\/wp\/v2\/media\/14589"}],"wp:attachment":[{"href":"https:\/\/eldiariodesanpedro.com.ar\/sitio\/wp-json\/wp\/v2\/media?parent=14587"}],"wp:term":[{"taxonomy":"category","embeddable":true,"href":"https:\/\/eldiariodesanpedro.com.ar\/sitio\/wp-json\/wp\/v2\/categories?post=14587"},{"taxonomy":"post_tag","embeddable":true,"href":"https:\/\/eldiariodesanpedro.com.ar\/sitio\/wp-json\/wp\/v2\/tags?post=14587"}],"curies":[{"name":"wp","href":"https:\/\/api.w.org\/{rel}","templated":true}]}}