{"id":145858,"date":"2025-12-11T13:45:36","date_gmt":"2025-12-11T16:45:36","guid":{"rendered":"https:\/\/eldiariodesanpedro.com.ar\/sitio\/?p=145858"},"modified":"2025-12-11T13:45:41","modified_gmt":"2025-12-11T16:45:41","slug":"inauguracion-del-playon-deportivo-en-la-escuela-secundaria-no-1-de-santa-lucia","status":"publish","type":"post","link":"https:\/\/eldiariodesanpedro.com.ar\/sitio\/inauguracion-del-playon-deportivo-en-la-escuela-secundaria-no-1-de-santa-lucia\/","title":{"rendered":"Inauguraci\u00f3n del play\u00f3n deportivo en la Escuela Secundaria N\u00ba 1 de Santa Luc\u00eda"},"content":{"rendered":"<!-- VideographyWP Plugin Message: Automatic video embedding prevented by plugin options. -->\n\n<p>Qued\u00f3 inaugurado el nuevo play\u00f3n deportivo de la Escuela Secundaria N.\u00ba 1 de Santa Luc\u00eda, un espacio clave para la comunidad educativa y local.<\/p>\n\n\n\n<p>La <strong>Escuela Secundaria N.\u00ba 1 de Santa Luc\u00eda<\/strong> inaugur\u00f3 este jueves su <strong>nuevo play\u00f3n deportivo<\/strong>, un espacio destinado tanto a la comunidad educativa como a las vecinas y vecinos de la localidad. El acto fue encabezado por el <strong>intendente Cecilio Salazar<\/strong>, junto a integrantes del equipo de gobierno, autoridades institucionales y representantes del Consejo Escolar.<\/p>\n\n\n\n<p>La obra fue financiada con recursos del <strong>Fondo Educativo Municipal<\/strong> y ejecutada a trav\u00e9s de la <strong>Secretar\u00eda de Obras P\u00fablicas<\/strong>, en articulaci\u00f3n con el \u00e1rea de Infraestructura del Consejo Escolar. Este play\u00f3n forma parte del <strong>plan de obras de infraestructura educativa<\/strong> que la Municipalidad impulsa en todo el partido, dando respuesta a una demanda hist\u00f3rica de Santa Luc\u00eda, que carec\u00eda de un espacio adecuado para actividades deportivas.<\/p>\n\n\n\n<p>Durante la ceremonia, el intendente Salazar subray\u00f3 que el play\u00f3n se proyect\u00f3 como un espacio <strong>abierto, comunitario y de uso compartido<\/strong>, cuya organizaci\u00f3n estar\u00e1 coordinada junto a la escuela para garantizar un acceso ordenado y cuidado. En medio de un <strong>contexto econ\u00f3mico complejo<\/strong>, el Jefe Comunal resalt\u00f3 la importancia de continuar concretando obras que fortalezcan la <strong>educaci\u00f3n p\u00fablica<\/strong> y mejoren la calidad de vida de las y los vecinos de San Pedro.<\/p>\n\n\n\n<p>#SantaLucia #Educacion #ObrasPublicas #PlayonDeportivo #SanPedro #Municipalidad #Inauguracion<\/p>\n\n\n\n<div class=\"wp-block-jetpack-slideshow aligncenter\" data-effect=\"slide\" style=\"--aspect-ratio:calc(946 \/ 630)\"><div class=\"wp-block-jetpack-slideshow_container swiper\"><ul class=\"wp-block-jetpack-slideshow_swiper-wrapper swiper-wrapper\"><li class=\"wp-block-jetpack-slideshow_slide swiper-slide\"><figure><img decoding=\"async\" width=\"946\" height=\"630\" alt=\"\" class=\"wp-block-jetpack-slideshow_image wp-image-145862 lazyload\" data-id=\"145862\" data-aspect-ratio=\"946 \/ 630\" data-src=\"https:\/\/eldiariodesanpedro.com.ar\/sitio\/wp-content\/uploads\/2025\/12\/Imagen-de-WhatsApp-2025-12-11-a-las-13.26.28_b3cc329a.jpg\" data-srcset=\"https:\/\/eldiariodesanpedro.com.ar\/sitio\/wp-content\/uploads\/2025\/12\/Imagen-de-WhatsApp-2025-12-11-a-las-13.26.28_b3cc329a.jpg 946w, https:\/\/eldiariodesanpedro.com.ar\/sitio\/wp-content\/uploads\/2025\/12\/Imagen-de-WhatsApp-2025-12-11-a-las-13.26.28_b3cc329a-300x200.jpg 300w, https:\/\/eldiariodesanpedro.com.ar\/sitio\/wp-content\/uploads\/2025\/12\/Imagen-de-WhatsApp-2025-12-11-a-las-13.26.28_b3cc329a-768x511.jpg 768w\" data-sizes=\"(max-width: 946px) 100vw, 946px\" src=\"data:image\/svg+xml;base64,PHN2ZyB3aWR0aD0iMSIgaGVpZ2h0PSIxIiB4bWxucz0iaHR0cDovL3d3dy53My5vcmcvMjAwMC9zdmciPjwvc3ZnPg==\" style=\"--smush-placeholder-width: 946px; --smush-placeholder-aspect-ratio: 946\/630;\" \/><\/figure><\/li><li class=\"wp-block-jetpack-slideshow_slide swiper-slide\"><figure><img decoding=\"async\" width=\"946\" height=\"630\" alt=\"\" class=\"wp-block-jetpack-slideshow_image wp-image-145861 lazyload\" data-id=\"145861\" data-aspect-ratio=\"946 \/ 630\" data-src=\"https:\/\/eldiariodesanpedro.com.ar\/sitio\/wp-content\/uploads\/2025\/12\/Imagen-de-WhatsApp-2025-12-11-a-las-13.26.28_187952d5.jpg\" data-srcset=\"https:\/\/eldiariodesanpedro.com.ar\/sitio\/wp-content\/uploads\/2025\/12\/Imagen-de-WhatsApp-2025-12-11-a-las-13.26.28_187952d5.jpg 946w, https:\/\/eldiariodesanpedro.com.ar\/sitio\/wp-content\/uploads\/2025\/12\/Imagen-de-WhatsApp-2025-12-11-a-las-13.26.28_187952d5-300x200.jpg 300w, https:\/\/eldiariodesanpedro.com.ar\/sitio\/wp-content\/uploads\/2025\/12\/Imagen-de-WhatsApp-2025-12-11-a-las-13.26.28_187952d5-768x511.jpg 768w\" data-sizes=\"(max-width: 946px) 100vw, 946px\" src=\"data:image\/svg+xml;base64,PHN2ZyB3aWR0aD0iMSIgaGVpZ2h0PSIxIiB4bWxucz0iaHR0cDovL3d3dy53My5vcmcvMjAwMC9zdmciPjwvc3ZnPg==\" style=\"--smush-placeholder-width: 946px; --smush-placeholder-aspect-ratio: 946\/630;\" \/><\/figure><\/li><li class=\"wp-block-jetpack-slideshow_slide swiper-slide\"><figure><img decoding=\"async\" width=\"946\" height=\"630\" alt=\"\" class=\"wp-block-jetpack-slideshow_image wp-image-145860 lazyload\" data-id=\"145860\" data-aspect-ratio=\"946 \/ 630\" data-src=\"https:\/\/eldiariodesanpedro.com.ar\/sitio\/wp-content\/uploads\/2025\/12\/Imagen-de-WhatsApp-2025-12-11-a-las-13.26.27_ea00f9c4.jpg\" data-srcset=\"https:\/\/eldiariodesanpedro.com.ar\/sitio\/wp-content\/uploads\/2025\/12\/Imagen-de-WhatsApp-2025-12-11-a-las-13.26.27_ea00f9c4.jpg 946w, https:\/\/eldiariodesanpedro.com.ar\/sitio\/wp-content\/uploads\/2025\/12\/Imagen-de-WhatsApp-2025-12-11-a-las-13.26.27_ea00f9c4-300x200.jpg 300w, https:\/\/eldiariodesanpedro.com.ar\/sitio\/wp-content\/uploads\/2025\/12\/Imagen-de-WhatsApp-2025-12-11-a-las-13.26.27_ea00f9c4-768x511.jpg 768w\" data-sizes=\"(max-width: 946px) 100vw, 946px\" src=\"data:image\/svg+xml;base64,PHN2ZyB3aWR0aD0iMSIgaGVpZ2h0PSIxIiB4bWxucz0iaHR0cDovL3d3dy53My5vcmcvMjAwMC9zdmciPjwvc3ZnPg==\" style=\"--smush-placeholder-width: 946px; --smush-placeholder-aspect-ratio: 946\/630;\" \/><\/figure><\/li><\/ul><a class=\"wp-block-jetpack-slideshow_button-prev swiper-button-prev swiper-button-white\" role=\"button\"><\/a><a class=\"wp-block-jetpack-slideshow_button-next swiper-button-next swiper-button-white\" role=\"button\"><\/a><a aria-label=\"Pause Slideshow\" class=\"wp-block-jetpack-slideshow_button-pause\" role=\"button\"><\/a><div class=\"wp-block-jetpack-slideshow_pagination swiper-pagination swiper-pagination-white\"><\/div><\/div><\/div>\n","protected":false},"excerpt":{"rendered":"<p>Qued\u00f3 inaugurado el nuevo play\u00f3n deportivo de la Escuela Secundaria N.\u00ba 1 de Santa Luc\u00eda, un espacio clave para la comunidad educativa y local. La Escuela Secundaria N.\u00ba 1 de Santa Luc\u00eda inaugur\u00f3 este jueves su nuevo play\u00f3n deportivo, un espacio destinado tanto a la comunidad educativa como a las vecinas y vecinos de la [&hellip;]<\/p>\n","protected":false},"author":4,"featured_media":145859,"comment_status":"closed","ping_status":"closed","sticky":false,"template":"","format":"standard","meta":{"om_disable_all_campaigns":false,"_jetpack_memberships_contains_paid_content":false,"footnotes":""},"categories":[50,101,2],"tags":[1059,7820,7823,7822,7821,19],"class_list":["post-145858","post","type-post","status-publish","format-standard","has-post-thumbnail","hentry","category-destacadas","category-interes-general-locales","category-locales","tag-cecilio-salazar","tag-escuela-secundaria-1-santa-lucia","tag-fondo-educativo-municipal","tag-obras-de-infraestructura-educativa","tag-playon-deportivo-santa-lucia","tag-san-pedro"],"aioseo_notices":[],"gutentor_comment":0,"jetpack_featured_media_url":"https:\/\/eldiariodesanpedro.com.ar\/sitio\/wp-content\/uploads\/2025\/12\/Imagen-de-WhatsApp-2025-12-11-a-las-13.26.27_d691c7bb.jpg","jetpack_shortlink":"https:\/\/wp.me\/p6RhLt-BWy","jetpack_sharing_enabled":true,"_links":{"self":[{"href":"https:\/\/eldiariodesanpedro.com.ar\/sitio\/wp-json\/wp\/v2\/posts\/145858","targetHints":{"allow":["GET"]}}],"collection":[{"href":"https:\/\/eldiariodesanpedro.com.ar\/sitio\/wp-json\/wp\/v2\/posts"}],"about":[{"href":"https:\/\/eldiariodesanpedro.com.ar\/sitio\/wp-json\/wp\/v2\/types\/post"}],"author":[{"embeddable":true,"href":"https:\/\/eldiariodesanpedro.com.ar\/sitio\/wp-json\/wp\/v2\/users\/4"}],"replies":[{"embeddable":true,"href":"https:\/\/eldiariodesanpedro.com.ar\/sitio\/wp-json\/wp\/v2\/comments?post=145858"}],"version-history":[{"count":1,"href":"https:\/\/eldiariodesanpedro.com.ar\/sitio\/wp-json\/wp\/v2\/posts\/145858\/revisions"}],"predecessor-version":[{"id":145863,"href":"https:\/\/eldiariodesanpedro.com.ar\/sitio\/wp-json\/wp\/v2\/posts\/145858\/revisions\/145863"}],"wp:featuredmedia":[{"embeddable":true,"href":"https:\/\/eldiariodesanpedro.com.ar\/sitio\/wp-json\/wp\/v2\/media\/145859"}],"wp:attachment":[{"href":"https:\/\/eldiariodesanpedro.com.ar\/sitio\/wp-json\/wp\/v2\/media?parent=145858"}],"wp:term":[{"taxonomy":"category","embeddable":true,"href":"https:\/\/eldiariodesanpedro.com.ar\/sitio\/wp-json\/wp\/v2\/categories?post=145858"},{"taxonomy":"post_tag","embeddable":true,"href":"https:\/\/eldiariodesanpedro.com.ar\/sitio\/wp-json\/wp\/v2\/tags?post=145858"}],"curies":[{"name":"wp","href":"https:\/\/api.w.org\/{rel}","templated":true}]}}