{"id":14583,"date":"2017-02-13T14:59:13","date_gmt":"2017-02-13T17:59:13","guid":{"rendered":"https:\/\/eldiariodesanpedro.com.ar\/sitio\/?p=14583"},"modified":"2017-02-13T14:59:13","modified_gmt":"2017-02-13T17:59:13","slug":"un-automovil-quedo-encajado-en-el-barro-y-casi-cae-en-un-zanjon","status":"publish","type":"post","link":"https:\/\/eldiariodesanpedro.com.ar\/sitio\/un-automovil-quedo-encajado-en-el-barro-y-casi-cae-en-un-zanjon\/","title":{"rendered":"Un autom\u00f3vil qued\u00f3 encajado en el barro y casi cae en un zanj\u00f3n"},"content":{"rendered":"<p><!-- VideographyWP Plugin Message: Automatic video embedding prevented by plugin options. --><br \/>\nEn la tarde de hoy alrededor de las 13:30 hs se produjo un despiste de un Fiat Siena gris sobre la ruta 1001,  cuando un joven de alrededor de 30 a\u00f1os intento ingresar en el camino al retiro    de San Juan a pocos metros de la quinta de MANACOR. <\/p>\n<p>En el accidente no se producieron ni da\u00f1os en el veh\u00edculo y tampoco lesiones en el conductor.<\/p>\n<p>Se present\u00f3 bomberos voluntarios con la ayuda y con la ayuda de un tractor se logr\u00f3 retirar el veh\u00edculo de donde qued\u00f3 encajado a punto de caer en la alcantarilla.  <\/p>\n","protected":false},"excerpt":{"rendered":"<p>En la tarde de hoy alrededor de las 13:30 hs se produjo un despiste de un Fiat Siena gris sobre la ruta 1001, cuando un joven de alrededor de 30 a\u00f1os intento ingresar en el camino al retiro de San Juan a pocos metros de la quinta de MANACOR. En el accidente no se producieron [&hellip;]<\/p>\n","protected":false},"author":4,"featured_media":14585,"comment_status":"open","ping_status":"closed","sticky":false,"template":"","format":"standard","meta":{"om_disable_all_campaigns":false,"_jetpack_memberships_contains_paid_content":false,"footnotes":""},"categories":[50,2,103],"tags":[],"class_list":["post-14583","post","type-post","status-publish","format-standard","has-post-thumbnail","hentry","category-destacadas","category-locales","category-policiales-locales"],"aioseo_notices":[],"gutentor_comment":0,"jetpack_featured_media_url":"https:\/\/eldiariodesanpedro.com.ar\/sitio\/wp-content\/uploads\/2017\/02\/IMG_20170213_142532656_HDR-e1487008634601.jpg","jetpack_shortlink":"https:\/\/wp.me\/p6RhLt-3Nd","jetpack_sharing_enabled":true,"_links":{"self":[{"href":"https:\/\/eldiariodesanpedro.com.ar\/sitio\/wp-json\/wp\/v2\/posts\/14583","targetHints":{"allow":["GET"]}}],"collection":[{"href":"https:\/\/eldiariodesanpedro.com.ar\/sitio\/wp-json\/wp\/v2\/posts"}],"about":[{"href":"https:\/\/eldiariodesanpedro.com.ar\/sitio\/wp-json\/wp\/v2\/types\/post"}],"author":[{"embeddable":true,"href":"https:\/\/eldiariodesanpedro.com.ar\/sitio\/wp-json\/wp\/v2\/users\/4"}],"replies":[{"embeddable":true,"href":"https:\/\/eldiariodesanpedro.com.ar\/sitio\/wp-json\/wp\/v2\/comments?post=14583"}],"version-history":[{"count":1,"href":"https:\/\/eldiariodesanpedro.com.ar\/sitio\/wp-json\/wp\/v2\/posts\/14583\/revisions"}],"predecessor-version":[{"id":14584,"href":"https:\/\/eldiariodesanpedro.com.ar\/sitio\/wp-json\/wp\/v2\/posts\/14583\/revisions\/14584"}],"wp:featuredmedia":[{"embeddable":true,"href":"https:\/\/eldiariodesanpedro.com.ar\/sitio\/wp-json\/wp\/v2\/media\/14585"}],"wp:attachment":[{"href":"https:\/\/eldiariodesanpedro.com.ar\/sitio\/wp-json\/wp\/v2\/media?parent=14583"}],"wp:term":[{"taxonomy":"category","embeddable":true,"href":"https:\/\/eldiariodesanpedro.com.ar\/sitio\/wp-json\/wp\/v2\/categories?post=14583"},{"taxonomy":"post_tag","embeddable":true,"href":"https:\/\/eldiariodesanpedro.com.ar\/sitio\/wp-json\/wp\/v2\/tags?post=14583"}],"curies":[{"name":"wp","href":"https:\/\/api.w.org\/{rel}","templated":true}]}}