{"id":14579,"date":"2017-02-13T11:07:45","date_gmt":"2017-02-13T14:07:45","guid":{"rendered":"https:\/\/eldiariodesanpedro.com.ar\/sitio\/?p=14579"},"modified":"2017-02-13T11:07:45","modified_gmt":"2017-02-13T14:07:45","slug":"una-persona-le-realizo-un-disparo-a-otra-cuando-conducia-su-auto","status":"publish","type":"post","link":"https:\/\/eldiariodesanpedro.com.ar\/sitio\/una-persona-le-realizo-un-disparo-a-otra-cuando-conducia-su-auto\/","title":{"rendered":"Una persona le realizo un disparo a otra cuando conduc\u00eda su auto"},"content":{"rendered":"<p><!-- VideographyWP Plugin Message: Automatic video embedding prevented by plugin options. --><br \/>\nEn el d\u00eda de ayer alrededor de las 11:30 hs una persona que circulaba por calle Manuel Iglesias en su veh\u00edculo Fiat Fiorino color blanco al llegar a la intersecci\u00f3n con calle Lavalle se cruza un autom\u00f3vil de color blanco que circulaba en sentido contrario a la direcci\u00f3n correspondiente pudiendo notar que el conductor llevaba en su mano izquierda extendida por la ventanilla sin arma de fuego alguna a la vista, pero al momento de pasar por al lado del otro veh\u00edculo se escucha un estruendo como de disparo de un arma. En el momento la victima no le da importancia pero al proseguir algunas cuadras mas se percata que la carrocer\u00eda se encontraba da\u00f1ada del lado izquierdo en la parte trasera media. Se investiga el hecho en preocura de individualizar a este sujeto. <\/p>\n","protected":false},"excerpt":{"rendered":"<p>En el d\u00eda de ayer alrededor de las 11:30 hs una persona que circulaba por calle Manuel Iglesias en su veh\u00edculo Fiat Fiorino color blanco al llegar a la intersecci\u00f3n con calle Lavalle se cruza un autom\u00f3vil de color blanco que circulaba en sentido contrario a la direcci\u00f3n correspondiente pudiendo notar que el conductor llevaba [&hellip;]<\/p>\n","protected":false},"author":4,"featured_media":5635,"comment_status":"open","ping_status":"closed","sticky":false,"template":"","format":"standard","meta":{"om_disable_all_campaigns":false,"_jetpack_memberships_contains_paid_content":false,"footnotes":""},"categories":[2,103],"tags":[],"class_list":["post-14579","post","type-post","status-publish","format-standard","has-post-thumbnail","hentry","category-locales","category-policiales-locales"],"aioseo_notices":[],"gutentor_comment":0,"jetpack_featured_media_url":"https:\/\/eldiariodesanpedro.com.ar\/sitio\/wp-content\/uploads\/2016\/06\/comisaria-sanpedro.jpg","jetpack_shortlink":"https:\/\/wp.me\/p6RhLt-3N9","jetpack_sharing_enabled":true,"_links":{"self":[{"href":"https:\/\/eldiariodesanpedro.com.ar\/sitio\/wp-json\/wp\/v2\/posts\/14579","targetHints":{"allow":["GET"]}}],"collection":[{"href":"https:\/\/eldiariodesanpedro.com.ar\/sitio\/wp-json\/wp\/v2\/posts"}],"about":[{"href":"https:\/\/eldiariodesanpedro.com.ar\/sitio\/wp-json\/wp\/v2\/types\/post"}],"author":[{"embeddable":true,"href":"https:\/\/eldiariodesanpedro.com.ar\/sitio\/wp-json\/wp\/v2\/users\/4"}],"replies":[{"embeddable":true,"href":"https:\/\/eldiariodesanpedro.com.ar\/sitio\/wp-json\/wp\/v2\/comments?post=14579"}],"version-history":[{"count":1,"href":"https:\/\/eldiariodesanpedro.com.ar\/sitio\/wp-json\/wp\/v2\/posts\/14579\/revisions"}],"predecessor-version":[{"id":14580,"href":"https:\/\/eldiariodesanpedro.com.ar\/sitio\/wp-json\/wp\/v2\/posts\/14579\/revisions\/14580"}],"wp:featuredmedia":[{"embeddable":true,"href":"https:\/\/eldiariodesanpedro.com.ar\/sitio\/wp-json\/wp\/v2\/media\/5635"}],"wp:attachment":[{"href":"https:\/\/eldiariodesanpedro.com.ar\/sitio\/wp-json\/wp\/v2\/media?parent=14579"}],"wp:term":[{"taxonomy":"category","embeddable":true,"href":"https:\/\/eldiariodesanpedro.com.ar\/sitio\/wp-json\/wp\/v2\/categories?post=14579"},{"taxonomy":"post_tag","embeddable":true,"href":"https:\/\/eldiariodesanpedro.com.ar\/sitio\/wp-json\/wp\/v2\/tags?post=14579"}],"curies":[{"name":"wp","href":"https:\/\/api.w.org\/{rel}","templated":true}]}}