{"id":145784,"date":"2025-12-09T10:52:19","date_gmt":"2025-12-09T13:52:19","guid":{"rendered":"https:\/\/eldiariodesanpedro.com.ar\/sitio\/?p=145784"},"modified":"2025-12-09T10:52:29","modified_gmt":"2025-12-09T13:52:29","slug":"aprehendido-por-desobediencia-un-hombre-de-50-anos-violo-una-medida-cautelar","status":"publish","type":"post","link":"https:\/\/eldiariodesanpedro.com.ar\/sitio\/aprehendido-por-desobediencia-un-hombre-de-50-anos-violo-una-medida-cautelar\/","title":{"rendered":"Aprehendido por desobediencia: un hombre de 50 a\u00f1os viol\u00f3 una medida cautelar"},"content":{"rendered":"<!-- VideographyWP Plugin Message: Automatic video embedding prevented by plugin options. -->\n\n<p>Un hombre de 50 a\u00f1os fue aprehendido tras violar una medida cautelar que proteg\u00eda a su ex pareja. Intervino la fiscal\u00eda local.<\/p>\n\n\n\n<p>En horas de la noche, <strong>personal policial aprehendi\u00f3 a un hombre de 50 a\u00f1os<\/strong> luego de un llamado de emergencia que alert\u00f3 sobre un episodio ocurrido en <strong>Avenida 3 de Febrero, entre Boulevard Mitre y Carlos Pellegrini<\/strong>.Seg\u00fan inform\u00f3 la dependencia, el individuo <strong>se encontraba transgrediendo una medida cautelar vigente a favor de su ex pareja<\/strong>, tambi\u00e9n de 50 a\u00f1os, dictada por el <strong>Juzgado de Garant\u00edas de San Nicol\u00e1s<\/strong>.<\/p>\n\n\n\n<p>La <strong>v\u00edctima fue trasladada y asistida en la Comisar\u00eda de la Mujer y la Familia<\/strong>, donde recibi\u00f3 contenci\u00f3n y asesoramiento correspondiente.<\/p>\n\n\n\n<p>El aprehendido qued\u00f3 a disposici\u00f3n de la <strong>fiscal\u00eda local<\/strong>, que orden\u00f3 la <strong>notificaci\u00f3n de la causa<\/strong>. El hombre <strong>permanece alojado en el sector de calabozos<\/strong>, a la espera de su <strong>primera remisi\u00f3n a sede fiscal<\/strong>.<\/p>\n\n\n\n<p>#Policiales #Desobediencia #SanPedro #MedidaCautelar #Aprehensi\u00f3n #Seguridad<\/p>\n\n\n<div class=\"wp-block-image\">\n<figure class=\"aligncenter size-full\"><img decoding=\"async\" width=\"357\" height=\"630\" data-attachment-id=\"145786\" data-permalink=\"https:\/\/eldiariodesanpedro.com.ar\/sitio\/aprehendido-por-desobediencia-un-hombre-de-50-anos-violo-una-medida-cautelar\/1-371\/\" data-orig-file=\"https:\/\/eldiariodesanpedro.com.ar\/sitio\/wp-content\/uploads\/2025\/12\/1-6.jpg\" data-orig-size=\"357,630\" data-comments-opened=\"0\" data-image-meta=\"{&quot;aperture&quot;:&quot;0&quot;,&quot;credit&quot;:&quot;&quot;,&quot;camera&quot;:&quot;&quot;,&quot;caption&quot;:&quot;&quot;,&quot;created_timestamp&quot;:&quot;0&quot;,&quot;copyright&quot;:&quot;&quot;,&quot;focal_length&quot;:&quot;0&quot;,&quot;iso&quot;:&quot;0&quot;,&quot;shutter_speed&quot;:&quot;0&quot;,&quot;title&quot;:&quot;&quot;,&quot;orientation&quot;:&quot;0&quot;}\" data-image-title=\"1\" data-image-description=\"\" data-image-caption=\"\" data-large-file=\"https:\/\/eldiariodesanpedro.com.ar\/sitio\/wp-content\/uploads\/2025\/12\/1-6.jpg\" data-src=\"https:\/\/eldiariodesanpedro.com.ar\/sitio\/wp-content\/uploads\/2025\/12\/1-6.jpg\" alt=\"\" class=\"wp-image-145786 lazyload\" data-srcset=\"https:\/\/eldiariodesanpedro.com.ar\/sitio\/wp-content\/uploads\/2025\/12\/1-6.jpg 357w, https:\/\/eldiariodesanpedro.com.ar\/sitio\/wp-content\/uploads\/2025\/12\/1-6-170x300.jpg 170w\" data-sizes=\"(max-width: 357px) 100vw, 357px\" src=\"data:image\/svg+xml;base64,PHN2ZyB3aWR0aD0iMSIgaGVpZ2h0PSIxIiB4bWxucz0iaHR0cDovL3d3dy53My5vcmcvMjAwMC9zdmciPjwvc3ZnPg==\" style=\"--smush-placeholder-width: 357px; --smush-placeholder-aspect-ratio: 357\/630;\" \/><\/figure>\n<\/div>","protected":false},"excerpt":{"rendered":"<p>Un hombre de 50 a\u00f1os fue aprehendido tras violar una medida cautelar que proteg\u00eda a su ex pareja. Intervino la fiscal\u00eda local. En horas de la noche, personal policial aprehendi\u00f3 a un hombre de 50 a\u00f1os luego de un llamado de emergencia que alert\u00f3 sobre un episodio ocurrido en Avenida 3 de Febrero, entre Boulevard [&hellip;]<\/p>\n","protected":false},"author":4,"featured_media":145785,"comment_status":"closed","ping_status":"closed","sticky":false,"template":"","format":"standard","meta":{"om_disable_all_campaigns":false,"_jetpack_memberships_contains_paid_content":false,"footnotes":""},"categories":[2,103],"tags":[7782,6831,7784,5418,5053,7783],"class_list":["post-145784","post","type-post","status-publish","format-standard","has-post-thumbnail","hentry","category-locales","category-policiales-locales","tag-aprehendido-por-desobediencia","tag-comisaria-de-la-mujer-2","tag-denuncia-violencia","tag-fiscalia-local","tag-policia-san-pedro","tag-violacion-de-medida-cautelar"],"aioseo_notices":[],"gutentor_comment":0,"jetpack_featured_media_url":"https:\/\/eldiariodesanpedro.com.ar\/sitio\/wp-content\/uploads\/2025\/12\/medida-1-13.jpg","jetpack_shortlink":"https:\/\/wp.me\/p6RhLt-BVm","jetpack_sharing_enabled":true,"_links":{"self":[{"href":"https:\/\/eldiariodesanpedro.com.ar\/sitio\/wp-json\/wp\/v2\/posts\/145784","targetHints":{"allow":["GET"]}}],"collection":[{"href":"https:\/\/eldiariodesanpedro.com.ar\/sitio\/wp-json\/wp\/v2\/posts"}],"about":[{"href":"https:\/\/eldiariodesanpedro.com.ar\/sitio\/wp-json\/wp\/v2\/types\/post"}],"author":[{"embeddable":true,"href":"https:\/\/eldiariodesanpedro.com.ar\/sitio\/wp-json\/wp\/v2\/users\/4"}],"replies":[{"embeddable":true,"href":"https:\/\/eldiariodesanpedro.com.ar\/sitio\/wp-json\/wp\/v2\/comments?post=145784"}],"version-history":[{"count":1,"href":"https:\/\/eldiariodesanpedro.com.ar\/sitio\/wp-json\/wp\/v2\/posts\/145784\/revisions"}],"predecessor-version":[{"id":145787,"href":"https:\/\/eldiariodesanpedro.com.ar\/sitio\/wp-json\/wp\/v2\/posts\/145784\/revisions\/145787"}],"wp:featuredmedia":[{"embeddable":true,"href":"https:\/\/eldiariodesanpedro.com.ar\/sitio\/wp-json\/wp\/v2\/media\/145785"}],"wp:attachment":[{"href":"https:\/\/eldiariodesanpedro.com.ar\/sitio\/wp-json\/wp\/v2\/media?parent=145784"}],"wp:term":[{"taxonomy":"category","embeddable":true,"href":"https:\/\/eldiariodesanpedro.com.ar\/sitio\/wp-json\/wp\/v2\/categories?post=145784"},{"taxonomy":"post_tag","embeddable":true,"href":"https:\/\/eldiariodesanpedro.com.ar\/sitio\/wp-json\/wp\/v2\/tags?post=145784"}],"curies":[{"name":"wp","href":"https:\/\/api.w.org\/{rel}","templated":true}]}}