{"id":145775,"date":"2025-12-09T10:42:04","date_gmt":"2025-12-09T13:42:04","guid":{"rendered":"https:\/\/eldiariodesanpedro.com.ar\/sitio\/?p=145775"},"modified":"2025-12-09T10:42:10","modified_gmt":"2025-12-09T13:42:10","slug":"dos-accidentes-simultaneos-dejaron-heridos-leves-en-una-tarde-con-multiples-siniestros-viales","status":"publish","type":"post","link":"https:\/\/eldiariodesanpedro.com.ar\/sitio\/dos-accidentes-simultaneos-dejaron-heridos-leves-en-una-tarde-con-multiples-siniestros-viales\/","title":{"rendered":"Dos accidentes simult\u00e1neos dejaron heridos leves en una tarde con m\u00faltiples siniestros viales"},"content":{"rendered":"<!-- VideographyWP Plugin Message: Automatic video embedding prevented by plugin options. -->\n\n<p>Dos siniestros viales ocurrieron casi al mismo tiempo este jueves por la tarde, dejando heridos leves y una jornada marcada por cuatro accidentes en pocas horas.<\/p>\n\n\n\n<p>Durante la tarde de este jueves, alrededor de las 16:30, se registraron dos accidentes de tr\u00e1nsito simult\u00e1neos, dejando como saldo dos personas con lesiones leves, una en cada hecho.<\/p>\n\n\n\n<p>El primer accidente ocurri\u00f3 en Padre Santana al 1500, donde por causas que a\u00fan se investigan colisionaron una motocicleta 70 cc y un autom\u00f3vil Volkswagen Gol. En el rodado menor viajaban una mujer y una joven, resultando herida la conductora, quien sufri\u00f3 un corte leve en la nariz.<\/p>\n\n\n\n<p>El segundo siniestro, ocurrido casi al mismo tiempo, tuvo lugar en R\u00f3mulo Nah\u00f3n y Libertad. All\u00ed, una Ford Ecosport, conducida por un hombre que circulaba junto a su familia, fue impactada en uno de sus laterales por una motocicleta 125 cc, guiada por un joven. El motociclista sufri\u00f3 heridas leves, ya que el choque no se produjo a gran velocidad.<\/p>\n\n\n\n<p>En ambos casos trabaj\u00f3 personal policial, m\u00f3viles de la Direcci\u00f3n de Tr\u00e1nsito y una ambulancia del SAME, que asistieron a los involucrados.<\/p>\n\n\n\n<p>La jornada ya hab\u00eda registrado otros dos accidentes previos. El primero, ocurrido al mediod\u00eda en Saavedra y La Laguna, dej\u00f3 a un joven internado en terapia intensiva tras chocar en motocicleta contra una camioneta. El segundo, frente al cuartel de Bomberos Voluntarios, se produjo cuando un autom\u00f3vil perdi\u00f3 el control y choc\u00f3 contra tres veh\u00edculos estacionados, provocando da\u00f1os materiales.<\/p>\n\n\n\n<p><a href=\"https:\/\/www.instagram.com\/explore\/tags\/accidentesdetransito\/\">#AccidentesDeTransito<\/a><a href=\"https:\/\/www.instagram.com\/explore\/tags\/siniestrosviales\/\">#SiniestrosViales<\/a><a href=\"https:\/\/www.instagram.com\/explore\/tags\/emergencias\/\">#Emergencias<\/a><a href=\"https:\/\/www.instagram.com\/explore\/tags\/policia\/\">#Policia<\/a><a href=\"https:\/\/www.instagram.com\/explore\/tags\/transito\/\">#Transito<\/a><a href=\"https:\/\/www.instagram.com\/explore\/tags\/same\/\">#SAME<\/a><\/p>\n\n\n\n<div class=\"wp-block-jetpack-slideshow aligncenter\" data-effect=\"slide\" style=\"--aspect-ratio:calc(640 \/ 360)\"><div class=\"wp-block-jetpack-slideshow_container swiper-container\"><ul class=\"wp-block-jetpack-slideshow_swiper-wrapper swiper-wrapper\"><li class=\"wp-block-jetpack-slideshow_slide swiper-slide\"><figure><img decoding=\"async\" width=\"1024\" height=\"576\" alt=\"\" class=\"wp-block-jetpack-slideshow_image wp-image-145777 lazyload\" data-id=\"145777\" data-aspect-ratio=\"640 \/ 360\" data-src=\"https:\/\/eldiariodesanpedro.com.ar\/sitio\/wp-content\/uploads\/2025\/12\/Imagen-de-WhatsApp-2025-12-08-a-las-17.09.55_08a2db37-1024x576.jpg\" data-srcset=\"https:\/\/eldiariodesanpedro.com.ar\/sitio\/wp-content\/uploads\/2025\/12\/Imagen-de-WhatsApp-2025-12-08-a-las-17.09.55_08a2db37-1024x576.jpg 1024w, https:\/\/eldiariodesanpedro.com.ar\/sitio\/wp-content\/uploads\/2025\/12\/Imagen-de-WhatsApp-2025-12-08-a-las-17.09.55_08a2db37-300x169.jpg 300w, https:\/\/eldiariodesanpedro.com.ar\/sitio\/wp-content\/uploads\/2025\/12\/Imagen-de-WhatsApp-2025-12-08-a-las-17.09.55_08a2db37-768x432.jpg 768w, https:\/\/eldiariodesanpedro.com.ar\/sitio\/wp-content\/uploads\/2025\/12\/Imagen-de-WhatsApp-2025-12-08-a-las-17.09.55_08a2db37.jpg 1120w\" data-sizes=\"(max-width: 1024px) 100vw, 1024px\" src=\"data:image\/svg+xml;base64,PHN2ZyB3aWR0aD0iMSIgaGVpZ2h0PSIxIiB4bWxucz0iaHR0cDovL3d3dy53My5vcmcvMjAwMC9zdmciPjwvc3ZnPg==\" style=\"--smush-placeholder-width: 1024px; --smush-placeholder-aspect-ratio: 1024\/576;\" \/><\/figure><\/li><li class=\"wp-block-jetpack-slideshow_slide swiper-slide\"><figure><img decoding=\"async\" width=\"1024\" height=\"576\" alt=\"\" class=\"wp-block-jetpack-slideshow_image wp-image-145778 lazyload\" data-id=\"145778\" data-aspect-ratio=\"640 \/ 360\" data-src=\"https:\/\/eldiariodesanpedro.com.ar\/sitio\/wp-content\/uploads\/2025\/12\/Imagen-de-WhatsApp-2025-12-08-a-las-17.09.55_28208e20-1024x576.jpg\" data-srcset=\"https:\/\/eldiariodesanpedro.com.ar\/sitio\/wp-content\/uploads\/2025\/12\/Imagen-de-WhatsApp-2025-12-08-a-las-17.09.55_28208e20-1024x576.jpg 1024w, https:\/\/eldiariodesanpedro.com.ar\/sitio\/wp-content\/uploads\/2025\/12\/Imagen-de-WhatsApp-2025-12-08-a-las-17.09.55_28208e20-300x169.jpg 300w, https:\/\/eldiariodesanpedro.com.ar\/sitio\/wp-content\/uploads\/2025\/12\/Imagen-de-WhatsApp-2025-12-08-a-las-17.09.55_28208e20-768x432.jpg 768w, https:\/\/eldiariodesanpedro.com.ar\/sitio\/wp-content\/uploads\/2025\/12\/Imagen-de-WhatsApp-2025-12-08-a-las-17.09.55_28208e20.jpg 1120w\" data-sizes=\"(max-width: 1024px) 100vw, 1024px\" src=\"data:image\/svg+xml;base64,PHN2ZyB3aWR0aD0iMSIgaGVpZ2h0PSIxIiB4bWxucz0iaHR0cDovL3d3dy53My5vcmcvMjAwMC9zdmciPjwvc3ZnPg==\" style=\"--smush-placeholder-width: 1024px; --smush-placeholder-aspect-ratio: 1024\/576;\" \/><\/figure><\/li><li class=\"wp-block-jetpack-slideshow_slide swiper-slide\"><figure><img decoding=\"async\" width=\"1024\" height=\"576\" alt=\"\" class=\"wp-block-jetpack-slideshow_image wp-image-145781 lazyload\" data-id=\"145781\" data-aspect-ratio=\"640 \/ 360\" data-src=\"https:\/\/eldiariodesanpedro.com.ar\/sitio\/wp-content\/uploads\/2025\/12\/Imagen-de-WhatsApp-2025-12-08-a-las-17.10.10_1b7b6798-1-1024x576.jpg\" data-srcset=\"https:\/\/eldiariodesanpedro.com.ar\/sitio\/wp-content\/uploads\/2025\/12\/Imagen-de-WhatsApp-2025-12-08-a-las-17.10.10_1b7b6798-1-1024x576.jpg 1024w, https:\/\/eldiariodesanpedro.com.ar\/sitio\/wp-content\/uploads\/2025\/12\/Imagen-de-WhatsApp-2025-12-08-a-las-17.10.10_1b7b6798-1-300x169.jpg 300w, https:\/\/eldiariodesanpedro.com.ar\/sitio\/wp-content\/uploads\/2025\/12\/Imagen-de-WhatsApp-2025-12-08-a-las-17.10.10_1b7b6798-1-768x432.jpg 768w, https:\/\/eldiariodesanpedro.com.ar\/sitio\/wp-content\/uploads\/2025\/12\/Imagen-de-WhatsApp-2025-12-08-a-las-17.10.10_1b7b6798-1.jpg 1120w\" data-sizes=\"(max-width: 1024px) 100vw, 1024px\" src=\"data:image\/svg+xml;base64,PHN2ZyB3aWR0aD0iMSIgaGVpZ2h0PSIxIiB4bWxucz0iaHR0cDovL3d3dy53My5vcmcvMjAwMC9zdmciPjwvc3ZnPg==\" style=\"--smush-placeholder-width: 1024px; --smush-placeholder-aspect-ratio: 1024\/576;\" \/><\/figure><\/li><li class=\"wp-block-jetpack-slideshow_slide swiper-slide\"><figure><img decoding=\"async\" width=\"1024\" height=\"576\" alt=\"\" class=\"wp-block-jetpack-slideshow_image wp-image-145782 lazyload\" data-id=\"145782\" data-aspect-ratio=\"640 \/ 360\" data-src=\"https:\/\/eldiariodesanpedro.com.ar\/sitio\/wp-content\/uploads\/2025\/12\/Imagen-de-WhatsApp-2025-12-08-a-las-17.10.10_a1903c12-1024x576.jpg\" data-srcset=\"https:\/\/eldiariodesanpedro.com.ar\/sitio\/wp-content\/uploads\/2025\/12\/Imagen-de-WhatsApp-2025-12-08-a-las-17.10.10_a1903c12-1024x576.jpg 1024w, https:\/\/eldiariodesanpedro.com.ar\/sitio\/wp-content\/uploads\/2025\/12\/Imagen-de-WhatsApp-2025-12-08-a-las-17.10.10_a1903c12-300x169.jpg 300w, https:\/\/eldiariodesanpedro.com.ar\/sitio\/wp-content\/uploads\/2025\/12\/Imagen-de-WhatsApp-2025-12-08-a-las-17.10.10_a1903c12-768x432.jpg 768w, https:\/\/eldiariodesanpedro.com.ar\/sitio\/wp-content\/uploads\/2025\/12\/Imagen-de-WhatsApp-2025-12-08-a-las-17.10.10_a1903c12.jpg 1120w\" data-sizes=\"(max-width: 1024px) 100vw, 1024px\" src=\"data:image\/svg+xml;base64,PHN2ZyB3aWR0aD0iMSIgaGVpZ2h0PSIxIiB4bWxucz0iaHR0cDovL3d3dy53My5vcmcvMjAwMC9zdmciPjwvc3ZnPg==\" style=\"--smush-placeholder-width: 1024px; --smush-placeholder-aspect-ratio: 1024\/576;\" \/><\/figure><\/li><\/ul><a class=\"wp-block-jetpack-slideshow_button-prev swiper-button-prev swiper-button-white\" role=\"button\"><\/a><a class=\"wp-block-jetpack-slideshow_button-next swiper-button-next swiper-button-white\" role=\"button\"><\/a><a aria-label=\"Pause Slideshow\" class=\"wp-block-jetpack-slideshow_button-pause\" role=\"button\"><\/a><div class=\"wp-block-jetpack-slideshow_pagination swiper-pagination swiper-pagination-white\"><\/div><\/div><\/div>\n","protected":false},"excerpt":{"rendered":"<p>Dos siniestros viales ocurrieron casi al mismo tiempo este jueves por la tarde, dejando heridos leves y una jornada marcada por cuatro accidentes en pocas horas. Durante la tarde de este jueves, alrededor de las 16:30, se registraron dos accidentes de tr\u00e1nsito simult\u00e1neos, dejando como saldo dos personas con lesiones leves, una en cada hecho. [&hellip;]<\/p>\n","protected":false},"author":4,"featured_media":145776,"comment_status":"closed","ping_status":"closed","sticky":false,"template":"","format":"standard","meta":{"om_disable_all_campaigns":false,"_jetpack_memberships_contains_paid_content":false,"footnotes":""},"categories":[2],"tags":[],"class_list":["post-145775","post","type-post","status-publish","format-standard","has-post-thumbnail","hentry","category-locales"],"aioseo_notices":[],"gutentor_comment":0,"jetpack_featured_media_url":"https:\/\/eldiariodesanpedro.com.ar\/sitio\/wp-content\/uploads\/2025\/12\/Imagen-de-WhatsApp-2025-12-08-a-las-17.10.10_1b7b6798.jpg","jetpack_shortlink":"https:\/\/wp.me\/p6RhLt-BVd","jetpack_sharing_enabled":true,"_links":{"self":[{"href":"https:\/\/eldiariodesanpedro.com.ar\/sitio\/wp-json\/wp\/v2\/posts\/145775","targetHints":{"allow":["GET"]}}],"collection":[{"href":"https:\/\/eldiariodesanpedro.com.ar\/sitio\/wp-json\/wp\/v2\/posts"}],"about":[{"href":"https:\/\/eldiariodesanpedro.com.ar\/sitio\/wp-json\/wp\/v2\/types\/post"}],"author":[{"embeddable":true,"href":"https:\/\/eldiariodesanpedro.com.ar\/sitio\/wp-json\/wp\/v2\/users\/4"}],"replies":[{"embeddable":true,"href":"https:\/\/eldiariodesanpedro.com.ar\/sitio\/wp-json\/wp\/v2\/comments?post=145775"}],"version-history":[{"count":1,"href":"https:\/\/eldiariodesanpedro.com.ar\/sitio\/wp-json\/wp\/v2\/posts\/145775\/revisions"}],"predecessor-version":[{"id":145783,"href":"https:\/\/eldiariodesanpedro.com.ar\/sitio\/wp-json\/wp\/v2\/posts\/145775\/revisions\/145783"}],"wp:featuredmedia":[{"embeddable":true,"href":"https:\/\/eldiariodesanpedro.com.ar\/sitio\/wp-json\/wp\/v2\/media\/145776"}],"wp:attachment":[{"href":"https:\/\/eldiariodesanpedro.com.ar\/sitio\/wp-json\/wp\/v2\/media?parent=145775"}],"wp:term":[{"taxonomy":"category","embeddable":true,"href":"https:\/\/eldiariodesanpedro.com.ar\/sitio\/wp-json\/wp\/v2\/categories?post=145775"},{"taxonomy":"post_tag","embeddable":true,"href":"https:\/\/eldiariodesanpedro.com.ar\/sitio\/wp-json\/wp\/v2\/tags?post=145775"}],"curies":[{"name":"wp","href":"https:\/\/api.w.org\/{rel}","templated":true}]}}