{"id":145771,"date":"2025-12-09T10:20:00","date_gmt":"2025-12-09T13:20:00","guid":{"rendered":"https:\/\/eldiariodesanpedro.com.ar\/sitio\/?p=145771"},"modified":"2025-12-09T10:20:05","modified_gmt":"2025-12-09T13:20:05","slug":"un-joven-de-22-anos-fallecio-tras-un-grave-accidente-de-transito","status":"publish","type":"post","link":"https:\/\/eldiariodesanpedro.com.ar\/sitio\/un-joven-de-22-anos-fallecio-tras-un-grave-accidente-de-transito\/","title":{"rendered":"Un joven de 22 a\u00f1os falleci\u00f3 tras un grave accidente de tr\u00e1nsito"},"content":{"rendered":"<!-- VideographyWP Plugin Message: Automatic video embedding prevented by plugin options. -->\n\n<p>Un joven de 22 a\u00f1os perdi\u00f3 la vida tras un accidente de tr\u00e1nsito registrado por una c\u00e1mara de seguridad, donde se lo ve circulando a alta velocidad y sin casco.<\/p>\n\n\n\n<p>En la jornada de ayer se registr\u00f3 un <strong>tr\u00e1gico accidente de tr\u00e1nsito<\/strong> que termin\u00f3 con la vida de un joven de 22 a\u00f1os. El hecho ocurri\u00f3 este lunes alrededor del mediod\u00eda en la esquina de Saavedra y La Laguna, cuando <strong>Cristian Tom\u00e1s Ferreyra<\/strong>, de 22 a\u00f1os, protagoniz\u00f3 un violento siniestro vial.<\/p>\n\n\n\n<p>Seg\u00fan se inform\u00f3, tras el impacto el joven fue <strong>trasladado de urgencia a la unidad de terapia intensiva<\/strong>, donde permaneci\u00f3 luchando por su vida. Sin embargo, <strong>lamentablemente falleci\u00f3 horas despu\u00e9s<\/strong> debido a la gravedad de las lesiones sufridas.<\/p>\n\n\n\n<p>El episodio qued\u00f3 <strong>registrado por una c\u00e1mara de seguridad<\/strong>, donde se observa que la v\u00edctima circulaba <strong>a alta velocidad y sin casco<\/strong>, dos factores que habr\u00edan sido determinantes en el desenlace del hecho.<\/p>\n\n\n\n<p>Las autoridades contin\u00faan con la investigaci\u00f3n para establecer con precisi\u00f3n la mec\u00e1nica del siniestro y determinar responsabilidades.<\/p>\n\n\n\n<p>#AccidenteDeTransito #JovenFallecido #SeguridadVial #SanPedro #Tragedia<\/p>\n","protected":false},"excerpt":{"rendered":"<p>Un joven de 22 a\u00f1os perdi\u00f3 la vida tras un accidente de tr\u00e1nsito registrado por una c\u00e1mara de seguridad, donde se lo ve circulando a alta velocidad y sin casco. En la jornada de ayer se registr\u00f3 un tr\u00e1gico accidente de tr\u00e1nsito que termin\u00f3 con la vida de un joven de 22 a\u00f1os. El hecho [&hellip;]<\/p>\n","protected":false},"author":4,"featured_media":145772,"comment_status":"closed","ping_status":"closed","sticky":false,"template":"","format":"standard","meta":{"om_disable_all_campaigns":false,"_jetpack_memberships_contains_paid_content":false,"footnotes":""},"categories":[50,2,103],"tags":[3612,7780,7601,7779,1667,7778,2761,7781],"class_list":["post-145771","post","type-post","status-publish","format-standard","has-post-thumbnail","hentry","category-destacadas","category-locales","category-policiales-locales","tag-accidente-de-transito-2","tag-alta-velocidad","tag-camara-de-seguridad","tag-cristian-tomas-ferreyra","tag-fallecimiento","tag-joven-22-anos","tag-seguridad-vial","tag-sin-casco"],"aioseo_notices":[],"gutentor_comment":0,"jetpack_featured_media_url":"https:\/\/eldiariodesanpedro.com.ar\/sitio\/wp-content\/uploads\/2025\/12\/Imagen-de-WhatsApp-2025-12-09-a-las-10.02.24_84b40740.jpg","jetpack_shortlink":"https:\/\/wp.me\/p6RhLt-BV9","jetpack_sharing_enabled":true,"_links":{"self":[{"href":"https:\/\/eldiariodesanpedro.com.ar\/sitio\/wp-json\/wp\/v2\/posts\/145771","targetHints":{"allow":["GET"]}}],"collection":[{"href":"https:\/\/eldiariodesanpedro.com.ar\/sitio\/wp-json\/wp\/v2\/posts"}],"about":[{"href":"https:\/\/eldiariodesanpedro.com.ar\/sitio\/wp-json\/wp\/v2\/types\/post"}],"author":[{"embeddable":true,"href":"https:\/\/eldiariodesanpedro.com.ar\/sitio\/wp-json\/wp\/v2\/users\/4"}],"replies":[{"embeddable":true,"href":"https:\/\/eldiariodesanpedro.com.ar\/sitio\/wp-json\/wp\/v2\/comments?post=145771"}],"version-history":[{"count":1,"href":"https:\/\/eldiariodesanpedro.com.ar\/sitio\/wp-json\/wp\/v2\/posts\/145771\/revisions"}],"predecessor-version":[{"id":145774,"href":"https:\/\/eldiariodesanpedro.com.ar\/sitio\/wp-json\/wp\/v2\/posts\/145771\/revisions\/145774"}],"wp:featuredmedia":[{"embeddable":true,"href":"https:\/\/eldiariodesanpedro.com.ar\/sitio\/wp-json\/wp\/v2\/media\/145772"}],"wp:attachment":[{"href":"https:\/\/eldiariodesanpedro.com.ar\/sitio\/wp-json\/wp\/v2\/media?parent=145771"}],"wp:term":[{"taxonomy":"category","embeddable":true,"href":"https:\/\/eldiariodesanpedro.com.ar\/sitio\/wp-json\/wp\/v2\/categories?post=145771"},{"taxonomy":"post_tag","embeddable":true,"href":"https:\/\/eldiariodesanpedro.com.ar\/sitio\/wp-json\/wp\/v2\/tags?post=145771"}],"curies":[{"name":"wp","href":"https:\/\/api.w.org\/{rel}","templated":true}]}}