{"id":145761,"date":"2025-12-08T16:18:54","date_gmt":"2025-12-08T19:18:54","guid":{"rendered":"https:\/\/eldiariodesanpedro.com.ar\/sitio\/?p=145761"},"modified":"2025-12-08T16:19:03","modified_gmt":"2025-12-08T19:19:03","slug":"accidente-entre-motocicleta-y-automovil-dejo-dos-mujeres-con-lesiones-leves","status":"publish","type":"post","link":"https:\/\/eldiariodesanpedro.com.ar\/sitio\/accidente-entre-motocicleta-y-automovil-dejo-dos-mujeres-con-lesiones-leves\/","title":{"rendered":"Accidente entre motocicleta y autom\u00f3vil dej\u00f3 dos mujeres con lesiones leves"},"content":{"rendered":"<!-- VideographyWP Plugin Message: Automatic video embedding prevented by plugin options. -->\n\n<p>Dos mujeres resultaron con lesiones leves tras un choque entre una motocicleta y un autom\u00f3vil en Boulevard Moreno e Ituzaing\u00f3. Intervino Fiscal\u00eda N\u00b07.<\/p>\n\n\n\n<p>En la tarde de ayer se registr\u00f3 un <strong>accidente de tr\u00e1nsito<\/strong> en la intersecci\u00f3n de <strong>Boulevard Moreno e Ituzaing\u00f3<\/strong>, donde por causas que se investigan colisionaron una <strong>motocicleta Motomel Blitz azul<\/strong> y un <strong>autom\u00f3vil Peugeot 307 gris<\/strong>.<\/p>\n\n\n\n<p>El rodado menor era guiado por una <strong>mujer de 56 a\u00f1os<\/strong>, quien viajaba acompa\u00f1ada por una <strong>joven de 18 a\u00f1os<\/strong>, mientras que el veh\u00edculo de mayor porte era conducido por un <strong>hombre de 65 a\u00f1os<\/strong>.<\/p>\n\n\n\n<p>Como consecuencia del impacto, <strong>ambas ocupantes de la motocicleta fueron trasladadas al hospital local<\/strong>, donde se constat\u00f3 que presentaban <strong>lesiones de car\u00e1cter leves<\/strong>.<br>La <strong>Fiscal\u00eda N\u00b07<\/strong> tom\u00f3 intervenci\u00f3n en el hecho para establecer las circunstancias del siniestro.<\/p>\n\n\n\n<p>#AccidenteDeTr\u00e1nsito #Policiales #LesionesLeves #BoulevardMoreno #Ituzaing\u00f3 #SanPedro #Motocicleta #Peugeot307<\/p>\n","protected":false},"excerpt":{"rendered":"<p>Dos mujeres resultaron con lesiones leves tras un choque entre una motocicleta y un autom\u00f3vil en Boulevard Moreno e Ituzaing\u00f3. Intervino Fiscal\u00eda N\u00b07. En la tarde de ayer se registr\u00f3 un accidente de tr\u00e1nsito en la intersecci\u00f3n de Boulevard Moreno e Ituzaing\u00f3, donde por causas que se investigan colisionaron una motocicleta Motomel Blitz azul y [&hellip;]<\/p>\n","protected":false},"author":4,"featured_media":145762,"comment_status":"closed","ping_status":"closed","sticky":false,"template":"","format":"standard","meta":{"om_disable_all_campaigns":false,"_jetpack_memberships_contains_paid_content":false,"footnotes":""},"categories":[2,103],"tags":[3612,3624,7042,5832,7775,3951,1068,19],"class_list":["post-145761","post","type-post","status-publish","format-standard","has-post-thumbnail","hentry","category-locales","category-policiales-locales","tag-accidente-de-transito-2","tag-automovil-2","tag-boulevard-moreno","tag-fiscalia-n7","tag-ituzaingo","tag-lesiones-leves","tag-motocicleta","tag-san-pedro"],"aioseo_notices":[],"gutentor_comment":0,"jetpack_featured_media_url":"https:\/\/eldiariodesanpedro.com.ar\/sitio\/wp-content\/uploads\/2025\/12\/medida-1-12.jpg","jetpack_shortlink":"https:\/\/wp.me\/p6RhLt-BUZ","jetpack_sharing_enabled":true,"_links":{"self":[{"href":"https:\/\/eldiariodesanpedro.com.ar\/sitio\/wp-json\/wp\/v2\/posts\/145761","targetHints":{"allow":["GET"]}}],"collection":[{"href":"https:\/\/eldiariodesanpedro.com.ar\/sitio\/wp-json\/wp\/v2\/posts"}],"about":[{"href":"https:\/\/eldiariodesanpedro.com.ar\/sitio\/wp-json\/wp\/v2\/types\/post"}],"author":[{"embeddable":true,"href":"https:\/\/eldiariodesanpedro.com.ar\/sitio\/wp-json\/wp\/v2\/users\/4"}],"replies":[{"embeddable":true,"href":"https:\/\/eldiariodesanpedro.com.ar\/sitio\/wp-json\/wp\/v2\/comments?post=145761"}],"version-history":[{"count":1,"href":"https:\/\/eldiariodesanpedro.com.ar\/sitio\/wp-json\/wp\/v2\/posts\/145761\/revisions"}],"predecessor-version":[{"id":145763,"href":"https:\/\/eldiariodesanpedro.com.ar\/sitio\/wp-json\/wp\/v2\/posts\/145761\/revisions\/145763"}],"wp:featuredmedia":[{"embeddable":true,"href":"https:\/\/eldiariodesanpedro.com.ar\/sitio\/wp-json\/wp\/v2\/media\/145762"}],"wp:attachment":[{"href":"https:\/\/eldiariodesanpedro.com.ar\/sitio\/wp-json\/wp\/v2\/media?parent=145761"}],"wp:term":[{"taxonomy":"category","embeddable":true,"href":"https:\/\/eldiariodesanpedro.com.ar\/sitio\/wp-json\/wp\/v2\/categories?post=145761"},{"taxonomy":"post_tag","embeddable":true,"href":"https:\/\/eldiariodesanpedro.com.ar\/sitio\/wp-json\/wp\/v2\/tags?post=145761"}],"curies":[{"name":"wp","href":"https:\/\/api.w.org\/{rel}","templated":true}]}}