{"id":145742,"date":"2025-12-08T10:47:17","date_gmt":"2025-12-08T13:47:17","guid":{"rendered":"https:\/\/eldiariodesanpedro.com.ar\/sitio\/?p=145742"},"modified":"2026-01-24T00:46:48","modified_gmt":"2026-01-24T03:46:48","slug":"fallecio-martha-ibern-92-anos","status":"publish","type":"post","link":"https:\/\/eldiariodesanpedro.com.ar\/sitio\/fallecio-martha-ibern-92-anos\/","title":{"rendered":"Falleci\u00f3 Martha Ibern, 92 a\u00f1os"},"content":{"rendered":"<!-- VideographyWP Plugin Message: Automatic video embedding prevented by plugin options. -->\n\n<p>Despidieron a Martha Ibern, de 92 a\u00f1os, cuyo servicio velatorio se realiz\u00f3 en la sala N\u00b04 de COOPSER hasta las 15:00 del lunes 8 de diciembre.<\/p>\n\n\n\n<p>La comunidad despide a <strong>Martha Ibern<\/strong>, quien falleci\u00f3 a los <strong>92 a\u00f1os<\/strong>. Su <strong>velatorio se llev\u00f3 a cabo en la Sala N\u00b04<\/strong>, ubicada en <strong>3 de Febrero 1475<\/strong>, bajo el servicio de <strong>COOPSER Servicios Sociales<\/strong>.<\/p>\n\n\n\n<p>El <strong>servicio velatorio<\/strong> se extendi\u00f3 <strong>hasta las 15:00 horas del lunes 8 de diciembre de 2025<\/strong>, momento en el que familiares y allegados brindaron su \u00faltimo adi\u00f3s.<\/p>\n\n\n\n<p>#Obituario #MarthaIbern #Fallecimiento #SanPedro #COOPSER<\/p>\n","protected":false},"excerpt":{"rendered":"<p>Despidieron a Martha Ibern, de 92 a\u00f1os, cuyo servicio velatorio se realiz\u00f3 en la sala N\u00b04 de COOPSER hasta las 15:00 del lunes 8 de diciembre. La comunidad despide a Martha Ibern, quien falleci\u00f3 a los 92 a\u00f1os. Su velatorio se llev\u00f3 a cabo en la Sala N\u00b04, ubicada en 3 de Febrero 1475, bajo [&hellip;]<\/p>\n","protected":false},"author":4,"featured_media":113757,"comment_status":"closed","ping_status":"closed","sticky":false,"template":"","format":"standard","meta":{"om_disable_all_campaigns":false,"_jetpack_memberships_contains_paid_content":false,"footnotes":""},"categories":[8424],"tags":[7761,7760,7763,6484,7762],"class_list":["post-145742","post","type-post","status-publish","format-standard","has-post-thumbnail","hentry","category-necrologicas","tag-fallecimiento-92-anos","tag-obituario-martha-ibern","tag-sala-velatoria-4","tag-san-pedro-noticias","tag-servicio-velatorio-coopser"],"aioseo_notices":[],"gutentor_comment":0,"jetpack_featured_media_url":"https:\/\/eldiariodesanpedro.com.ar\/sitio\/wp-content\/uploads\/2023\/01\/necrologicas.jpg","jetpack_shortlink":"https:\/\/wp.me\/p6RhLt-BUG","jetpack_sharing_enabled":true,"_links":{"self":[{"href":"https:\/\/eldiariodesanpedro.com.ar\/sitio\/wp-json\/wp\/v2\/posts\/145742","targetHints":{"allow":["GET"]}}],"collection":[{"href":"https:\/\/eldiariodesanpedro.com.ar\/sitio\/wp-json\/wp\/v2\/posts"}],"about":[{"href":"https:\/\/eldiariodesanpedro.com.ar\/sitio\/wp-json\/wp\/v2\/types\/post"}],"author":[{"embeddable":true,"href":"https:\/\/eldiariodesanpedro.com.ar\/sitio\/wp-json\/wp\/v2\/users\/4"}],"replies":[{"embeddable":true,"href":"https:\/\/eldiariodesanpedro.com.ar\/sitio\/wp-json\/wp\/v2\/comments?post=145742"}],"version-history":[{"count":1,"href":"https:\/\/eldiariodesanpedro.com.ar\/sitio\/wp-json\/wp\/v2\/posts\/145742\/revisions"}],"predecessor-version":[{"id":145743,"href":"https:\/\/eldiariodesanpedro.com.ar\/sitio\/wp-json\/wp\/v2\/posts\/145742\/revisions\/145743"}],"wp:featuredmedia":[{"embeddable":true,"href":"https:\/\/eldiariodesanpedro.com.ar\/sitio\/wp-json\/wp\/v2\/media\/113757"}],"wp:attachment":[{"href":"https:\/\/eldiariodesanpedro.com.ar\/sitio\/wp-json\/wp\/v2\/media?parent=145742"}],"wp:term":[{"taxonomy":"category","embeddable":true,"href":"https:\/\/eldiariodesanpedro.com.ar\/sitio\/wp-json\/wp\/v2\/categories?post=145742"},{"taxonomy":"post_tag","embeddable":true,"href":"https:\/\/eldiariodesanpedro.com.ar\/sitio\/wp-json\/wp\/v2\/tags?post=145742"}],"curies":[{"name":"wp","href":"https:\/\/api.w.org\/{rel}","templated":true}]}}