{"id":145708,"date":"2025-12-05T17:18:48","date_gmt":"2025-12-05T20:18:48","guid":{"rendered":"https:\/\/eldiariodesanpedro.com.ar\/sitio\/?p=145708"},"modified":"2025-12-05T17:30:42","modified_gmt":"2025-12-05T20:30:42","slug":"ceremonia-de-jura-definira-las-nuevas-autoridades-del-concejo-deliberante-y-el-consejo-escolar","status":"publish","type":"post","link":"https:\/\/eldiariodesanpedro.com.ar\/sitio\/ceremonia-de-jura-definira-las-nuevas-autoridades-del-concejo-deliberante-y-el-consejo-escolar\/","title":{"rendered":"Ceremonia de jura definir\u00e1 las nuevas autoridades del Concejo Deliberante y el Consejo Escolar"},"content":{"rendered":"<!-- VideographyWP Plugin Message: Automatic video embedding prevented by plugin options. -->\n\n<p>La jura de concejales y consejeros escolares marcar\u00e1 el inicio de un nuevo per\u00edodo pol\u00edtico, en medio de negociaciones por la conducci\u00f3n de ambos cuerpos.<\/p>\n\n\n\n<p>Este viernes se llevar\u00e1 a cabo la <strong>ceremonia de jura de los concejales y consejeros escolares electos<\/strong>, en el marco de las sesiones preparatorias que definir\u00e1n a las <strong>nuevas autoridades<\/strong> de ambos cuerpos deliberativos. El proceso se desarrolla en un contexto de <strong>negociaciones pol\u00edticas<\/strong> que buscan establecer un nuevo equilibrio interno.<\/p>\n\n\n\n<p>La <strong>jura de los consejeros escolares<\/strong> est\u00e1 prevista para las <strong>17 horas<\/strong>, mientras que el <strong>acto del Honorable Concejo Deliberante<\/strong> se iniciar\u00e1 a las <strong>19 horas<\/strong>.<\/p>\n\n\n\n<p>Asumir\u00e1n sus bancas <strong>nueve concejales<\/strong>, conforme al resultado de los \u00faltimos comicios:<\/p>\n\n\n\n<ul class=\"wp-block-list\">\n<li><strong>La Libertad Avanza (LLA):<\/strong> Ariel Rey, Melina Panatteri, Joaqu\u00edn Gonz\u00e1lez y Mariana Reynoso.<\/li>\n\n\n\n<li><strong>Fuerza Patria:<\/strong> Valent\u00edn Bravo, Candelaria Cuscuela y Mart\u00edn Baraybar.<\/li>\n\n\n\n<li><strong>Nuevos Aires:<\/strong> Dami\u00e1n Mosquera y Bel\u00e9n Santos.<\/li>\n<\/ul>\n\n\n\n<p>Estos ediles se sumar\u00e1n a quienes contin\u00faan en funciones cumpliendo los dos a\u00f1os restantes de sus mandatos:<\/p>\n\n\n\n<ul class=\"wp-block-list\">\n<li><strong>Fuerza Patria:<\/strong> Cristian Leguizam\u00f3n, Juan Cruz Gonz\u00e1lez, Tamara Vlaeminck y Soledad Llul.<\/li>\n\n\n\n<li><strong>UCR:<\/strong> Paola Basso.<\/li>\n\n\n\n<li><strong>Vecinos de San Pedro:<\/strong> Mauro De Rosa y Fernando Negrete.<\/li>\n\n\n\n<li><strong>La Libertad Avanza (LLA):<\/strong> Diego Lafalce.<\/li>\n\n\n\n<li><strong>Acuerdo Ciudadano:<\/strong> Mart\u00edn Rivas.<\/li>\n<\/ul>\n\n\n\n<p>Tambi\u00e9n se llevar\u00e1 adelante la jura y sesi\u00f3n preparatoria para la <strong>renovaci\u00f3n de autoridades del Consejo Escolar<\/strong>, donde asumir\u00e1n <strong>Marianela Rottenschweiler, Fernando Jos\u00e9 Geoghegan y Leonor Parra<\/strong>.<\/p>\n\n\n\n<p>Las <strong>negociaciones contin\u00faan abiertas<\/strong> hasta \u00faltimo momento para definir las <strong>presidencias y secretar\u00edas<\/strong> de ambos organismos, decisiones que ordenar\u00e1n la <strong>conducci\u00f3n pol\u00edtica del nuevo per\u00edodo institucional<\/strong>.<\/p>\n\n\n\n<p>#Pol\u00edtica #HCD #ConsejoEscolar #JuradeConcejales #JuradeConsejeros #Institucional #SanPedro<\/p>\n","protected":false},"excerpt":{"rendered":"<p>La jura de concejales y consejeros escolares marcar\u00e1 el inicio de un nuevo per\u00edodo pol\u00edtico, en medio de negociaciones por la conducci\u00f3n de ambos cuerpos. Este viernes se llevar\u00e1 a cabo la ceremonia de jura de los concejales y consejeros escolares electos, en el marco de las sesiones preparatorias que definir\u00e1n a las nuevas autoridades [&hellip;]<\/p>\n","protected":false},"author":4,"featured_media":102760,"comment_status":"closed","ping_status":"closed","sticky":false,"template":"","format":"standard","meta":{"om_disable_all_campaigns":false,"_jetpack_memberships_contains_paid_content":false,"footnotes":""},"categories":[50,101,2],"tags":[7737,7734,1373,7735,5782,19,7736],"class_list":["post-145708","post","type-post","status-publish","format-standard","has-post-thumbnail","hentry","category-destacadas","category-interes-general-locales","category-locales","tag-autoridades-hcd","tag-concejales-electos","tag-consejo-escolar","tag-jura","tag-politica-local","tag-san-pedro","tag-sesion-preparatoria"],"aioseo_notices":[],"gutentor_comment":0,"jetpack_featured_media_url":"https:\/\/eldiariodesanpedro.com.ar\/sitio\/wp-content\/uploads\/2022\/01\/Municipalidad-e1422657513131.jpg","jetpack_shortlink":"https:\/\/wp.me\/p6RhLt-BU8","jetpack_sharing_enabled":true,"_links":{"self":[{"href":"https:\/\/eldiariodesanpedro.com.ar\/sitio\/wp-json\/wp\/v2\/posts\/145708","targetHints":{"allow":["GET"]}}],"collection":[{"href":"https:\/\/eldiariodesanpedro.com.ar\/sitio\/wp-json\/wp\/v2\/posts"}],"about":[{"href":"https:\/\/eldiariodesanpedro.com.ar\/sitio\/wp-json\/wp\/v2\/types\/post"}],"author":[{"embeddable":true,"href":"https:\/\/eldiariodesanpedro.com.ar\/sitio\/wp-json\/wp\/v2\/users\/4"}],"replies":[{"embeddable":true,"href":"https:\/\/eldiariodesanpedro.com.ar\/sitio\/wp-json\/wp\/v2\/comments?post=145708"}],"version-history":[{"count":2,"href":"https:\/\/eldiariodesanpedro.com.ar\/sitio\/wp-json\/wp\/v2\/posts\/145708\/revisions"}],"predecessor-version":[{"id":145710,"href":"https:\/\/eldiariodesanpedro.com.ar\/sitio\/wp-json\/wp\/v2\/posts\/145708\/revisions\/145710"}],"wp:featuredmedia":[{"embeddable":true,"href":"https:\/\/eldiariodesanpedro.com.ar\/sitio\/wp-json\/wp\/v2\/media\/102760"}],"wp:attachment":[{"href":"https:\/\/eldiariodesanpedro.com.ar\/sitio\/wp-json\/wp\/v2\/media?parent=145708"}],"wp:term":[{"taxonomy":"category","embeddable":true,"href":"https:\/\/eldiariodesanpedro.com.ar\/sitio\/wp-json\/wp\/v2\/categories?post=145708"},{"taxonomy":"post_tag","embeddable":true,"href":"https:\/\/eldiariodesanpedro.com.ar\/sitio\/wp-json\/wp\/v2\/tags?post=145708"}],"curies":[{"name":"wp","href":"https:\/\/api.w.org\/{rel}","templated":true}]}}