{"id":145704,"date":"2025-12-05T16:51:56","date_gmt":"2025-12-05T19:51:56","guid":{"rendered":"https:\/\/eldiariodesanpedro.com.ar\/sitio\/?p=145704"},"modified":"2025-12-05T16:52:03","modified_gmt":"2025-12-05T19:52:03","slug":"aprehendido-por-amenazas-con-arma-blanca-a-una-vecina","status":"publish","type":"post","link":"https:\/\/eldiariodesanpedro.com.ar\/sitio\/aprehendido-por-amenazas-con-arma-blanca-a-una-vecina\/","title":{"rendered":"Aprehendido por amenazas con arma blanca a una vecina"},"content":{"rendered":"<!-- VideographyWP Plugin Message: Automatic video embedding prevented by plugin options. -->\n\n<p>Un hombre de 37 a\u00f1os fue aprehendido en la zona portuaria tras amenazar de muerte con un arma blanca a una vecina de 35 a\u00f1os.<\/p>\n\n\n\n<p>Ayer por la tarde, <strong>personal policial<\/strong> intervino en la <strong>zona portuaria<\/strong> luego de <strong>reiterados llamados al 911<\/strong>, logrando la <strong>aprehensi\u00f3n de un hombre de 37 a\u00f1os<\/strong> que, seg\u00fan informaron, <strong>amenaz\u00f3 de muerte con un arma blanca<\/strong> a una mujer de 35 a\u00f1os, vecina del agresor.<\/p>\n\n\n\n<p>Tras el procedimiento, el imputado fue <strong>trasladado a la dependencia policial<\/strong> y qued\u00f3 <strong>imputado por el delito de <em>Amenazas Agravadas<\/em><\/strong>, quedando <strong>a disposici\u00f3n de la Justicia<\/strong> para la continuidad de las actuaciones correspondientes.<\/p>\n\n\n\n<p>#Policiales #Seguridad #AmenazasAgravadas #Aprehensi\u00f3n #ZonaPortuaria #SanPedro<\/p>\n\n\n\n<figure class=\"wp-block-image size-full\"><img decoding=\"async\" width=\"839\" height=\"630\" data-attachment-id=\"145706\" data-permalink=\"https:\/\/eldiariodesanpedro.com.ar\/sitio\/aprehendido-por-amenazas-con-arma-blanca-a-una-vecina\/6-69\/\" data-orig-file=\"https:\/\/eldiariodesanpedro.com.ar\/sitio\/wp-content\/uploads\/2025\/12\/6-1.jpg\" data-orig-size=\"839,630\" data-comments-opened=\"0\" data-image-meta=\"{&quot;aperture&quot;:&quot;0&quot;,&quot;credit&quot;:&quot;&quot;,&quot;camera&quot;:&quot;&quot;,&quot;caption&quot;:&quot;&quot;,&quot;created_timestamp&quot;:&quot;0&quot;,&quot;copyright&quot;:&quot;&quot;,&quot;focal_length&quot;:&quot;0&quot;,&quot;iso&quot;:&quot;0&quot;,&quot;shutter_speed&quot;:&quot;0&quot;,&quot;title&quot;:&quot;&quot;,&quot;orientation&quot;:&quot;0&quot;}\" data-image-title=\"6\" data-image-description=\"\" data-image-caption=\"\" data-large-file=\"https:\/\/eldiariodesanpedro.com.ar\/sitio\/wp-content\/uploads\/2025\/12\/6-1.jpg\" data-src=\"https:\/\/eldiariodesanpedro.com.ar\/sitio\/wp-content\/uploads\/2025\/12\/6-1.jpg\" alt=\"\" class=\"wp-image-145706 lazyload\" data-srcset=\"https:\/\/eldiariodesanpedro.com.ar\/sitio\/wp-content\/uploads\/2025\/12\/6-1.jpg 839w, https:\/\/eldiariodesanpedro.com.ar\/sitio\/wp-content\/uploads\/2025\/12\/6-1-300x225.jpg 300w, https:\/\/eldiariodesanpedro.com.ar\/sitio\/wp-content\/uploads\/2025\/12\/6-1-768x577.jpg 768w, https:\/\/eldiariodesanpedro.com.ar\/sitio\/wp-content\/uploads\/2025\/12\/6-1-272x204.jpg 272w\" data-sizes=\"(max-width: 839px) 100vw, 839px\" src=\"data:image\/svg+xml;base64,PHN2ZyB3aWR0aD0iMSIgaGVpZ2h0PSIxIiB4bWxucz0iaHR0cDovL3d3dy53My5vcmcvMjAwMC9zdmciPjwvc3ZnPg==\" style=\"--smush-placeholder-width: 839px; --smush-placeholder-aspect-ratio: 839\/630;\" \/><\/figure>\n","protected":false},"excerpt":{"rendered":"<p>Un hombre de 37 a\u00f1os fue aprehendido en la zona portuaria tras amenazar de muerte con un arma blanca a una vecina de 35 a\u00f1os. Ayer por la tarde, personal policial intervino en la zona portuaria luego de reiterados llamados al 911, logrando la aprehensi\u00f3n de un hombre de 37 a\u00f1os que, seg\u00fan informaron, amenaz\u00f3 [&hellip;]<\/p>\n","protected":false},"author":4,"featured_media":145705,"comment_status":"closed","ping_status":"closed","sticky":false,"template":"","format":"standard","meta":{"om_disable_all_campaigns":false,"_jetpack_memberships_contains_paid_content":false,"footnotes":""},"categories":[2,103],"tags":[5141,7034,918,4055,5053,7733],"class_list":["post-145704","post","type-post","status-publish","format-standard","has-post-thumbnail","hentry","category-locales","category-policiales-locales","tag-amenazas-agravadas","tag-aprehension-por-amenazas","tag-arma-blanca","tag-operativo-policial","tag-policia-san-pedro","tag-zona-portuaria"],"aioseo_notices":[],"gutentor_comment":0,"jetpack_featured_media_url":"https:\/\/eldiariodesanpedro.com.ar\/sitio\/wp-content\/uploads\/2025\/12\/medida-1-7.jpg","jetpack_shortlink":"https:\/\/wp.me\/p6RhLt-BU4","jetpack_sharing_enabled":true,"_links":{"self":[{"href":"https:\/\/eldiariodesanpedro.com.ar\/sitio\/wp-json\/wp\/v2\/posts\/145704","targetHints":{"allow":["GET"]}}],"collection":[{"href":"https:\/\/eldiariodesanpedro.com.ar\/sitio\/wp-json\/wp\/v2\/posts"}],"about":[{"href":"https:\/\/eldiariodesanpedro.com.ar\/sitio\/wp-json\/wp\/v2\/types\/post"}],"author":[{"embeddable":true,"href":"https:\/\/eldiariodesanpedro.com.ar\/sitio\/wp-json\/wp\/v2\/users\/4"}],"replies":[{"embeddable":true,"href":"https:\/\/eldiariodesanpedro.com.ar\/sitio\/wp-json\/wp\/v2\/comments?post=145704"}],"version-history":[{"count":1,"href":"https:\/\/eldiariodesanpedro.com.ar\/sitio\/wp-json\/wp\/v2\/posts\/145704\/revisions"}],"predecessor-version":[{"id":145707,"href":"https:\/\/eldiariodesanpedro.com.ar\/sitio\/wp-json\/wp\/v2\/posts\/145704\/revisions\/145707"}],"wp:featuredmedia":[{"embeddable":true,"href":"https:\/\/eldiariodesanpedro.com.ar\/sitio\/wp-json\/wp\/v2\/media\/145705"}],"wp:attachment":[{"href":"https:\/\/eldiariodesanpedro.com.ar\/sitio\/wp-json\/wp\/v2\/media?parent=145704"}],"wp:term":[{"taxonomy":"category","embeddable":true,"href":"https:\/\/eldiariodesanpedro.com.ar\/sitio\/wp-json\/wp\/v2\/categories?post=145704"},{"taxonomy":"post_tag","embeddable":true,"href":"https:\/\/eldiariodesanpedro.com.ar\/sitio\/wp-json\/wp\/v2\/tags?post=145704"}],"curies":[{"name":"wp","href":"https:\/\/api.w.org\/{rel}","templated":true}]}}