{"id":145701,"date":"2025-12-05T16:29:46","date_gmt":"2025-12-05T19:29:46","guid":{"rendered":"https:\/\/eldiariodesanpedro.com.ar\/sitio\/?p=145701"},"modified":"2025-12-05T16:29:50","modified_gmt":"2025-12-05T19:29:50","slug":"accidentes-de-transito-con-dos-heridos-leves-en-distintos-hechos","status":"publish","type":"post","link":"https:\/\/eldiariodesanpedro.com.ar\/sitio\/accidentes-de-transito-con-dos-heridos-leves-en-distintos-hechos\/","title":{"rendered":"Accidentes de tr\u00e1nsito con dos heridos leves en distintos hechos"},"content":{"rendered":"<!-- VideographyWP Plugin Message: Automatic video embedding prevented by plugin options. -->\n\n<p>Dos siniestros viales registrados en la ciudad dejaron como saldo dos heridos leves, tras intervenciones policiales y m\u00e9dicas en Lavalle y 11 de Septiembre y en Rivadavia e Yrigoyen.<\/p>\n\n\n\n<p>En la jornada de ayer, <strong>personal policial acudi\u00f3 a dos siniestros viales<\/strong> registrados en distintos puntos de la ciudad, ambos reportados a trav\u00e9s del servicio de <strong>emergencias 911<\/strong>.<\/p>\n\n\n\n<p>El primero ocurri\u00f3 en la intersecci\u00f3n de <strong>Lavalle y 11 de Septiembre<\/strong>, donde, por causas que a\u00fan se investigan, <strong>una utilitaria colision\u00f3 con una pick up<\/strong>. La utilitaria era conducida por un hombre de 35 a\u00f1os, acompa\u00f1ado por otro de 33, mientras que la pick up era guiada por un hombre de 55 a\u00f1os.<br>Como consecuencia del impacto, <strong>el acompa\u00f1ante de 33 a\u00f1os fue trasladado a la guardia del hospital<\/strong>, donde se constat\u00f3 que presentaba <strong>lesiones leves<\/strong>.<\/p>\n\n\n\n<p>El segundo hecho tuvo lugar en <strong>Rivadavia e Yrigoyen<\/strong>, luego de un nuevo alerta al 911. En ese caso, <strong>una motocicleta conducida por un hombre de 44 a\u00f1os colision\u00f3 con un autom\u00f3vil<\/strong>, cuyo conductor <strong>se dio a la fuga<\/strong> tras el impacto.<br>El motociclista fue asistido y <strong>trasladado al hospital local<\/strong>, donde tambi\u00e9n se inform\u00f3 que presentaba <strong>lesiones de car\u00e1cter leve<\/strong>.<\/p>\n\n\n\n<p>En ambos siniestros interviene la <strong>UFI N\u00b0 7 de San Pedro<\/strong>, que lleva adelante las actuaciones correspondientes.<\/p>\n\n\n\n<p>Accidentes #Policiales #SiniestrosViales #LesionesLeves #SanPedro #Emergencias911<\/p>\n","protected":false},"excerpt":{"rendered":"<p>Dos siniestros viales registrados en la ciudad dejaron como saldo dos heridos leves, tras intervenciones policiales y m\u00e9dicas en Lavalle y 11 de Septiembre y en Rivadavia e Yrigoyen. En la jornada de ayer, personal policial acudi\u00f3 a dos siniestros viales registrados en distintos puntos de la ciudad, ambos reportados a trav\u00e9s del servicio de [&hellip;]<\/p>\n","protected":false},"author":4,"featured_media":145702,"comment_status":"closed","ping_status":"closed","sticky":false,"template":"","format":"standard","meta":{"om_disable_all_campaigns":false,"_jetpack_memberships_contains_paid_content":false,"footnotes":""},"categories":[50,2,103],"tags":[3612,7731,7732,6127,3694,5220,1738],"class_list":["post-145701","post","type-post","status-publish","format-standard","has-post-thumbnail","hentry","category-destacadas","category-locales","category-policiales-locales","tag-accidente-de-transito-2","tag-choque-lavalle-y-11-de-septiembre","tag-choque-rivadavia-e-yrigoyen","tag-heridos-leves","tag-intervencion-policial","tag-siniestro-vial-san-pedro","tag-ufi-7"],"aioseo_notices":[],"gutentor_comment":0,"jetpack_featured_media_url":"https:\/\/eldiariodesanpedro.com.ar\/sitio\/wp-content\/uploads\/2025\/12\/medida-1-6.jpg","jetpack_shortlink":"https:\/\/wp.me\/p6RhLt-BU1","jetpack_sharing_enabled":true,"_links":{"self":[{"href":"https:\/\/eldiariodesanpedro.com.ar\/sitio\/wp-json\/wp\/v2\/posts\/145701","targetHints":{"allow":["GET"]}}],"collection":[{"href":"https:\/\/eldiariodesanpedro.com.ar\/sitio\/wp-json\/wp\/v2\/posts"}],"about":[{"href":"https:\/\/eldiariodesanpedro.com.ar\/sitio\/wp-json\/wp\/v2\/types\/post"}],"author":[{"embeddable":true,"href":"https:\/\/eldiariodesanpedro.com.ar\/sitio\/wp-json\/wp\/v2\/users\/4"}],"replies":[{"embeddable":true,"href":"https:\/\/eldiariodesanpedro.com.ar\/sitio\/wp-json\/wp\/v2\/comments?post=145701"}],"version-history":[{"count":1,"href":"https:\/\/eldiariodesanpedro.com.ar\/sitio\/wp-json\/wp\/v2\/posts\/145701\/revisions"}],"predecessor-version":[{"id":145703,"href":"https:\/\/eldiariodesanpedro.com.ar\/sitio\/wp-json\/wp\/v2\/posts\/145701\/revisions\/145703"}],"wp:featuredmedia":[{"embeddable":true,"href":"https:\/\/eldiariodesanpedro.com.ar\/sitio\/wp-json\/wp\/v2\/media\/145702"}],"wp:attachment":[{"href":"https:\/\/eldiariodesanpedro.com.ar\/sitio\/wp-json\/wp\/v2\/media?parent=145701"}],"wp:term":[{"taxonomy":"category","embeddable":true,"href":"https:\/\/eldiariodesanpedro.com.ar\/sitio\/wp-json\/wp\/v2\/categories?post=145701"},{"taxonomy":"post_tag","embeddable":true,"href":"https:\/\/eldiariodesanpedro.com.ar\/sitio\/wp-json\/wp\/v2\/tags?post=145701"}],"curies":[{"name":"wp","href":"https:\/\/api.w.org\/{rel}","templated":true}]}}