{"id":145692,"date":"2025-12-05T15:20:59","date_gmt":"2025-12-05T18:20:59","guid":{"rendered":"https:\/\/eldiariodesanpedro.com.ar\/sitio\/?p=145692"},"modified":"2025-12-05T15:21:09","modified_gmt":"2025-12-05T18:21:09","slug":"aprehenden-a-dos-hombres-con-un-elemento-de-procedencia-dudosa-tras-un-operativo-policial","status":"publish","type":"post","link":"https:\/\/eldiariodesanpedro.com.ar\/sitio\/aprehenden-a-dos-hombres-con-un-elemento-de-procedencia-dudosa-tras-un-operativo-policial\/","title":{"rendered":"Aprehenden a dos hombres con un elemento de procedencia dudosa tras un operativo policial"},"content":{"rendered":"<!-- VideographyWP Plugin Message: Automatic video embedding prevented by plugin options. -->\n\n<p>os hombres fueron detenidos en Mitre y Bv. Moreno con una afeitadora de dudosa procedencia tras haber recuperado la libertad horas antes.<\/p>\n\n\n\n<p>En la tarde de ayer, <strong>personal de la EPC San Pedro<\/strong> llev\u00f3 adelante un procedimiento en <strong>calle Mitre y Boulevard Moreno<\/strong>, donde <strong>aprehendieron a dos masculinos de 19 y 32 a\u00f1os<\/strong>, quienes <strong>hab\u00edan recuperado la libertad horas antes<\/strong>.<\/p>\n\n\n\n<p>Durante la intervenci\u00f3n, los efectivos constataron que los individuos <strong>pose\u00edan una afeitadora el\u00e9ctrica de dudosa procedencia<\/strong>, motivo por el cual fueron <strong>trasladados a la dependencia policial<\/strong> para la correspondiente <strong>averiguaci\u00f3n de il\u00edcito<\/strong>.<\/p>\n\n\n\n<p>Ambos quedaron <strong>a disposici\u00f3n de la Justicia<\/strong>, que determinar\u00e1 los pasos a seguir en el marco de la causa iniciada.<\/p>\n\n\n\n<p>#Policiales #Seguridad #Aprehensi\u00f3n #SanPedro #EPCSanPedro<\/p>\n\n\n\n<div class=\"wp-block-jetpack-slideshow aligncenter\" data-effect=\"slide\"><div class=\"wp-block-jetpack-slideshow_container swiper-container\"><ul class=\"wp-block-jetpack-slideshow_swiper-wrapper swiper-wrapper\"><li class=\"wp-block-jetpack-slideshow_slide swiper-slide\"><figure><img decoding=\"async\" width=\"715\" height=\"460\" alt=\"\" class=\"wp-block-jetpack-slideshow_image wp-image-145695 lazyload\" data-id=\"145695\" data-src=\"https:\/\/eldiariodesanpedro.com.ar\/sitio\/wp-content\/uploads\/2025\/12\/1-3.jpg\" data-srcset=\"https:\/\/eldiariodesanpedro.com.ar\/sitio\/wp-content\/uploads\/2025\/12\/1-3.jpg 715w, https:\/\/eldiariodesanpedro.com.ar\/sitio\/wp-content\/uploads\/2025\/12\/1-3-300x193.jpg 300w\" data-sizes=\"(max-width: 715px) 100vw, 715px\" src=\"data:image\/svg+xml;base64,PHN2ZyB3aWR0aD0iMSIgaGVpZ2h0PSIxIiB4bWxucz0iaHR0cDovL3d3dy53My5vcmcvMjAwMC9zdmciPjwvc3ZnPg==\" style=\"--smush-placeholder-width: 715px; --smush-placeholder-aspect-ratio: 715\/460;\" \/><\/figure><\/li><li class=\"wp-block-jetpack-slideshow_slide swiper-slide\"><figure><img decoding=\"async\" width=\"417\" height=\"553\" alt=\"\" class=\"wp-block-jetpack-slideshow_image wp-image-145694 lazyload\" data-id=\"145694\" data-src=\"https:\/\/eldiariodesanpedro.com.ar\/sitio\/wp-content\/uploads\/2025\/12\/2-5.jpg\" data-srcset=\"https:\/\/eldiariodesanpedro.com.ar\/sitio\/wp-content\/uploads\/2025\/12\/2-5.jpg 417w, https:\/\/eldiariodesanpedro.com.ar\/sitio\/wp-content\/uploads\/2025\/12\/2-5-226x300.jpg 226w\" data-sizes=\"(max-width: 417px) 100vw, 417px\" src=\"data:image\/svg+xml;base64,PHN2ZyB3aWR0aD0iMSIgaGVpZ2h0PSIxIiB4bWxucz0iaHR0cDovL3d3dy53My5vcmcvMjAwMC9zdmciPjwvc3ZnPg==\" style=\"--smush-placeholder-width: 417px; --smush-placeholder-aspect-ratio: 417\/553;\" \/><\/figure><\/li><\/ul><a class=\"wp-block-jetpack-slideshow_button-prev swiper-button-prev swiper-button-white\" role=\"button\"><\/a><a class=\"wp-block-jetpack-slideshow_button-next swiper-button-next swiper-button-white\" role=\"button\"><\/a><a aria-label=\"Pause Slideshow\" class=\"wp-block-jetpack-slideshow_button-pause\" role=\"button\"><\/a><div class=\"wp-block-jetpack-slideshow_pagination swiper-pagination swiper-pagination-white\"><\/div><\/div><\/div>\n","protected":false},"excerpt":{"rendered":"<p>os hombres fueron detenidos en Mitre y Bv. Moreno con una afeitadora de dudosa procedencia tras haber recuperado la libertad horas antes. En la tarde de ayer, personal de la EPC San Pedro llev\u00f3 adelante un procedimiento en calle Mitre y Boulevard Moreno, donde aprehendieron a dos masculinos de 19 y 32 a\u00f1os, quienes hab\u00edan [&hellip;]<\/p>\n","protected":false},"author":4,"featured_media":145693,"comment_status":"closed","ping_status":"closed","sticky":false,"template":"","format":"standard","meta":{"om_disable_all_campaigns":false,"_jetpack_memberships_contains_paid_content":false,"footnotes":""},"categories":[2,103],"tags":[7595,7242,5859,7727,6328],"class_list":["post-145692","post","type-post","status-publish","format-standard","has-post-thumbnail","hentry","category-locales","category-policiales-locales","tag-aprehension-en-san-pedro","tag-averiguacion-de-ilicito","tag-epc-san-pedro","tag-masculino-detenido","tag-procedimiento-policial"],"aioseo_notices":[],"gutentor_comment":0,"jetpack_featured_media_url":"https:\/\/eldiariodesanpedro.com.ar\/sitio\/wp-content\/uploads\/2025\/12\/medida-1-4.jpg","jetpack_shortlink":"https:\/\/wp.me\/p6RhLt-BTS","jetpack_sharing_enabled":true,"_links":{"self":[{"href":"https:\/\/eldiariodesanpedro.com.ar\/sitio\/wp-json\/wp\/v2\/posts\/145692","targetHints":{"allow":["GET"]}}],"collection":[{"href":"https:\/\/eldiariodesanpedro.com.ar\/sitio\/wp-json\/wp\/v2\/posts"}],"about":[{"href":"https:\/\/eldiariodesanpedro.com.ar\/sitio\/wp-json\/wp\/v2\/types\/post"}],"author":[{"embeddable":true,"href":"https:\/\/eldiariodesanpedro.com.ar\/sitio\/wp-json\/wp\/v2\/users\/4"}],"replies":[{"embeddable":true,"href":"https:\/\/eldiariodesanpedro.com.ar\/sitio\/wp-json\/wp\/v2\/comments?post=145692"}],"version-history":[{"count":1,"href":"https:\/\/eldiariodesanpedro.com.ar\/sitio\/wp-json\/wp\/v2\/posts\/145692\/revisions"}],"predecessor-version":[{"id":145696,"href":"https:\/\/eldiariodesanpedro.com.ar\/sitio\/wp-json\/wp\/v2\/posts\/145692\/revisions\/145696"}],"wp:featuredmedia":[{"embeddable":true,"href":"https:\/\/eldiariodesanpedro.com.ar\/sitio\/wp-json\/wp\/v2\/media\/145693"}],"wp:attachment":[{"href":"https:\/\/eldiariodesanpedro.com.ar\/sitio\/wp-json\/wp\/v2\/media?parent=145692"}],"wp:term":[{"taxonomy":"category","embeddable":true,"href":"https:\/\/eldiariodesanpedro.com.ar\/sitio\/wp-json\/wp\/v2\/categories?post=145692"},{"taxonomy":"post_tag","embeddable":true,"href":"https:\/\/eldiariodesanpedro.com.ar\/sitio\/wp-json\/wp\/v2\/tags?post=145692"}],"curies":[{"name":"wp","href":"https:\/\/api.w.org\/{rel}","templated":true}]}}