{"id":14568,"date":"2017-02-12T21:29:18","date_gmt":"2017-02-13T00:29:18","guid":{"rendered":"https:\/\/eldiariodesanpedro.com.ar\/sitio\/?p=14568"},"modified":"2026-01-24T00:31:04","modified_gmt":"2026-01-24T03:31:04","slug":"copa-amistad-los-clubes-pescadores-y-nautico-jugaron-los-partidos-de-ida-de-las-finales-de-futbol","status":"publish","type":"post","link":"https:\/\/eldiariodesanpedro.com.ar\/sitio\/copa-amistad-los-clubes-pescadores-y-nautico-jugaron-los-partidos-de-ida-de-las-finales-de-futbol\/","title":{"rendered":"COPA AMISTAD: Los clubes Pescadores y N\u00e1utico jugaron los partidos de ida de las finales de f\u00fatbol"},"content":{"rendered":"<p><!-- VideographyWP Plugin Message: Automatic video embedding prevented by plugin options. --><br \/>\nLo partidos corresponden a los campeones del a\u00f1o 2015, finales que no pudieron jugarse por las inundaciones. Cabe destacar que entre ambos clubs alrededor de 1200 jugadores cada fin de semana llevan adelante distintos cert\u00e1menes reservados para los socios. <\/p>\n<p>En los cotejos de ida, El Fort\u00edn (Pescadores) con gol de Nazareno G\u00f3mez se impuso a Deportivo Temaiken (N\u00e1utico) 1-0 -cat. \u201cA\u201d -.<br \/>\nAtl\u00e9tico Chiv\u00f3n (N\u00e1utico) derrot\u00f3 a Aston Birra (Pescadores) &#8211; Cat. \u201cB\u201d &#8211; 1-0, gol de Trani y en el partido inaugural de la jornada -cat. \u201cC\u201d -, Es lo que hay (Pescadores) con tantos de Basald\u00faa y Huesa derrot\u00f3 a La Gambeta del Trinche (N\u00e1utico)  2-0.<\/p>\n<p><strong>Las revanchas en el Club N\u00e1utico San Pedro el d\u00eda 19 de Febrero con los siguientes horarios:<\/strong><\/p>\n<p>16:00 \u2013  La Gambeta Del Trinche vs Es Lo Que Hay (Cat. C)<\/p>\n<p>17:00 \u2013  Atl\u00e9tico Chiv\u00f3n vs Aston Birra (Cat. B)<\/p>\n<p>18:00 \u2013 Deportivo Temaiken vs El Fort\u00edn (Cat. A)<\/p>\n<div data-carousel-extra='{&quot;blog_id&quot;:1,&quot;permalink&quot;:&quot;https:\/\/eldiariodesanpedro.com.ar\/sitio\/copa-amistad-los-clubes-pescadores-y-nautico-jugaron-los-partidos-de-ida-de-las-finales-de-futbol\/&quot;}' id='gallery-1' class='gallery galleryid-14568 gallery-columns-3 gallery-size-large'><figure class='gallery-item'>\n\t\t\t<div class='gallery-icon landscape'>\n\t\t\t\t<a href='https:\/\/eldiariodesanpedro.com.ar\/sitio\/copa-amistad-los-clubes-pescadores-y-nautico-jugaron-los-partidos-de-ida-de-las-finales-de-futbol\/dep-temaiken-mauri-barcelo-bertoloni-calabresssi-delucca-m-franzoia-morresi-y-garavaglia\/'><img decoding=\"async\" width=\"640\" height=\"480\" data-src=\"https:\/\/eldiariodesanpedro.com.ar\/sitio\/wp-content\/uploads\/2017\/02\/Dep.-Temaik\u00e9n-Mauri-Barcel\u00f3-Bertoloni-Calabresssi-Delucca-M.-Franzoia-Morresi-y-Garavaglia.jpg\" class=\"attachment-large size-large lazyload\" alt=\"El Diario de San Pedro | Noticias locales y regionales\" data-srcset=\"https:\/\/eldiariodesanpedro.com.ar\/sitio\/wp-content\/uploads\/2017\/02\/Dep.-Temaik\u00e9n-Mauri-Barcel\u00f3-Bertoloni-Calabresssi-Delucca-M.-Franzoia-Morresi-y-Garavaglia.jpg 1000w, https:\/\/eldiariodesanpedro.com.ar\/sitio\/wp-content\/uploads\/2017\/02\/Dep.-Temaik\u00e9n-Mauri-Barcel\u00f3-Bertoloni-Calabresssi-Delucca-M.-Franzoia-Morresi-y-Garavaglia-300x225.jpg 300w, https:\/\/eldiariodesanpedro.com.ar\/sitio\/wp-content\/uploads\/2017\/02\/Dep.-Temaik\u00e9n-Mauri-Barcel\u00f3-Bertoloni-Calabresssi-Delucca-M.-Franzoia-Morresi-y-Garavaglia-768x576.jpg 768w\" data-sizes=\"(max-width: 640px) 100vw, 640px\" data-attachment-id=\"14572\" data-permalink=\"https:\/\/eldiariodesanpedro.com.ar\/sitio\/copa-amistad-los-clubes-pescadores-y-nautico-jugaron-los-partidos-de-ida-de-las-finales-de-futbol\/dep-temaiken-mauri-barcelo-bertoloni-calabresssi-delucca-m-franzoia-morresi-y-garavaglia\/\" data-orig-file=\"https:\/\/eldiariodesanpedro.com.ar\/sitio\/wp-content\/uploads\/2017\/02\/Dep.-Temaik\u00e9n-Mauri-Barcel\u00f3-Bertoloni-Calabresssi-Delucca-M.-Franzoia-Morresi-y-Garavaglia.jpg\" data-orig-size=\"1000,750\" data-comments-opened=\"1\" data-image-meta=\"{&quot;aperture&quot;:&quot;3.1&quot;,&quot;credit&quot;:&quot;&quot;,&quot;camera&quot;:&quot;FinePix S4000&quot;,&quot;caption&quot;:&quot;&quot;,&quot;created_timestamp&quot;:&quot;946693995&quot;,&quot;copyright&quot;:&quot;&quot;,&quot;focal_length&quot;:&quot;4.3&quot;,&quot;iso&quot;:&quot;200&quot;,&quot;shutter_speed&quot;:&quot;0.011111111111111&quot;,&quot;title&quot;:&quot;&quot;,&quot;orientation&quot;:&quot;0&quot;}\" data-image-title=\"Dep. Temaik\u00e9n Mauri, Barcel\u00f3, Bertoloni, Calabresssi, Delucca, M. Franzoia, Morresi y Garavaglia\" data-image-description=\"\" data-image-caption=\"\" data-large-file=\"https:\/\/eldiariodesanpedro.com.ar\/sitio\/wp-content\/uploads\/2017\/02\/Dep.-Temaik\u00e9n-Mauri-Barcel\u00f3-Bertoloni-Calabresssi-Delucca-M.-Franzoia-Morresi-y-Garavaglia.jpg\" src=\"data:image\/svg+xml;base64,PHN2ZyB3aWR0aD0iMSIgaGVpZ2h0PSIxIiB4bWxucz0iaHR0cDovL3d3dy53My5vcmcvMjAwMC9zdmciPjwvc3ZnPg==\" style=\"--smush-placeholder-width: 640px; --smush-placeholder-aspect-ratio: 640\/480;\" \/><\/a>\n\t\t\t<\/div><\/figure><figure class='gallery-item'>\n\t\t\t<div class='gallery-icon landscape'>\n\t\t\t\t<a href='https:\/\/eldiariodesanpedro.com.ar\/sitio\/copa-amistad-los-clubes-pescadores-y-nautico-jugaron-los-partidos-de-ida-de-las-finales-de-futbol\/el-fortin-r-marelli-nunez-molina-h-marelli-pascual-canestrari-guevara-romero-iglesias-calderon-n-gomez-be-y-baez\/'><img decoding=\"async\" width=\"640\" height=\"444\" data-src=\"https:\/\/eldiariodesanpedro.com.ar\/sitio\/wp-content\/uploads\/2017\/02\/El-Fort\u00edn-R.-Marelli-N\u00fa\u00f1ez-Molina-H.-Marelli-Pascual-Canestrari-Guevara-Romero-Iglesias-Calder\u00f3n-N.-G\u00f3mez-B\u00e9-y-B\u00e1ez.jpg\" class=\"attachment-large size-large lazyload\" alt=\"El Diario de San Pedro | Noticias locales y regionales\" data-srcset=\"https:\/\/eldiariodesanpedro.com.ar\/sitio\/wp-content\/uploads\/2017\/02\/El-Fort\u00edn-R.-Marelli-N\u00fa\u00f1ez-Molina-H.-Marelli-Pascual-Canestrari-Guevara-Romero-Iglesias-Calder\u00f3n-N.-G\u00f3mez-B\u00e9-y-B\u00e1ez.jpg 1000w, https:\/\/eldiariodesanpedro.com.ar\/sitio\/wp-content\/uploads\/2017\/02\/El-Fort\u00edn-R.-Marelli-N\u00fa\u00f1ez-Molina-H.-Marelli-Pascual-Canestrari-Guevara-Romero-Iglesias-Calder\u00f3n-N.-G\u00f3mez-B\u00e9-y-B\u00e1ez-300x208.jpg 300w, https:\/\/eldiariodesanpedro.com.ar\/sitio\/wp-content\/uploads\/2017\/02\/El-Fort\u00edn-R.-Marelli-N\u00fa\u00f1ez-Molina-H.-Marelli-Pascual-Canestrari-Guevara-Romero-Iglesias-Calder\u00f3n-N.-G\u00f3mez-B\u00e9-y-B\u00e1ez-768x532.jpg 768w, https:\/\/eldiariodesanpedro.com.ar\/sitio\/wp-content\/uploads\/2017\/02\/El-Fort\u00edn-R.-Marelli-N\u00fa\u00f1ez-Molina-H.-Marelli-Pascual-Canestrari-Guevara-Romero-Iglesias-Calder\u00f3n-N.-G\u00f3mez-B\u00e9-y-B\u00e1ez-392x272.jpg 392w, https:\/\/eldiariodesanpedro.com.ar\/sitio\/wp-content\/uploads\/2017\/02\/El-Fort\u00edn-R.-Marelli-N\u00fa\u00f1ez-Molina-H.-Marelli-Pascual-Canestrari-Guevara-Romero-Iglesias-Calder\u00f3n-N.-G\u00f3mez-B\u00e9-y-B\u00e1ez-130x90.jpg 130w\" data-sizes=\"(max-width: 640px) 100vw, 640px\" data-attachment-id=\"14573\" data-permalink=\"https:\/\/eldiariodesanpedro.com.ar\/sitio\/copa-amistad-los-clubes-pescadores-y-nautico-jugaron-los-partidos-de-ida-de-las-finales-de-futbol\/el-fortin-r-marelli-nunez-molina-h-marelli-pascual-canestrari-guevara-romero-iglesias-calderon-n-gomez-be-y-baez\/\" data-orig-file=\"https:\/\/eldiariodesanpedro.com.ar\/sitio\/wp-content\/uploads\/2017\/02\/El-Fort\u00edn-R.-Marelli-N\u00fa\u00f1ez-Molina-H.-Marelli-Pascual-Canestrari-Guevara-Romero-Iglesias-Calder\u00f3n-N.-G\u00f3mez-B\u00e9-y-B\u00e1ez.jpg\" data-orig-size=\"1000,693\" data-comments-opened=\"1\" data-image-meta=\"{&quot;aperture&quot;:&quot;3.1&quot;,&quot;credit&quot;:&quot;&quot;,&quot;camera&quot;:&quot;FinePix S4000&quot;,&quot;caption&quot;:&quot;&quot;,&quot;created_timestamp&quot;:&quot;946693796&quot;,&quot;copyright&quot;:&quot;&quot;,&quot;focal_length&quot;:&quot;4.3&quot;,&quot;iso&quot;:&quot;64&quot;,&quot;shutter_speed&quot;:&quot;0.019230769230769&quot;,&quot;title&quot;:&quot;&quot;,&quot;orientation&quot;:&quot;0&quot;}\" data-image-title=\"El Fort\u00edn R. Marelli, N\u00fa\u00f1ez, Molina, H. Marelli, Pascual, Canestrari, Guevara, Romero, Iglesias, Calder\u00f3n, N. G\u00f3mez, B\u00e9 y B\u00e1ez\" data-image-description=\"\" data-image-caption=\"\" data-large-file=\"https:\/\/eldiariodesanpedro.com.ar\/sitio\/wp-content\/uploads\/2017\/02\/El-Fort\u00edn-R.-Marelli-N\u00fa\u00f1ez-Molina-H.-Marelli-Pascual-Canestrari-Guevara-Romero-Iglesias-Calder\u00f3n-N.-G\u00f3mez-B\u00e9-y-B\u00e1ez.jpg\" src=\"data:image\/svg+xml;base64,PHN2ZyB3aWR0aD0iMSIgaGVpZ2h0PSIxIiB4bWxucz0iaHR0cDovL3d3dy53My5vcmcvMjAwMC9zdmciPjwvc3ZnPg==\" style=\"--smush-placeholder-width: 640px; --smush-placeholder-aspect-ratio: 640\/444;\" \/><\/a>\n\t\t\t<\/div><\/figure><figure class='gallery-item'>\n\t\t\t<div class='gallery-icon landscape'>\n\t\t\t\t<a href='https:\/\/eldiariodesanpedro.com.ar\/sitio\/copa-amistad-los-clubes-pescadores-y-nautico-jugaron-los-partidos-de-ida-de-las-finales-de-futbol\/aston-birra-pelluchon-j-albanese-n-albanese-cabrera-parra-elcoro-suarez-cipollone-alvarenga-v-albanese-taurizano-sendonr-larranaga-y-auchero\/'><img decoding=\"async\" width=\"640\" height=\"480\" data-src=\"https:\/\/eldiariodesanpedro.com.ar\/sitio\/wp-content\/uploads\/2017\/02\/Aston-Birra-Pelluch\u00f3n-J.-Albanese-N.-Albanese-Cabrera-Parra-Elcoro-Suarez-Cipollone-Alvarenga-V.-Albanese-Taurizano-Send\u00f3nR.-Larra\u00f1aga-y-Aucher\u00f3.jpg\" class=\"attachment-large size-large lazyload\" alt=\"El Diario de San Pedro | Noticias locales y regionales\" data-srcset=\"https:\/\/eldiariodesanpedro.com.ar\/sitio\/wp-content\/uploads\/2017\/02\/Aston-Birra-Pelluch\u00f3n-J.-Albanese-N.-Albanese-Cabrera-Parra-Elcoro-Suarez-Cipollone-Alvarenga-V.-Albanese-Taurizano-Send\u00f3nR.-Larra\u00f1aga-y-Aucher\u00f3.jpg 900w, https:\/\/eldiariodesanpedro.com.ar\/sitio\/wp-content\/uploads\/2017\/02\/Aston-Birra-Pelluch\u00f3n-J.-Albanese-N.-Albanese-Cabrera-Parra-Elcoro-Suarez-Cipollone-Alvarenga-V.-Albanese-Taurizano-Send\u00f3nR.-Larra\u00f1aga-y-Aucher\u00f3-300x225.jpg 300w, https:\/\/eldiariodesanpedro.com.ar\/sitio\/wp-content\/uploads\/2017\/02\/Aston-Birra-Pelluch\u00f3n-J.-Albanese-N.-Albanese-Cabrera-Parra-Elcoro-Suarez-Cipollone-Alvarenga-V.-Albanese-Taurizano-Send\u00f3nR.-Larra\u00f1aga-y-Aucher\u00f3-768x576.jpg 768w\" data-sizes=\"(max-width: 640px) 100vw, 640px\" data-attachment-id=\"14570\" data-permalink=\"https:\/\/eldiariodesanpedro.com.ar\/sitio\/copa-amistad-los-clubes-pescadores-y-nautico-jugaron-los-partidos-de-ida-de-las-finales-de-futbol\/aston-birra-pelluchon-j-albanese-n-albanese-cabrera-parra-elcoro-suarez-cipollone-alvarenga-v-albanese-taurizano-sendonr-larranaga-y-auchero\/\" data-orig-file=\"https:\/\/eldiariodesanpedro.com.ar\/sitio\/wp-content\/uploads\/2017\/02\/Aston-Birra-Pelluch\u00f3n-J.-Albanese-N.-Albanese-Cabrera-Parra-Elcoro-Suarez-Cipollone-Alvarenga-V.-Albanese-Taurizano-Send\u00f3nR.-Larra\u00f1aga-y-Aucher\u00f3.jpg\" data-orig-size=\"900,675\" data-comments-opened=\"1\" data-image-meta=\"{&quot;aperture&quot;:&quot;3.1&quot;,&quot;credit&quot;:&quot;&quot;,&quot;camera&quot;:&quot;FinePix S4000&quot;,&quot;caption&quot;:&quot;&quot;,&quot;created_timestamp&quot;:&quot;946689709&quot;,&quot;copyright&quot;:&quot;&quot;,&quot;focal_length&quot;:&quot;4.3&quot;,&quot;iso&quot;:&quot;64&quot;,&quot;shutter_speed&quot;:&quot;0.011764705882353&quot;,&quot;title&quot;:&quot;&quot;,&quot;orientation&quot;:&quot;0&quot;}\" data-image-title=\"Aston Birra Pelluch\u00f3n, J. Albanese, N. Albanese, Cabrera, Parra, Elcoro, Suarez, Cipollone, Alvarenga, V. Albanese, Taurizano, Send\u00f3n,R. Larra\u00f1aga y Aucher\u00f3\" data-image-description=\"\" data-image-caption=\"\" data-large-file=\"https:\/\/eldiariodesanpedro.com.ar\/sitio\/wp-content\/uploads\/2017\/02\/Aston-Birra-Pelluch\u00f3n-J.-Albanese-N.-Albanese-Cabrera-Parra-Elcoro-Suarez-Cipollone-Alvarenga-V.-Albanese-Taurizano-Send\u00f3nR.-Larra\u00f1aga-y-Aucher\u00f3.jpg\" src=\"data:image\/svg+xml;base64,PHN2ZyB3aWR0aD0iMSIgaGVpZ2h0PSIxIiB4bWxucz0iaHR0cDovL3d3dy53My5vcmcvMjAwMC9zdmciPjwvc3ZnPg==\" style=\"--smush-placeholder-width: 640px; --smush-placeholder-aspect-ratio: 640\/480;\" \/><\/a>\n\t\t\t<\/div><\/figure><figure class='gallery-item'>\n\t\t\t<div class='gallery-icon landscape'>\n\t\t\t\t<a href='https:\/\/eldiariodesanpedro.com.ar\/sitio\/copa-amistad-los-clubes-pescadores-y-nautico-jugaron-los-partidos-de-ida-de-las-finales-de-futbol\/atletico-chivon-martinez-bassi-constantin-frangi-gajate-gomez-malacrida-reynoso-sanso-trani-y-vaca\/'><img decoding=\"async\" width=\"640\" height=\"480\" data-src=\"https:\/\/eldiariodesanpedro.com.ar\/sitio\/wp-content\/uploads\/2017\/02\/Atl\u00e9tico-Chiv\u00f3n-Mart\u00ednez-Bassi-Constantin-Frangi-Gajate-G\u00f3mez-Malacrida-Reynoso-Sans\u00f3-Trani-y-Vaca.jpg\" class=\"attachment-large size-large lazyload\" alt=\"El Diario de San Pedro | Noticias locales y regionales\" data-srcset=\"https:\/\/eldiariodesanpedro.com.ar\/sitio\/wp-content\/uploads\/2017\/02\/Atl\u00e9tico-Chiv\u00f3n-Mart\u00ednez-Bassi-Constantin-Frangi-Gajate-G\u00f3mez-Malacrida-Reynoso-Sans\u00f3-Trani-y-Vaca.jpg 1000w, https:\/\/eldiariodesanpedro.com.ar\/sitio\/wp-content\/uploads\/2017\/02\/Atl\u00e9tico-Chiv\u00f3n-Mart\u00ednez-Bassi-Constantin-Frangi-Gajate-G\u00f3mez-Malacrida-Reynoso-Sans\u00f3-Trani-y-Vaca-300x225.jpg 300w, https:\/\/eldiariodesanpedro.com.ar\/sitio\/wp-content\/uploads\/2017\/02\/Atl\u00e9tico-Chiv\u00f3n-Mart\u00ednez-Bassi-Constantin-Frangi-Gajate-G\u00f3mez-Malacrida-Reynoso-Sans\u00f3-Trani-y-Vaca-768x576.jpg 768w\" data-sizes=\"(max-width: 640px) 100vw, 640px\" data-attachment-id=\"14571\" data-permalink=\"https:\/\/eldiariodesanpedro.com.ar\/sitio\/copa-amistad-los-clubes-pescadores-y-nautico-jugaron-los-partidos-de-ida-de-las-finales-de-futbol\/atletico-chivon-martinez-bassi-constantin-frangi-gajate-gomez-malacrida-reynoso-sanso-trani-y-vaca\/\" data-orig-file=\"https:\/\/eldiariodesanpedro.com.ar\/sitio\/wp-content\/uploads\/2017\/02\/Atl\u00e9tico-Chiv\u00f3n-Mart\u00ednez-Bassi-Constantin-Frangi-Gajate-G\u00f3mez-Malacrida-Reynoso-Sans\u00f3-Trani-y-Vaca.jpg\" data-orig-size=\"1000,750\" data-comments-opened=\"1\" data-image-meta=\"{&quot;aperture&quot;:&quot;3.1&quot;,&quot;credit&quot;:&quot;&quot;,&quot;camera&quot;:&quot;FinePix S4000&quot;,&quot;caption&quot;:&quot;&quot;,&quot;created_timestamp&quot;:&quot;946689837&quot;,&quot;copyright&quot;:&quot;&quot;,&quot;focal_length&quot;:&quot;4.3&quot;,&quot;iso&quot;:&quot;64&quot;,&quot;shutter_speed&quot;:&quot;0.008&quot;,&quot;title&quot;:&quot;&quot;,&quot;orientation&quot;:&quot;0&quot;}\" data-image-title=\"Atl\u00e9tico Chiv\u00f3n Mart\u00ednez, Bassi, Constantin, Frangi, Gajate, G\u00f3mez, Malacrida, Reynoso, Sans\u00f3, Trani y Vaca\" data-image-description=\"\" data-image-caption=\"\" data-large-file=\"https:\/\/eldiariodesanpedro.com.ar\/sitio\/wp-content\/uploads\/2017\/02\/Atl\u00e9tico-Chiv\u00f3n-Mart\u00ednez-Bassi-Constantin-Frangi-Gajate-G\u00f3mez-Malacrida-Reynoso-Sans\u00f3-Trani-y-Vaca.jpg\" src=\"data:image\/svg+xml;base64,PHN2ZyB3aWR0aD0iMSIgaGVpZ2h0PSIxIiB4bWxucz0iaHR0cDovL3d3dy53My5vcmcvMjAwMC9zdmciPjwvc3ZnPg==\" style=\"--smush-placeholder-width: 640px; --smush-placeholder-aspect-ratio: 640\/480;\" \/><\/a>\n\t\t\t<\/div><\/figure><figure class='gallery-item'>\n\t\t\t<div class='gallery-icon landscape'>\n\t\t\t\t<a href='https:\/\/eldiariodesanpedro.com.ar\/sitio\/copa-amistad-los-clubes-pescadores-y-nautico-jugaron-los-partidos-de-ida-de-las-finales-de-futbol\/es-lo-que-hay-torre-nunez-j-gimenez-muratone-basaldua-giovanettoni-novaro-puig-huesa-y-gimenez\/'><img decoding=\"async\" width=\"640\" height=\"407\" data-src=\"https:\/\/eldiariodesanpedro.com.ar\/sitio\/wp-content\/uploads\/2017\/02\/Es-lo-que-hay-Torre-N\u00fa\u00f1ez-J.-Gim\u00e9nez-Muratone-Basald\u00faa-Giovanettoni-Novaro-Puig-Huesa-y-Gim\u00e9nez.jpg\" class=\"attachment-large size-large lazyload\" alt=\"El Diario de San Pedro | Noticias locales y regionales\" data-srcset=\"https:\/\/eldiariodesanpedro.com.ar\/sitio\/wp-content\/uploads\/2017\/02\/Es-lo-que-hay-Torre-N\u00fa\u00f1ez-J.-Gim\u00e9nez-Muratone-Basald\u00faa-Giovanettoni-Novaro-Puig-Huesa-y-Gim\u00e9nez.jpg 1000w, https:\/\/eldiariodesanpedro.com.ar\/sitio\/wp-content\/uploads\/2017\/02\/Es-lo-que-hay-Torre-N\u00fa\u00f1ez-J.-Gim\u00e9nez-Muratone-Basald\u00faa-Giovanettoni-Novaro-Puig-Huesa-y-Gim\u00e9nez-300x191.jpg 300w, https:\/\/eldiariodesanpedro.com.ar\/sitio\/wp-content\/uploads\/2017\/02\/Es-lo-que-hay-Torre-N\u00fa\u00f1ez-J.-Gim\u00e9nez-Muratone-Basald\u00faa-Giovanettoni-Novaro-Puig-Huesa-y-Gim\u00e9nez-768x488.jpg 768w\" data-sizes=\"(max-width: 640px) 100vw, 640px\" data-attachment-id=\"14574\" data-permalink=\"https:\/\/eldiariodesanpedro.com.ar\/sitio\/copa-amistad-los-clubes-pescadores-y-nautico-jugaron-los-partidos-de-ida-de-las-finales-de-futbol\/es-lo-que-hay-torre-nunez-j-gimenez-muratone-basaldua-giovanettoni-novaro-puig-huesa-y-gimenez\/\" data-orig-file=\"https:\/\/eldiariodesanpedro.com.ar\/sitio\/wp-content\/uploads\/2017\/02\/Es-lo-que-hay-Torre-N\u00fa\u00f1ez-J.-Gim\u00e9nez-Muratone-Basald\u00faa-Giovanettoni-Novaro-Puig-Huesa-y-Gim\u00e9nez.jpg\" data-orig-size=\"1000,636\" data-comments-opened=\"1\" data-image-meta=\"{&quot;aperture&quot;:&quot;3.1&quot;,&quot;credit&quot;:&quot;&quot;,&quot;camera&quot;:&quot;FinePix S4000&quot;,&quot;caption&quot;:&quot;&quot;,&quot;created_timestamp&quot;:&quot;946686224&quot;,&quot;copyright&quot;:&quot;&quot;,&quot;focal_length&quot;:&quot;4.3&quot;,&quot;iso&quot;:&quot;64&quot;,&quot;shutter_speed&quot;:&quot;0.0090909090909091&quot;,&quot;title&quot;:&quot;&quot;,&quot;orientation&quot;:&quot;0&quot;}\" data-image-title=\"Es lo que hay Torre, N\u00fa\u00f1ez, J. Gim\u00e9nez, Muratone, Basald\u00faa, Giovanettoni, Novaro, Puig, Huesa y Gim\u00e9nez\" data-image-description=\"\" data-image-caption=\"\" data-large-file=\"https:\/\/eldiariodesanpedro.com.ar\/sitio\/wp-content\/uploads\/2017\/02\/Es-lo-que-hay-Torre-N\u00fa\u00f1ez-J.-Gim\u00e9nez-Muratone-Basald\u00faa-Giovanettoni-Novaro-Puig-Huesa-y-Gim\u00e9nez.jpg\" src=\"data:image\/svg+xml;base64,PHN2ZyB3aWR0aD0iMSIgaGVpZ2h0PSIxIiB4bWxucz0iaHR0cDovL3d3dy53My5vcmcvMjAwMC9zdmciPjwvc3ZnPg==\" style=\"--smush-placeholder-width: 640px; --smush-placeholder-aspect-ratio: 640\/407;\" \/><\/a>\n\t\t\t<\/div><\/figure><figure class='gallery-item'>\n\t\t\t<div class='gallery-icon landscape'>\n\t\t\t\t<a href='https:\/\/eldiariodesanpedro.com.ar\/sitio\/copa-amistad-los-clubes-pescadores-y-nautico-jugaron-los-partidos-de-ida-de-las-finales-de-futbol\/la-gambeta-del-trinche-albe-n-albornoz-l-albornoz-calderon-castillo-fermani-gorini-millan-moraguez-morello-pastorino-pereyra-rodriguez-s-sanchez-y-taibo\/'><img decoding=\"async\" width=\"640\" height=\"480\" data-src=\"https:\/\/eldiariodesanpedro.com.ar\/sitio\/wp-content\/uploads\/2017\/02\/La-Gambeta-del-Trinche-Albe-N.-Albornoz-L.-Albornoz-Calder\u00f3n-Castillo-Fermani-Gorini-Mill\u00e1n-Moraguez-Morello-Pastorino-Pereyra-Rodr\u00edguez-S.-S\u00e1nchez-y-Taibo.jpg\" class=\"attachment-large size-large lazyload\" alt=\"El Diario de San Pedro | Noticias locales y regionales\" data-srcset=\"https:\/\/eldiariodesanpedro.com.ar\/sitio\/wp-content\/uploads\/2017\/02\/La-Gambeta-del-Trinche-Albe-N.-Albornoz-L.-Albornoz-Calder\u00f3n-Castillo-Fermani-Gorini-Mill\u00e1n-Moraguez-Morello-Pastorino-Pereyra-Rodr\u00edguez-S.-S\u00e1nchez-y-Taibo.jpg 1000w, https:\/\/eldiariodesanpedro.com.ar\/sitio\/wp-content\/uploads\/2017\/02\/La-Gambeta-del-Trinche-Albe-N.-Albornoz-L.-Albornoz-Calder\u00f3n-Castillo-Fermani-Gorini-Mill\u00e1n-Moraguez-Morello-Pastorino-Pereyra-Rodr\u00edguez-S.-S\u00e1nchez-y-Taibo-300x225.jpg 300w, https:\/\/eldiariodesanpedro.com.ar\/sitio\/wp-content\/uploads\/2017\/02\/La-Gambeta-del-Trinche-Albe-N.-Albornoz-L.-Albornoz-Calder\u00f3n-Castillo-Fermani-Gorini-Mill\u00e1n-Moraguez-Morello-Pastorino-Pereyra-Rodr\u00edguez-S.-S\u00e1nchez-y-Taibo-768x576.jpg 768w\" data-sizes=\"(max-width: 640px) 100vw, 640px\" data-attachment-id=\"14575\" data-permalink=\"https:\/\/eldiariodesanpedro.com.ar\/sitio\/copa-amistad-los-clubes-pescadores-y-nautico-jugaron-los-partidos-de-ida-de-las-finales-de-futbol\/la-gambeta-del-trinche-albe-n-albornoz-l-albornoz-calderon-castillo-fermani-gorini-millan-moraguez-morello-pastorino-pereyra-rodriguez-s-sanchez-y-taibo\/\" data-orig-file=\"https:\/\/eldiariodesanpedro.com.ar\/sitio\/wp-content\/uploads\/2017\/02\/La-Gambeta-del-Trinche-Albe-N.-Albornoz-L.-Albornoz-Calder\u00f3n-Castillo-Fermani-Gorini-Mill\u00e1n-Moraguez-Morello-Pastorino-Pereyra-Rodr\u00edguez-S.-S\u00e1nchez-y-Taibo.jpg\" data-orig-size=\"1000,750\" data-comments-opened=\"1\" data-image-meta=\"{&quot;aperture&quot;:&quot;3.1&quot;,&quot;credit&quot;:&quot;&quot;,&quot;camera&quot;:&quot;FinePix S4000&quot;,&quot;caption&quot;:&quot;&quot;,&quot;created_timestamp&quot;:&quot;946686188&quot;,&quot;copyright&quot;:&quot;&quot;,&quot;focal_length&quot;:&quot;4.3&quot;,&quot;iso&quot;:&quot;64&quot;,&quot;shutter_speed&quot;:&quot;0.0090909090909091&quot;,&quot;title&quot;:&quot;&quot;,&quot;orientation&quot;:&quot;0&quot;}\" data-image-title=\"La Gambeta del Trinche Albe, N. Albornoz, L. Albornoz, Calder\u00f3n, Castillo, Fermani, Gorini, Mill\u00e1n, Moraguez, Morello, Pastorino, Pereyra, Rodr\u00edguez, S. S\u00e1nchez y Taibo\" data-image-description=\"\" data-image-caption=\"\" data-large-file=\"https:\/\/eldiariodesanpedro.com.ar\/sitio\/wp-content\/uploads\/2017\/02\/La-Gambeta-del-Trinche-Albe-N.-Albornoz-L.-Albornoz-Calder\u00f3n-Castillo-Fermani-Gorini-Mill\u00e1n-Moraguez-Morello-Pastorino-Pereyra-Rodr\u00edguez-S.-S\u00e1nchez-y-Taibo.jpg\" src=\"data:image\/svg+xml;base64,PHN2ZyB3aWR0aD0iMSIgaGVpZ2h0PSIxIiB4bWxucz0iaHR0cDovL3d3dy53My5vcmcvMjAwMC9zdmciPjwvc3ZnPg==\" style=\"--smush-placeholder-width: 640px; --smush-placeholder-aspect-ratio: 640\/480;\" \/><\/a>\n\t\t\t<\/div><\/figure>\n\t\t<\/div>\n\n","protected":false},"excerpt":{"rendered":"<p>Lo partidos corresponden a los campeones del a\u00f1o 2015, finales que no pudieron jugarse por las inundaciones. Cabe destacar que entre ambos clubs alrededor de 1200 jugadores cada fin de semana llevan adelante distintos cert\u00e1menes reservados para los socios. En los cotejos de ida, El Fort\u00edn (Pescadores) con gol de Nazareno G\u00f3mez se impuso a [&hellip;]<\/p>\n","protected":false},"author":4,"featured_media":12943,"comment_status":"open","ping_status":"closed","sticky":false,"template":"","format":"standard","meta":{"om_disable_all_campaigns":false,"_jetpack_memberships_contains_paid_content":false,"footnotes":""},"categories":[5],"tags":[],"class_list":["post-14568","post","type-post","status-publish","format-standard","has-post-thumbnail","hentry","category-deportes"],"aioseo_notices":[],"gutentor_comment":0,"jetpack_featured_media_url":"https:\/\/eldiariodesanpedro.com.ar\/sitio\/wp-content\/uploads\/2017\/01\/futbol.jpg","jetpack_shortlink":"https:\/\/wp.me\/p6RhLt-3MY","jetpack_sharing_enabled":true,"_links":{"self":[{"href":"https:\/\/eldiariodesanpedro.com.ar\/sitio\/wp-json\/wp\/v2\/posts\/14568","targetHints":{"allow":["GET"]}}],"collection":[{"href":"https:\/\/eldiariodesanpedro.com.ar\/sitio\/wp-json\/wp\/v2\/posts"}],"about":[{"href":"https:\/\/eldiariodesanpedro.com.ar\/sitio\/wp-json\/wp\/v2\/types\/post"}],"author":[{"embeddable":true,"href":"https:\/\/eldiariodesanpedro.com.ar\/sitio\/wp-json\/wp\/v2\/users\/4"}],"replies":[{"embeddable":true,"href":"https:\/\/eldiariodesanpedro.com.ar\/sitio\/wp-json\/wp\/v2\/comments?post=14568"}],"version-history":[{"count":1,"href":"https:\/\/eldiariodesanpedro.com.ar\/sitio\/wp-json\/wp\/v2\/posts\/14568\/revisions"}],"predecessor-version":[{"id":14576,"href":"https:\/\/eldiariodesanpedro.com.ar\/sitio\/wp-json\/wp\/v2\/posts\/14568\/revisions\/14576"}],"wp:featuredmedia":[{"embeddable":true,"href":"https:\/\/eldiariodesanpedro.com.ar\/sitio\/wp-json\/wp\/v2\/media\/12943"}],"wp:attachment":[{"href":"https:\/\/eldiariodesanpedro.com.ar\/sitio\/wp-json\/wp\/v2\/media?parent=14568"}],"wp:term":[{"taxonomy":"category","embeddable":true,"href":"https:\/\/eldiariodesanpedro.com.ar\/sitio\/wp-json\/wp\/v2\/categories?post=14568"},{"taxonomy":"post_tag","embeddable":true,"href":"https:\/\/eldiariodesanpedro.com.ar\/sitio\/wp-json\/wp\/v2\/tags?post=14568"}],"curies":[{"name":"wp","href":"https:\/\/api.w.org\/{rel}","templated":true}]}}