{"id":145666,"date":"2025-12-04T21:02:05","date_gmt":"2025-12-05T00:02:05","guid":{"rendered":"https:\/\/eldiariodesanpedro.com.ar\/sitio\/?p=145666"},"modified":"2025-12-04T21:02:09","modified_gmt":"2025-12-05T00:02:09","slug":"aprehenden-a-un-hombre-de-32-anos-por-un-caso-de-violencia-de-genero","status":"publish","type":"post","link":"https:\/\/eldiariodesanpedro.com.ar\/sitio\/aprehenden-a-un-hombre-de-32-anos-por-un-caso-de-violencia-de-genero\/","title":{"rendered":"Aprehenden a un hombre de 32 a\u00f1os por un caso de violencia de g\u00e9nero"},"content":{"rendered":"<!-- VideographyWP Plugin Message: Automatic video embedding prevented by plugin options. -->\n\n<p>Un hombre de 32 a\u00f1os fue aprehendido tras amenazar y agredir a su pareja y al padre de ella en un hecho de violencia de g\u00e9ner<\/p>\n\n\n\n<p>Un <strong>hombre de 32 a\u00f1os fue aprehendido<\/strong> en la noche de hoy luego de un operativo policial que se llev\u00f3 a cabo en <strong>calle Las Provincias al 2100<\/strong>, tras un llamado a la <strong>Dependencia<\/strong> y alerta del <strong>911<\/strong>.<\/p>\n\n\n\n<p>Seg\u00fan informaron, al arribar al lugar los efectivos encontraron al agresor <strong>intimidando con un palo a su pareja<\/strong>, una mujer de <strong>34 a\u00f1os<\/strong>, en presencia del <strong>progenitor de la v\u00edctima, de 63 a\u00f1os<\/strong>. Ambos hab\u00edan sido <strong>agredidos f\u00edsicamente<\/strong> momentos antes del arribo del m\u00f3vil policial.<\/p>\n\n\n\n<p>La mujer fue <strong>trasladada y asistida en la Comisar\u00eda de la Mujer y la Familia<\/strong>, donde se labraron las actuaciones correspondientes. <strong>Interviene la fiscal\u00eda local<\/strong>, que avanza con la investigaci\u00f3n del caso.<\/p>\n\n\n\n<p>#ViolenciaDeGenero #Seguridad #Policiales #Aprehensi\u00f3n #SanPedro #Comisar\u00eda #Fiscal\u00eda<\/p>\n\n\n<div class=\"wp-block-image\">\n<figure class=\"aligncenter size-full\"><img decoding=\"async\" width=\"597\" height=\"630\" data-attachment-id=\"145668\" data-permalink=\"https:\/\/eldiariodesanpedro.com.ar\/sitio\/aprehenden-a-un-hombre-de-32-anos-por-un-caso-de-violencia-de-genero\/3-156\/\" data-orig-file=\"https:\/\/eldiariodesanpedro.com.ar\/sitio\/wp-content\/uploads\/2025\/12\/3-2.jpg\" data-orig-size=\"597,630\" data-comments-opened=\"0\" data-image-meta=\"{&quot;aperture&quot;:&quot;0&quot;,&quot;credit&quot;:&quot;&quot;,&quot;camera&quot;:&quot;&quot;,&quot;caption&quot;:&quot;&quot;,&quot;created_timestamp&quot;:&quot;0&quot;,&quot;copyright&quot;:&quot;&quot;,&quot;focal_length&quot;:&quot;0&quot;,&quot;iso&quot;:&quot;0&quot;,&quot;shutter_speed&quot;:&quot;0&quot;,&quot;title&quot;:&quot;&quot;,&quot;orientation&quot;:&quot;0&quot;}\" data-image-title=\"3\" data-image-description=\"\" data-image-caption=\"\" data-large-file=\"https:\/\/eldiariodesanpedro.com.ar\/sitio\/wp-content\/uploads\/2025\/12\/3-2.jpg\" data-src=\"https:\/\/eldiariodesanpedro.com.ar\/sitio\/wp-content\/uploads\/2025\/12\/3-2.jpg\" alt=\"\" class=\"wp-image-145668 lazyload\" data-srcset=\"https:\/\/eldiariodesanpedro.com.ar\/sitio\/wp-content\/uploads\/2025\/12\/3-2.jpg 597w, https:\/\/eldiariodesanpedro.com.ar\/sitio\/wp-content\/uploads\/2025\/12\/3-2-284x300.jpg 284w\" data-sizes=\"(max-width: 597px) 100vw, 597px\" src=\"data:image\/svg+xml;base64,PHN2ZyB3aWR0aD0iMSIgaGVpZ2h0PSIxIiB4bWxucz0iaHR0cDovL3d3dy53My5vcmcvMjAwMC9zdmciPjwvc3ZnPg==\" style=\"--smush-placeholder-width: 597px; --smush-placeholder-aspect-ratio: 597\/630;\" \/><\/figure>\n<\/div>","protected":false},"excerpt":{"rendered":"<p>Un hombre de 32 a\u00f1os fue aprehendido tras amenazar y agredir a su pareja y al padre de ella en un hecho de violencia de g\u00e9ner Un hombre de 32 a\u00f1os fue aprehendido en la noche de hoy luego de un operativo policial que se llev\u00f3 a cabo en calle Las Provincias al 2100, tras [&hellip;]<\/p>\n","protected":false},"author":4,"featured_media":145667,"comment_status":"closed","ping_status":"closed","sticky":false,"template":"","format":"standard","meta":{"om_disable_all_campaigns":false,"_jetpack_memberships_contains_paid_content":false,"footnotes":""},"categories":[2,103],"tags":[3590,778,845,6831,4055,19,2396],"class_list":["post-145666","post","type-post","status-publish","format-standard","has-post-thumbnail","hentry","category-locales","category-policiales-locales","tag-agresion","tag-amenazas","tag-aprehendido","tag-comisaria-de-la-mujer-2","tag-operativo-policial","tag-san-pedro","tag-violencia-de-genero-2"],"aioseo_notices":[],"gutentor_comment":0,"jetpack_featured_media_url":"https:\/\/eldiariodesanpedro.com.ar\/sitio\/wp-content\/uploads\/2025\/12\/medida-1-3.jpg","jetpack_shortlink":"https:\/\/wp.me\/p6RhLt-BTs","jetpack_sharing_enabled":true,"_links":{"self":[{"href":"https:\/\/eldiariodesanpedro.com.ar\/sitio\/wp-json\/wp\/v2\/posts\/145666","targetHints":{"allow":["GET"]}}],"collection":[{"href":"https:\/\/eldiariodesanpedro.com.ar\/sitio\/wp-json\/wp\/v2\/posts"}],"about":[{"href":"https:\/\/eldiariodesanpedro.com.ar\/sitio\/wp-json\/wp\/v2\/types\/post"}],"author":[{"embeddable":true,"href":"https:\/\/eldiariodesanpedro.com.ar\/sitio\/wp-json\/wp\/v2\/users\/4"}],"replies":[{"embeddable":true,"href":"https:\/\/eldiariodesanpedro.com.ar\/sitio\/wp-json\/wp\/v2\/comments?post=145666"}],"version-history":[{"count":1,"href":"https:\/\/eldiariodesanpedro.com.ar\/sitio\/wp-json\/wp\/v2\/posts\/145666\/revisions"}],"predecessor-version":[{"id":145669,"href":"https:\/\/eldiariodesanpedro.com.ar\/sitio\/wp-json\/wp\/v2\/posts\/145666\/revisions\/145669"}],"wp:featuredmedia":[{"embeddable":true,"href":"https:\/\/eldiariodesanpedro.com.ar\/sitio\/wp-json\/wp\/v2\/media\/145667"}],"wp:attachment":[{"href":"https:\/\/eldiariodesanpedro.com.ar\/sitio\/wp-json\/wp\/v2\/media?parent=145666"}],"wp:term":[{"taxonomy":"category","embeddable":true,"href":"https:\/\/eldiariodesanpedro.com.ar\/sitio\/wp-json\/wp\/v2\/categories?post=145666"},{"taxonomy":"post_tag","embeddable":true,"href":"https:\/\/eldiariodesanpedro.com.ar\/sitio\/wp-json\/wp\/v2\/tags?post=145666"}],"curies":[{"name":"wp","href":"https:\/\/api.w.org\/{rel}","templated":true}]}}