{"id":145662,"date":"2025-12-04T18:34:19","date_gmt":"2025-12-04T21:34:19","guid":{"rendered":"https:\/\/eldiariodesanpedro.com.ar\/sitio\/?p=145662"},"modified":"2025-12-04T18:34:22","modified_gmt":"2025-12-04T21:34:22","slug":"aprehenden-a-un-hombre-de-47-anos-por-intentar-sustraer-dinero-a-un-joven-con-discapacidad","status":"publish","type":"post","link":"https:\/\/eldiariodesanpedro.com.ar\/sitio\/aprehenden-a-un-hombre-de-47-anos-por-intentar-sustraer-dinero-a-un-joven-con-discapacidad\/","title":{"rendered":"Aprehenden a un hombre de 47 a\u00f1os por intentar sustraer dinero a un joven con discapacidad"},"content":{"rendered":"<!-- VideographyWP Plugin Message: Automatic video embedding prevented by plugin options. -->\n\n<p>Un hombre de 47 a\u00f1os fue aprehendido tras intentar golpear y robar a un joven con discapacidad en una despensa de la ciudad. Interviene la fiscal\u00eda local.<\/p>\n\n\n\n<p>En el d\u00eda de ayer, <strong>personal policial de la Comisar\u00eda Ra\u00edz<\/strong> respondi\u00f3 de manera inmediata al llamado de una mujer que solicit\u00f3 asistencia en <strong>Avenida 11 de Septiembre al 150<\/strong>. Al arribar al lugar, los efectivos <strong>aprehendieron a un hombre de 47 a\u00f1os<\/strong>, se\u00f1alado como autor de un grave intento de robo y agresi\u00f3n.<\/p>\n\n\n\n<p>Seg\u00fan informaron, previo a la llegada del m\u00f3vil policial, el individuo <strong>intent\u00f3 agredir con un golpe de pu\u00f1o<\/strong> y <strong>sustraer dinero<\/strong> en una despensa ubicada en <strong>San Lorenzo al 700<\/strong>, donde se encontraba un joven de <strong>27 a\u00f1os<\/strong>, quien <strong>posee retraso mental moderado<\/strong>.<\/p>\n\n\n\n<p>El hecho fue advertido por la tutora legal del joven, una mujer de 37 a\u00f1os, quien <strong>declar\u00f3 lo sucedido en la comisar\u00eda<\/strong>, aportando detalles fundamentales para el procedimiento. La <strong>fiscal\u00eda local<\/strong> tom\u00f3 intervenci\u00f3n y dispuso las actuaciones correspondientes.<\/p>\n\n\n\n<p>#Policiales #Seguridad #Robo #Aprehensi\u00f3n #Discapacidad #SanPedro<\/p>\n\n\n<div class=\"wp-block-image\">\n<figure class=\"aligncenter size-full\"><img decoding=\"async\" width=\"473\" height=\"630\" data-attachment-id=\"145664\" data-permalink=\"https:\/\/eldiariodesanpedro.com.ar\/sitio\/aprehenden-a-un-hombre-de-47-anos-por-intentar-sustraer-dinero-a-un-joven-con-discapacidad\/2-185\/\" data-orig-file=\"https:\/\/eldiariodesanpedro.com.ar\/sitio\/wp-content\/uploads\/2025\/12\/2-4.jpg\" data-orig-size=\"473,630\" data-comments-opened=\"0\" data-image-meta=\"{&quot;aperture&quot;:&quot;0&quot;,&quot;credit&quot;:&quot;&quot;,&quot;camera&quot;:&quot;&quot;,&quot;caption&quot;:&quot;&quot;,&quot;created_timestamp&quot;:&quot;0&quot;,&quot;copyright&quot;:&quot;&quot;,&quot;focal_length&quot;:&quot;0&quot;,&quot;iso&quot;:&quot;0&quot;,&quot;shutter_speed&quot;:&quot;0&quot;,&quot;title&quot;:&quot;&quot;,&quot;orientation&quot;:&quot;0&quot;}\" data-image-title=\"2\" data-image-description=\"\" data-image-caption=\"\" data-large-file=\"https:\/\/eldiariodesanpedro.com.ar\/sitio\/wp-content\/uploads\/2025\/12\/2-4.jpg\" data-src=\"https:\/\/eldiariodesanpedro.com.ar\/sitio\/wp-content\/uploads\/2025\/12\/2-4.jpg\" alt=\"\" class=\"wp-image-145664 lazyload\" data-srcset=\"https:\/\/eldiariodesanpedro.com.ar\/sitio\/wp-content\/uploads\/2025\/12\/2-4.jpg 473w, https:\/\/eldiariodesanpedro.com.ar\/sitio\/wp-content\/uploads\/2025\/12\/2-4-225x300.jpg 225w\" data-sizes=\"(max-width: 473px) 100vw, 473px\" src=\"data:image\/svg+xml;base64,PHN2ZyB3aWR0aD0iMSIgaGVpZ2h0PSIxIiB4bWxucz0iaHR0cDovL3d3dy53My5vcmcvMjAwMC9zdmciPjwvc3ZnPg==\" style=\"--smush-placeholder-width: 473px; --smush-placeholder-aspect-ratio: 473\/630;\" \/><\/figure>\n<\/div>","protected":false},"excerpt":{"rendered":"<p>Un hombre de 47 a\u00f1os fue aprehendido tras intentar golpear y robar a un joven con discapacidad en una despensa de la ciudad. Interviene la fiscal\u00eda local. En el d\u00eda de ayer, personal policial de la Comisar\u00eda Ra\u00edz respondi\u00f3 de manera inmediata al llamado de una mujer que solicit\u00f3 asistencia en Avenida 11 de Septiembre [&hellip;]<\/p>\n","protected":false},"author":4,"featured_media":145663,"comment_status":"closed","ping_status":"closed","sticky":false,"template":"","format":"standard","meta":{"om_disable_all_campaigns":false,"_jetpack_memberships_contains_paid_content":false,"footnotes":""},"categories":[50,2,103],"tags":[7714,7712,5418,7713,5053],"class_list":["post-145662","post","type-post","status-publish","format-standard","has-post-thumbnail","hentry","category-destacadas","category-locales","category-policiales-locales","tag-agresion-en-despensa","tag-aprehension-hombre-47-anos","tag-fiscalia-local","tag-intento-de-robo-joven-con-discapacidad","tag-policia-san-pedro"],"aioseo_notices":[],"gutentor_comment":0,"jetpack_featured_media_url":"https:\/\/eldiariodesanpedro.com.ar\/sitio\/wp-content\/uploads\/2025\/12\/medida-1-2.jpg","jetpack_shortlink":"https:\/\/wp.me\/p6RhLt-BTo","jetpack_sharing_enabled":true,"_links":{"self":[{"href":"https:\/\/eldiariodesanpedro.com.ar\/sitio\/wp-json\/wp\/v2\/posts\/145662","targetHints":{"allow":["GET"]}}],"collection":[{"href":"https:\/\/eldiariodesanpedro.com.ar\/sitio\/wp-json\/wp\/v2\/posts"}],"about":[{"href":"https:\/\/eldiariodesanpedro.com.ar\/sitio\/wp-json\/wp\/v2\/types\/post"}],"author":[{"embeddable":true,"href":"https:\/\/eldiariodesanpedro.com.ar\/sitio\/wp-json\/wp\/v2\/users\/4"}],"replies":[{"embeddable":true,"href":"https:\/\/eldiariodesanpedro.com.ar\/sitio\/wp-json\/wp\/v2\/comments?post=145662"}],"version-history":[{"count":1,"href":"https:\/\/eldiariodesanpedro.com.ar\/sitio\/wp-json\/wp\/v2\/posts\/145662\/revisions"}],"predecessor-version":[{"id":145665,"href":"https:\/\/eldiariodesanpedro.com.ar\/sitio\/wp-json\/wp\/v2\/posts\/145662\/revisions\/145665"}],"wp:featuredmedia":[{"embeddable":true,"href":"https:\/\/eldiariodesanpedro.com.ar\/sitio\/wp-json\/wp\/v2\/media\/145663"}],"wp:attachment":[{"href":"https:\/\/eldiariodesanpedro.com.ar\/sitio\/wp-json\/wp\/v2\/media?parent=145662"}],"wp:term":[{"taxonomy":"category","embeddable":true,"href":"https:\/\/eldiariodesanpedro.com.ar\/sitio\/wp-json\/wp\/v2\/categories?post=145662"},{"taxonomy":"post_tag","embeddable":true,"href":"https:\/\/eldiariodesanpedro.com.ar\/sitio\/wp-json\/wp\/v2\/tags?post=145662"}],"curies":[{"name":"wp","href":"https:\/\/api.w.org\/{rel}","templated":true}]}}