{"id":14566,"date":"2017-02-12T21:23:33","date_gmt":"2017-02-13T00:23:33","guid":{"rendered":"https:\/\/eldiariodesanpedro.com.ar\/sitio\/?p=14566"},"modified":"2026-01-24T00:31:04","modified_gmt":"2026-01-24T03:31:04","slug":"futbol-infantil-el-torneo-de-verano-esta-en-marcha","status":"publish","type":"post","link":"https:\/\/eldiariodesanpedro.com.ar\/sitio\/futbol-infantil-el-torneo-de-verano-esta-en-marcha\/","title":{"rendered":"F\u00daTBOL INFANTIL: El torneo de verano est\u00e1 en marcha"},"content":{"rendered":"<p><!-- VideographyWP Plugin Message: Automatic video embedding prevented by plugin options. --><br \/>\nComenz\u00f3 a disputarse el torneo de verano que organiza cada principio de a\u00f1o la Liga Infantil de F\u00fatbol. El jueves lo hizo la zona \u201cA\u201d, que es integrada por cinco equipos, mientras que el resto, de cuatro equipos, lo hizo el s\u00e1bado. Ayer por razones clim\u00e1ticas fue suspendida. Los resultados de cada zona:<\/p>\n<p><strong>Zona \u00abA\u00bb <\/strong><br \/>\nCancha Los Andes:<br \/>\nEl Porvenir, Racing, Los Andes, Pescadores y Am\u00e9rica.<\/p>\n<p>1ra fecha, zona \u00abA\u00bb.<br \/>\nRacing vs Pescadores<br \/>\n0-8 (2008) y 0-8 (2006)<\/p>\n<p>Los Andes vs El Povenir<br \/>\n0-8 (2008) y 0-5 (2008)<\/p>\n<p>2da fecha<br \/>\nLos Andes vs Racing<br \/>\n2-1 (08) y 2-2 (06)<\/p>\n<p>El Porvenir vs Am\u00e9rica<br \/>\n2-0 (2010) 4-0(2008)  2-1 (2006)<br \/>\nLibre: Pescadores<\/p>\n<p><strong>Zona \u00abB\u00bb<\/strong><br \/>\nCancha El Tanque: Independencia, Mitre, San Roque y El Tanque.<br \/>\n1ra fecha<\/p>\n<p>El Tanque vs Mitre<br \/>\n2-2(2010) 1-2 (2008)  0-2 (2006)<\/p>\n<p>San Roque vs Independencia<br \/>\n1-3 (2010) 2-1 (2008) 2-0 (2006)<\/p>\n<p><strong>Zona \u00abC\u00bb<\/strong><br \/>\nCancha Independiente RT: Villa Igoillo, Def. Unidos, Paran\u00e1 e Independiente R\u00edo Tala.<\/p>\n<p>1ra fecha<br \/>\nIndependiente RT vs V. Igoillo<br \/>\n2-2 (2010) 0-3 (2008) 0-3 (2006)<\/p>\n<p>Def. Unidos vs Paran\u00e1<br \/>\n0-8 (2008)  1-4 (2006)<\/p>\n<p><strong>Zona \u00abD\u00bb<\/strong><br \/>\nCancha Sportivo: Rivadavia, Costa Azul y Sportivo.<\/p>\n<p>1ra fecha<br \/>\nRivadavia vs Costa Azul<br \/>\n4-2 (2010) 3-1 (2008)  1-0 (2006)<\/p>\n<p>Libre: Sportivo.<\/p>\n<p><strong>Zona \u201cF\u201d<\/strong><br \/>\n1ra fecha<\/p>\n<p>Castro FC vs G. San Mart\u00edn<br \/>\n1-1\t(2010) 1-2 (2008) 0-7 (2006)<\/p>\n<p>C. C\u00f3rdoba vs Agricultores<br \/>\n0-0 (2010) 1-1 (2008)  0-4 (2006)<\/p>\n","protected":false},"excerpt":{"rendered":"<p>Comenz\u00f3 a disputarse el torneo de verano que organiza cada principio de a\u00f1o la Liga Infantil de F\u00fatbol. El jueves lo hizo la zona \u201cA\u201d, que es integrada por cinco equipos, mientras que el resto, de cuatro equipos, lo hizo el s\u00e1bado. Ayer por razones clim\u00e1ticas fue suspendida. Los resultados de cada zona: Zona \u00abA\u00bb [&hellip;]<\/p>\n","protected":false},"author":4,"featured_media":11060,"comment_status":"open","ping_status":"closed","sticky":false,"template":"","format":"standard","meta":{"om_disable_all_campaigns":false,"_jetpack_memberships_contains_paid_content":false,"footnotes":""},"categories":[5],"tags":[],"class_list":["post-14566","post","type-post","status-publish","format-standard","has-post-thumbnail","hentry","category-deportes"],"aioseo_notices":[],"gutentor_comment":0,"jetpack_featured_media_url":"https:\/\/eldiariodesanpedro.com.ar\/sitio\/wp-content\/uploads\/2016\/12\/futbol-5.jpg","jetpack_shortlink":"https:\/\/wp.me\/p6RhLt-3MW","jetpack_sharing_enabled":true,"_links":{"self":[{"href":"https:\/\/eldiariodesanpedro.com.ar\/sitio\/wp-json\/wp\/v2\/posts\/14566","targetHints":{"allow":["GET"]}}],"collection":[{"href":"https:\/\/eldiariodesanpedro.com.ar\/sitio\/wp-json\/wp\/v2\/posts"}],"about":[{"href":"https:\/\/eldiariodesanpedro.com.ar\/sitio\/wp-json\/wp\/v2\/types\/post"}],"author":[{"embeddable":true,"href":"https:\/\/eldiariodesanpedro.com.ar\/sitio\/wp-json\/wp\/v2\/users\/4"}],"replies":[{"embeddable":true,"href":"https:\/\/eldiariodesanpedro.com.ar\/sitio\/wp-json\/wp\/v2\/comments?post=14566"}],"version-history":[{"count":1,"href":"https:\/\/eldiariodesanpedro.com.ar\/sitio\/wp-json\/wp\/v2\/posts\/14566\/revisions"}],"predecessor-version":[{"id":14567,"href":"https:\/\/eldiariodesanpedro.com.ar\/sitio\/wp-json\/wp\/v2\/posts\/14566\/revisions\/14567"}],"wp:featuredmedia":[{"embeddable":true,"href":"https:\/\/eldiariodesanpedro.com.ar\/sitio\/wp-json\/wp\/v2\/media\/11060"}],"wp:attachment":[{"href":"https:\/\/eldiariodesanpedro.com.ar\/sitio\/wp-json\/wp\/v2\/media?parent=14566"}],"wp:term":[{"taxonomy":"category","embeddable":true,"href":"https:\/\/eldiariodesanpedro.com.ar\/sitio\/wp-json\/wp\/v2\/categories?post=14566"},{"taxonomy":"post_tag","embeddable":true,"href":"https:\/\/eldiariodesanpedro.com.ar\/sitio\/wp-json\/wp\/v2\/tags?post=14566"}],"curies":[{"name":"wp","href":"https:\/\/api.w.org\/{rel}","templated":true}]}}