{"id":145658,"date":"2025-12-04T17:42:52","date_gmt":"2025-12-04T20:42:52","guid":{"rendered":"https:\/\/eldiariodesanpedro.com.ar\/sitio\/?p=145658"},"modified":"2025-12-04T17:42:56","modified_gmt":"2025-12-04T20:42:56","slug":"masculino-de-19-anos-fue-aprehendido-dentro-de-un-utilitario-cuando-intentaba-sustraer-pertenencias","status":"publish","type":"post","link":"https:\/\/eldiariodesanpedro.com.ar\/sitio\/masculino-de-19-anos-fue-aprehendido-dentro-de-un-utilitario-cuando-intentaba-sustraer-pertenencias\/","title":{"rendered":"Masculino de 19 a\u00f1os fue aprehendido dentro de un utilitario cuando intentaba sustraer pertenencias"},"content":{"rendered":"<!-- VideographyWP Plugin Message: Automatic video embedding prevented by plugin options. -->\n\n<p>Un joven de 19 a\u00f1os fue detenido dentro de un utilitario Peugeot Partner tras el r\u00e1pido accionar policial, cuando intentaba sustraer pertenencias.<\/p>\n\n\n\n<p>En el d\u00eda de ayer, <strong>personal de la Comisar\u00eda Ra\u00edz<\/strong>, tras un llamado al <strong>911<\/strong>, actu\u00f3 de manera inmediata en <strong>calle Belgrano al 2000<\/strong>, donde <strong>aprehendieron a un joven de 19 a\u00f1os<\/strong> que se encontraba dentro de un veh\u00edculo utilitario <strong>Peugeot Partner blanco<\/strong>.<\/p>\n\n\n\n<p>Seg\u00fan informaron, el m\u00f3vil policial arrib\u00f3 r\u00e1pidamente al lugar y hall\u00f3 al individuo <strong>dentro del veh\u00edculo perteneciente a un hombre de 64 a\u00f1os<\/strong>, evidenciando <strong>claras intenciones il\u00edcitas<\/strong>.<br>La intervenci\u00f3n qued\u00f3 a cargo de la <strong>fiscal\u00eda local<\/strong>, que dispuso las actuaciones correspondientes.<\/p>\n\n\n\n<p>#Seguridad #Policiales #Robo #Aprehensi\u00f3n #SanPedro #Comisar\u00edaRa\u00edz<\/p>\n\n\n<div class=\"wp-block-image\">\n<figure class=\"aligncenter size-full\"><img decoding=\"async\" width=\"473\" height=\"630\" data-attachment-id=\"145660\" data-permalink=\"https:\/\/eldiariodesanpedro.com.ar\/sitio\/masculino-de-19-anos-fue-aprehendido-dentro-de-un-utilitario-cuando-intentaba-sustraer-pertenencias\/1-366\/\" data-orig-file=\"https:\/\/eldiariodesanpedro.com.ar\/sitio\/wp-content\/uploads\/2025\/12\/1-2.jpg\" data-orig-size=\"473,630\" data-comments-opened=\"0\" data-image-meta=\"{&quot;aperture&quot;:&quot;0&quot;,&quot;credit&quot;:&quot;&quot;,&quot;camera&quot;:&quot;&quot;,&quot;caption&quot;:&quot;&quot;,&quot;created_timestamp&quot;:&quot;0&quot;,&quot;copyright&quot;:&quot;&quot;,&quot;focal_length&quot;:&quot;0&quot;,&quot;iso&quot;:&quot;0&quot;,&quot;shutter_speed&quot;:&quot;0&quot;,&quot;title&quot;:&quot;&quot;,&quot;orientation&quot;:&quot;0&quot;}\" data-image-title=\"1\" data-image-description=\"\" data-image-caption=\"\" data-large-file=\"https:\/\/eldiariodesanpedro.com.ar\/sitio\/wp-content\/uploads\/2025\/12\/1-2.jpg\" data-src=\"https:\/\/eldiariodesanpedro.com.ar\/sitio\/wp-content\/uploads\/2025\/12\/1-2.jpg\" alt=\"\" class=\"wp-image-145660 lazyload\" data-srcset=\"https:\/\/eldiariodesanpedro.com.ar\/sitio\/wp-content\/uploads\/2025\/12\/1-2.jpg 473w, https:\/\/eldiariodesanpedro.com.ar\/sitio\/wp-content\/uploads\/2025\/12\/1-2-225x300.jpg 225w\" data-sizes=\"(max-width: 473px) 100vw, 473px\" src=\"data:image\/svg+xml;base64,PHN2ZyB3aWR0aD0iMSIgaGVpZ2h0PSIxIiB4bWxucz0iaHR0cDovL3d3dy53My5vcmcvMjAwMC9zdmciPjwvc3ZnPg==\" style=\"--smush-placeholder-width: 473px; --smush-placeholder-aspect-ratio: 473\/630;\" \/><\/figure>\n<\/div>","protected":false},"excerpt":{"rendered":"<p>Un joven de 19 a\u00f1os fue detenido dentro de un utilitario Peugeot Partner tras el r\u00e1pido accionar policial, cuando intentaba sustraer pertenencias. En el d\u00eda de ayer, personal de la Comisar\u00eda Ra\u00edz, tras un llamado al 911, actu\u00f3 de manera inmediata en calle Belgrano al 2000, donde aprehendieron a un joven de 19 a\u00f1os que [&hellip;]<\/p>\n","protected":false},"author":4,"featured_media":145659,"comment_status":"closed","ping_status":"closed","sticky":false,"template":"","format":"standard","meta":{"om_disable_all_campaigns":false,"_jetpack_memberships_contains_paid_content":false,"footnotes":""},"categories":[50,2,103],"tags":[5418,940,7358,4055,628,7708],"class_list":["post-145658","post","type-post","status-publish","format-standard","has-post-thumbnail","hentry","category-destacadas","category-locales","category-policiales-locales","tag-fiscalia-local","tag-intento-de-robo","tag-joven-aprehendido","tag-operativo-policial","tag-seguridad","tag-utilitario-peugeot-partner"],"aioseo_notices":[],"gutentor_comment":0,"jetpack_featured_media_url":"https:\/\/eldiariodesanpedro.com.ar\/sitio\/wp-content\/uploads\/2025\/12\/medida-1-1.jpg","jetpack_shortlink":"https:\/\/wp.me\/p6RhLt-BTk","jetpack_sharing_enabled":true,"_links":{"self":[{"href":"https:\/\/eldiariodesanpedro.com.ar\/sitio\/wp-json\/wp\/v2\/posts\/145658","targetHints":{"allow":["GET"]}}],"collection":[{"href":"https:\/\/eldiariodesanpedro.com.ar\/sitio\/wp-json\/wp\/v2\/posts"}],"about":[{"href":"https:\/\/eldiariodesanpedro.com.ar\/sitio\/wp-json\/wp\/v2\/types\/post"}],"author":[{"embeddable":true,"href":"https:\/\/eldiariodesanpedro.com.ar\/sitio\/wp-json\/wp\/v2\/users\/4"}],"replies":[{"embeddable":true,"href":"https:\/\/eldiariodesanpedro.com.ar\/sitio\/wp-json\/wp\/v2\/comments?post=145658"}],"version-history":[{"count":1,"href":"https:\/\/eldiariodesanpedro.com.ar\/sitio\/wp-json\/wp\/v2\/posts\/145658\/revisions"}],"predecessor-version":[{"id":145661,"href":"https:\/\/eldiariodesanpedro.com.ar\/sitio\/wp-json\/wp\/v2\/posts\/145658\/revisions\/145661"}],"wp:featuredmedia":[{"embeddable":true,"href":"https:\/\/eldiariodesanpedro.com.ar\/sitio\/wp-json\/wp\/v2\/media\/145659"}],"wp:attachment":[{"href":"https:\/\/eldiariodesanpedro.com.ar\/sitio\/wp-json\/wp\/v2\/media?parent=145658"}],"wp:term":[{"taxonomy":"category","embeddable":true,"href":"https:\/\/eldiariodesanpedro.com.ar\/sitio\/wp-json\/wp\/v2\/categories?post=145658"},{"taxonomy":"post_tag","embeddable":true,"href":"https:\/\/eldiariodesanpedro.com.ar\/sitio\/wp-json\/wp\/v2\/tags?post=145658"}],"curies":[{"name":"wp","href":"https:\/\/api.w.org\/{rel}","templated":true}]}}