{"id":145642,"date":"2025-12-04T14:54:31","date_gmt":"2025-12-04T17:54:31","guid":{"rendered":"https:\/\/eldiariodesanpedro.com.ar\/sitio\/?p=145642"},"modified":"2025-12-04T14:54:36","modified_gmt":"2025-12-04T17:54:36","slug":"entrega-de-elementos-del-programa-desde-el-aula-a-instituciones-educativas","status":"publish","type":"post","link":"https:\/\/eldiariodesanpedro.com.ar\/sitio\/entrega-de-elementos-del-programa-desde-el-aula-a-instituciones-educativas\/","title":{"rendered":"Entrega de elementos del programa \u201cDesde el Aula\u201d a instituciones educativas"},"content":{"rendered":"<!-- VideographyWP Plugin Message: Automatic video embedding prevented by plugin options. -->\n\n<p>La Municipalidad entreg\u00f3 materiales a escuelas en el marco del programa \u201cDesde el Aula\u201d, tras recuperar 12.000 kilos de reciclables en su etapa piloto.<\/p>\n\n\n\n<p>La Municipalidad de San Pedro, a trav\u00e9s de la <strong>Direcci\u00f3n de Medio Ambiente<\/strong>, realiz\u00f3 una <strong>nueva entrega de elementos a instituciones educativas<\/strong> participantes del programa <strong>\u201cDesde el Aula\u201d<\/strong>, iniciativa que cerr\u00f3 su etapa piloto tras tres meses de implementaci\u00f3n. Del encuentro participaron el <strong>Director de Ambiente, Gustavo Sol\u00e1<\/strong>, el <strong>Secretario de Desarrollo Econ\u00f3mico, Luciano Arias<\/strong>, y el <strong>Secretario de Desarrollo de la Comunidad, Walter S\u00e1nchez<\/strong>.<\/p>\n\n\n\n<p>Durante esta primera etapa, el programa permiti\u00f3 <strong>recuperar alrededor de 4.000 kilos de material reciclable por mes<\/strong>, alcanzando un total de <strong>12.000 kilos<\/strong>, una cifra que evidencia el <strong>fuerte compromiso de docentes, estudiantes y familias<\/strong>. Gracias a la separaci\u00f3n en origen y al traslado de materiales desde los hogares, la comunidad educativa demostr\u00f3 que la <strong>educaci\u00f3n ambiental es una construcci\u00f3n colectiva<\/strong>.<\/p>\n\n\n\n<p>En esta instancia se entregaron <strong>bancos de pl\u00e1stico reciclado, kits de huerta, pelotas y otros elementos<\/strong> a la <strong>Escuela Socorro<\/strong>, la <strong>Escuela N\u00ba 5<\/strong> y la <strong>Escuela N\u00ba 10<\/strong>, como reconocimiento al esfuerzo realizado para alcanzar los puntos necesarios. Estos recursos <strong>regresan a las instituciones<\/strong> como resultado directo del trabajo escolar, reforzando el concepto de <strong>Econom\u00eda Circular<\/strong>, donde los residuos se transforman en insumos \u00fatiles mediante la participaci\u00f3n estudiantil y el acompa\u00f1amiento de los recuperadores.<\/p>\n\n\n\n<p>Adem\u00e1s, el programa continuar\u00e1 en los pr\u00f3ximos d\u00edas con entregas a otras instituciones que tambi\u00e9n cumplieron los objetivos: el <strong>Jard\u00edn Calcutta<\/strong>, la <strong>Casa del Ni\u00f1o \u201cEl Amanecer\u201d<\/strong>, el <strong>Jard\u00edn Frutillitas<\/strong>, la <strong>Escuela Santos Quiroz<\/strong>, la <strong>Casa del Ni\u00f1o Paula Albarrac\u00edn<\/strong>, la <strong>Escuela N\u00ba 45 de Bajo Tala<\/strong>, la <strong>Escuela N\u00ba 7<\/strong>, la <strong>Escuela de Educaci\u00f3n Especial 502<\/strong>, la <strong>Primaria 10 y Secundaria 14<\/strong>, el <strong>Colegio San Francisco<\/strong>, la <strong>Primaria 13 y Secundaria 5<\/strong>, la <strong>Escuela de Educaci\u00f3n Agraria<\/strong>, el <strong>Colegio Socorro<\/strong> y la <strong>Escuela N\u00ba 19<\/strong>, ampliando el impacto del programa en toda la comunidad educativa.<\/p>\n\n\n\n<p>Con resultados altamente positivos, <strong>\u201cDesde el Aula\u201d continuar\u00e1 en 2026<\/strong>, profundizando la recuperaci\u00f3n de reciclables, la construcci\u00f3n de h\u00e1bitos sostenibles y la <strong>participaci\u00f3n activa de las infancias en el cuidado del ambiente<\/strong>.<\/p>\n\n\n\n<p>#SanPedro #DesdeElAula #Reciclaje #Educaci\u00f3nAmbiental #Econom\u00edaCircular #MedioAmbiente #Escuelas<\/p>\n\n\n\n<div class=\"wp-block-jetpack-slideshow aligncenter\" data-effect=\"slide\"><div class=\"wp-block-jetpack-slideshow_container swiper-container\"><ul class=\"wp-block-jetpack-slideshow_swiper-wrapper swiper-wrapper\"><li class=\"wp-block-jetpack-slideshow_slide swiper-slide\"><figure><img decoding=\"async\" width=\"946\" height=\"630\" alt=\"\" class=\"wp-block-jetpack-slideshow_image wp-image-145647 lazyload\" data-id=\"145647\" data-src=\"https:\/\/eldiariodesanpedro.com.ar\/sitio\/wp-content\/uploads\/2025\/12\/Imagen-de-WhatsApp-2025-12-04-a-las-13.26.43_8ec4346e.jpg\" data-srcset=\"https:\/\/eldiariodesanpedro.com.ar\/sitio\/wp-content\/uploads\/2025\/12\/Imagen-de-WhatsApp-2025-12-04-a-las-13.26.43_8ec4346e.jpg 946w, https:\/\/eldiariodesanpedro.com.ar\/sitio\/wp-content\/uploads\/2025\/12\/Imagen-de-WhatsApp-2025-12-04-a-las-13.26.43_8ec4346e-300x200.jpg 300w, https:\/\/eldiariodesanpedro.com.ar\/sitio\/wp-content\/uploads\/2025\/12\/Imagen-de-WhatsApp-2025-12-04-a-las-13.26.43_8ec4346e-768x511.jpg 768w\" data-sizes=\"(max-width: 946px) 100vw, 946px\" src=\"data:image\/svg+xml;base64,PHN2ZyB3aWR0aD0iMSIgaGVpZ2h0PSIxIiB4bWxucz0iaHR0cDovL3d3dy53My5vcmcvMjAwMC9zdmciPjwvc3ZnPg==\" style=\"--smush-placeholder-width: 946px; --smush-placeholder-aspect-ratio: 946\/630;\" \/><\/figure><\/li><li class=\"wp-block-jetpack-slideshow_slide swiper-slide\"><figure><img decoding=\"async\" width=\"946\" height=\"630\" alt=\"\" class=\"wp-block-jetpack-slideshow_image wp-image-145646 lazyload\" data-id=\"145646\" data-src=\"https:\/\/eldiariodesanpedro.com.ar\/sitio\/wp-content\/uploads\/2025\/12\/Imagen-de-WhatsApp-2025-12-04-a-las-13.26.42_fb541556.jpg\" data-srcset=\"https:\/\/eldiariodesanpedro.com.ar\/sitio\/wp-content\/uploads\/2025\/12\/Imagen-de-WhatsApp-2025-12-04-a-las-13.26.42_fb541556.jpg 946w, https:\/\/eldiariodesanpedro.com.ar\/sitio\/wp-content\/uploads\/2025\/12\/Imagen-de-WhatsApp-2025-12-04-a-las-13.26.42_fb541556-300x200.jpg 300w, https:\/\/eldiariodesanpedro.com.ar\/sitio\/wp-content\/uploads\/2025\/12\/Imagen-de-WhatsApp-2025-12-04-a-las-13.26.42_fb541556-768x511.jpg 768w\" data-sizes=\"(max-width: 946px) 100vw, 946px\" src=\"data:image\/svg+xml;base64,PHN2ZyB3aWR0aD0iMSIgaGVpZ2h0PSIxIiB4bWxucz0iaHR0cDovL3d3dy53My5vcmcvMjAwMC9zdmciPjwvc3ZnPg==\" style=\"--smush-placeholder-width: 946px; --smush-placeholder-aspect-ratio: 946\/630;\" \/><\/figure><\/li><li class=\"wp-block-jetpack-slideshow_slide swiper-slide\"><figure><img decoding=\"async\" width=\"946\" height=\"630\" alt=\"\" class=\"wp-block-jetpack-slideshow_image wp-image-145645 lazyload\" data-id=\"145645\" data-src=\"https:\/\/eldiariodesanpedro.com.ar\/sitio\/wp-content\/uploads\/2025\/12\/Imagen-de-WhatsApp-2025-12-04-a-las-13.26.42_848ee52a.jpg\" data-srcset=\"https:\/\/eldiariodesanpedro.com.ar\/sitio\/wp-content\/uploads\/2025\/12\/Imagen-de-WhatsApp-2025-12-04-a-las-13.26.42_848ee52a.jpg 946w, https:\/\/eldiariodesanpedro.com.ar\/sitio\/wp-content\/uploads\/2025\/12\/Imagen-de-WhatsApp-2025-12-04-a-las-13.26.42_848ee52a-300x200.jpg 300w, https:\/\/eldiariodesanpedro.com.ar\/sitio\/wp-content\/uploads\/2025\/12\/Imagen-de-WhatsApp-2025-12-04-a-las-13.26.42_848ee52a-768x511.jpg 768w\" data-sizes=\"(max-width: 946px) 100vw, 946px\" src=\"data:image\/svg+xml;base64,PHN2ZyB3aWR0aD0iMSIgaGVpZ2h0PSIxIiB4bWxucz0iaHR0cDovL3d3dy53My5vcmcvMjAwMC9zdmciPjwvc3ZnPg==\" style=\"--smush-placeholder-width: 946px; --smush-placeholder-aspect-ratio: 946\/630;\" \/><\/figure><\/li><li class=\"wp-block-jetpack-slideshow_slide swiper-slide\"><figure><img decoding=\"async\" width=\"946\" height=\"630\" alt=\"\" class=\"wp-block-jetpack-slideshow_image wp-image-145648 lazyload\" data-id=\"145648\" data-src=\"https:\/\/eldiariodesanpedro.com.ar\/sitio\/wp-content\/uploads\/2025\/12\/Imagen-de-WhatsApp-2025-12-04-a-las-13.26.43_218e7829.jpg\" data-srcset=\"https:\/\/eldiariodesanpedro.com.ar\/sitio\/wp-content\/uploads\/2025\/12\/Imagen-de-WhatsApp-2025-12-04-a-las-13.26.43_218e7829.jpg 946w, https:\/\/eldiariodesanpedro.com.ar\/sitio\/wp-content\/uploads\/2025\/12\/Imagen-de-WhatsApp-2025-12-04-a-las-13.26.43_218e7829-300x200.jpg 300w, https:\/\/eldiariodesanpedro.com.ar\/sitio\/wp-content\/uploads\/2025\/12\/Imagen-de-WhatsApp-2025-12-04-a-las-13.26.43_218e7829-768x511.jpg 768w\" data-sizes=\"(max-width: 946px) 100vw, 946px\" src=\"data:image\/svg+xml;base64,PHN2ZyB3aWR0aD0iMSIgaGVpZ2h0PSIxIiB4bWxucz0iaHR0cDovL3d3dy53My5vcmcvMjAwMC9zdmciPjwvc3ZnPg==\" style=\"--smush-placeholder-width: 946px; --smush-placeholder-aspect-ratio: 946\/630;\" \/><\/figure><\/li><li class=\"wp-block-jetpack-slideshow_slide swiper-slide\"><figure><img decoding=\"async\" width=\"946\" height=\"630\" alt=\"\" class=\"wp-block-jetpack-slideshow_image wp-image-145643 lazyload\" data-id=\"145643\" data-src=\"https:\/\/eldiariodesanpedro.com.ar\/sitio\/wp-content\/uploads\/2025\/12\/Imagen-de-WhatsApp-2025-12-04-a-las-13.26.41_8ce540e6.jpg\" data-srcset=\"https:\/\/eldiariodesanpedro.com.ar\/sitio\/wp-content\/uploads\/2025\/12\/Imagen-de-WhatsApp-2025-12-04-a-las-13.26.41_8ce540e6.jpg 946w, https:\/\/eldiariodesanpedro.com.ar\/sitio\/wp-content\/uploads\/2025\/12\/Imagen-de-WhatsApp-2025-12-04-a-las-13.26.41_8ce540e6-300x200.jpg 300w, https:\/\/eldiariodesanpedro.com.ar\/sitio\/wp-content\/uploads\/2025\/12\/Imagen-de-WhatsApp-2025-12-04-a-las-13.26.41_8ce540e6-768x511.jpg 768w\" data-sizes=\"(max-width: 946px) 100vw, 946px\" src=\"data:image\/svg+xml;base64,PHN2ZyB3aWR0aD0iMSIgaGVpZ2h0PSIxIiB4bWxucz0iaHR0cDovL3d3dy53My5vcmcvMjAwMC9zdmciPjwvc3ZnPg==\" style=\"--smush-placeholder-width: 946px; --smush-placeholder-aspect-ratio: 946\/630;\" \/><\/figure><\/li><\/ul><a class=\"wp-block-jetpack-slideshow_button-prev swiper-button-prev swiper-button-white\" role=\"button\"><\/a><a class=\"wp-block-jetpack-slideshow_button-next swiper-button-next swiper-button-white\" role=\"button\"><\/a><a aria-label=\"Pause Slideshow\" class=\"wp-block-jetpack-slideshow_button-pause\" role=\"button\"><\/a><div class=\"wp-block-jetpack-slideshow_pagination swiper-pagination swiper-pagination-white\"><\/div><\/div><\/div>\n","protected":false},"excerpt":{"rendered":"<p>La Municipalidad entreg\u00f3 materiales a escuelas en el marco del programa \u201cDesde el Aula\u201d, tras recuperar 12.000 kilos de reciclables en su etapa piloto. La Municipalidad de San Pedro, a trav\u00e9s de la Direcci\u00f3n de Medio Ambiente, realiz\u00f3 una nueva entrega de elementos a instituciones educativas participantes del programa \u201cDesde el Aula\u201d, iniciativa que cerr\u00f3 [&hellip;]<\/p>\n","protected":false},"author":4,"featured_media":145644,"comment_status":"closed","ping_status":"closed","sticky":false,"template":"","format":"standard","meta":{"om_disable_all_campaigns":false,"_jetpack_memberships_contains_paid_content":false,"footnotes":""},"categories":[101,2],"tags":[7699,5850,7698,5849,7697,19],"class_list":["post-145642","post","type-post","status-publish","format-standard","has-post-thumbnail","hentry","category-interes-general-locales","category-locales","tag-economia-circular-municipal","tag-educacion-ambiental-san-pedro","tag-entrega-de-materiales-reciclados","tag-programa-desde-el-aula","tag-reciclaje-escuelas","tag-san-pedro"],"aioseo_notices":[],"gutentor_comment":0,"jetpack_featured_media_url":"https:\/\/eldiariodesanpedro.com.ar\/sitio\/wp-content\/uploads\/2025\/12\/Imagen-de-WhatsApp-2025-12-04-a-las-13.26.41_a3b3ee88.jpg","jetpack_shortlink":"https:\/\/wp.me\/p6RhLt-BT4","jetpack_sharing_enabled":true,"_links":{"self":[{"href":"https:\/\/eldiariodesanpedro.com.ar\/sitio\/wp-json\/wp\/v2\/posts\/145642","targetHints":{"allow":["GET"]}}],"collection":[{"href":"https:\/\/eldiariodesanpedro.com.ar\/sitio\/wp-json\/wp\/v2\/posts"}],"about":[{"href":"https:\/\/eldiariodesanpedro.com.ar\/sitio\/wp-json\/wp\/v2\/types\/post"}],"author":[{"embeddable":true,"href":"https:\/\/eldiariodesanpedro.com.ar\/sitio\/wp-json\/wp\/v2\/users\/4"}],"replies":[{"embeddable":true,"href":"https:\/\/eldiariodesanpedro.com.ar\/sitio\/wp-json\/wp\/v2\/comments?post=145642"}],"version-history":[{"count":1,"href":"https:\/\/eldiariodesanpedro.com.ar\/sitio\/wp-json\/wp\/v2\/posts\/145642\/revisions"}],"predecessor-version":[{"id":145649,"href":"https:\/\/eldiariodesanpedro.com.ar\/sitio\/wp-json\/wp\/v2\/posts\/145642\/revisions\/145649"}],"wp:featuredmedia":[{"embeddable":true,"href":"https:\/\/eldiariodesanpedro.com.ar\/sitio\/wp-json\/wp\/v2\/media\/145644"}],"wp:attachment":[{"href":"https:\/\/eldiariodesanpedro.com.ar\/sitio\/wp-json\/wp\/v2\/media?parent=145642"}],"wp:term":[{"taxonomy":"category","embeddable":true,"href":"https:\/\/eldiariodesanpedro.com.ar\/sitio\/wp-json\/wp\/v2\/categories?post=145642"},{"taxonomy":"post_tag","embeddable":true,"href":"https:\/\/eldiariodesanpedro.com.ar\/sitio\/wp-json\/wp\/v2\/tags?post=145642"}],"curies":[{"name":"wp","href":"https:\/\/api.w.org\/{rel}","templated":true}]}}