{"id":145636,"date":"2025-12-03T17:20:48","date_gmt":"2025-12-03T20:20:48","guid":{"rendered":"https:\/\/eldiariodesanpedro.com.ar\/sitio\/?p=145636"},"modified":"2025-12-03T17:20:52","modified_gmt":"2025-12-03T20:20:52","slug":"cierre-de-actividades-en-la-direccion-de-adultos-mayores","status":"publish","type":"post","link":"https:\/\/eldiariodesanpedro.com.ar\/sitio\/cierre-de-actividades-en-la-direccion-de-adultos-mayores\/","title":{"rendered":"Cierre de actividades en la Direcci\u00f3n de Adultos Mayores"},"content":{"rendered":"<!-- VideographyWP Plugin Message: Automatic video embedding prevented by plugin options. -->\n\n<p>La Municipalidad acompa\u00f1a el cierre anual de talleres de Adultos Mayores, con actividades que promovieron movimiento, bienestar y participaci\u00f3n comunitaria.<\/p>\n\n\n\n<p>La Municipalidad de San Pedro inform\u00f3 que <strong>las propuestas de la Direcci\u00f3n de Adultos Mayores est\u00e1n transitando su cierre anual<\/strong>, concluyendo un ciclo de <strong>trabajo, participaci\u00f3n y acompa\u00f1amiento comunitario<\/strong> impulsado por la Secretar\u00eda de Desarrollo de la Comunidad.<\/p>\n\n\n\n<p>En este contexto, este mi\u00e9rcoles se desarroll\u00f3 la <strong>\u00faltima clase del taller de Yoga<\/strong>, una de las actividades m\u00e1s concurridas del \u00e1rea, que durante todo el a\u00f1o foment\u00f3 <strong>movimiento saludable, relajaci\u00f3n y espacios de encuentro<\/strong> entre las y los participantes.<\/p>\n\n\n\n<p>A su vez, el <strong>taller de Movimiento Expresivo<\/strong> contin\u00faa en marcha y <strong>finalizar\u00e1 el 16 de diciembre<\/strong>, manteniendo encuentros semanales que integran <strong>actividad f\u00edsica, creatividad y socializaci\u00f3n<\/strong>, consolidando un espacio clave para el <strong>bienestar emocional y corporal<\/strong> de adultas y adultos mayores.<\/p>\n\n\n\n<p>Desde la Direcci\u00f3n de Adultos Mayores expresaron su <strong>agradecimiento por la participaci\u00f3n y el compromiso<\/strong> de quienes formaron parte de estos talleres a lo largo del a\u00f1o, reafirmando la voluntad de <strong>seguir ampliando y fortaleciendo propuestas<\/strong> que impulsen la inclusi\u00f3n, el acompa\u00f1amiento y la calidad de vida en la comunidad.<\/p>\n\n\n\n<p>#SanPedro #NoticiasSanPedro #AdultosMayores #DesarrolloDeLaComunidad #Bienestar #Yoga #MovimientoExpresivo #Inclusi\u00f3n #CalidadDeVida<\/p>\n\n\n\n<div class=\"wp-block-jetpack-slideshow aligncenter\" data-effect=\"slide\"><div class=\"wp-block-jetpack-slideshow_container swiper-container\"><ul class=\"wp-block-jetpack-slideshow_swiper-wrapper swiper-wrapper\"><li class=\"wp-block-jetpack-slideshow_slide swiper-slide\"><figure><img decoding=\"async\" width=\"840\" height=\"630\" alt=\"\" class=\"wp-block-jetpack-slideshow_image wp-image-145640 lazyload\" data-id=\"145640\" data-src=\"https:\/\/eldiariodesanpedro.com.ar\/sitio\/wp-content\/uploads\/2025\/12\/589194199_18342161041237828_2484700354777429607_n.jpeg\" data-srcset=\"https:\/\/eldiariodesanpedro.com.ar\/sitio\/wp-content\/uploads\/2025\/12\/589194199_18342161041237828_2484700354777429607_n.jpeg 840w, https:\/\/eldiariodesanpedro.com.ar\/sitio\/wp-content\/uploads\/2025\/12\/589194199_18342161041237828_2484700354777429607_n-300x225.jpeg 300w, https:\/\/eldiariodesanpedro.com.ar\/sitio\/wp-content\/uploads\/2025\/12\/589194199_18342161041237828_2484700354777429607_n-768x576.jpeg 768w, https:\/\/eldiariodesanpedro.com.ar\/sitio\/wp-content\/uploads\/2025\/12\/589194199_18342161041237828_2484700354777429607_n-272x204.jpeg 272w\" data-sizes=\"(max-width: 840px) 100vw, 840px\" src=\"data:image\/svg+xml;base64,PHN2ZyB3aWR0aD0iMSIgaGVpZ2h0PSIxIiB4bWxucz0iaHR0cDovL3d3dy53My5vcmcvMjAwMC9zdmciPjwvc3ZnPg==\" style=\"--smush-placeholder-width: 840px; --smush-placeholder-aspect-ratio: 840\/630;\" \/><\/figure><\/li><li class=\"wp-block-jetpack-slideshow_slide swiper-slide\"><figure><img decoding=\"async\" width=\"840\" height=\"630\" alt=\"\" class=\"wp-block-jetpack-slideshow_image wp-image-145639 lazyload\" data-id=\"145639\" data-src=\"https:\/\/eldiariodesanpedro.com.ar\/sitio\/wp-content\/uploads\/2025\/12\/587946014_18342161023237828_2415387319855257698_n.jpeg\" data-srcset=\"https:\/\/eldiariodesanpedro.com.ar\/sitio\/wp-content\/uploads\/2025\/12\/587946014_18342161023237828_2415387319855257698_n.jpeg 840w, https:\/\/eldiariodesanpedro.com.ar\/sitio\/wp-content\/uploads\/2025\/12\/587946014_18342161023237828_2415387319855257698_n-300x225.jpeg 300w, https:\/\/eldiariodesanpedro.com.ar\/sitio\/wp-content\/uploads\/2025\/12\/587946014_18342161023237828_2415387319855257698_n-768x576.jpeg 768w, https:\/\/eldiariodesanpedro.com.ar\/sitio\/wp-content\/uploads\/2025\/12\/587946014_18342161023237828_2415387319855257698_n-272x204.jpeg 272w\" data-sizes=\"(max-width: 840px) 100vw, 840px\" src=\"data:image\/svg+xml;base64,PHN2ZyB3aWR0aD0iMSIgaGVpZ2h0PSIxIiB4bWxucz0iaHR0cDovL3d3dy53My5vcmcvMjAwMC9zdmciPjwvc3ZnPg==\" style=\"--smush-placeholder-width: 840px; --smush-placeholder-aspect-ratio: 840\/630;\" \/><\/figure><\/li><li class=\"wp-block-jetpack-slideshow_slide swiper-slide\"><figure><img decoding=\"async\" width=\"840\" height=\"630\" alt=\"\" class=\"wp-block-jetpack-slideshow_image wp-image-145637 lazyload\" data-id=\"145637\" data-src=\"https:\/\/eldiariodesanpedro.com.ar\/sitio\/wp-content\/uploads\/2025\/12\/587404747_18342161014237828_4259775538309796483_n.jpeg\" data-srcset=\"https:\/\/eldiariodesanpedro.com.ar\/sitio\/wp-content\/uploads\/2025\/12\/587404747_18342161014237828_4259775538309796483_n.jpeg 840w, https:\/\/eldiariodesanpedro.com.ar\/sitio\/wp-content\/uploads\/2025\/12\/587404747_18342161014237828_4259775538309796483_n-300x225.jpeg 300w, https:\/\/eldiariodesanpedro.com.ar\/sitio\/wp-content\/uploads\/2025\/12\/587404747_18342161014237828_4259775538309796483_n-768x576.jpeg 768w, https:\/\/eldiariodesanpedro.com.ar\/sitio\/wp-content\/uploads\/2025\/12\/587404747_18342161014237828_4259775538309796483_n-272x204.jpeg 272w\" data-sizes=\"(max-width: 840px) 100vw, 840px\" src=\"data:image\/svg+xml;base64,PHN2ZyB3aWR0aD0iMSIgaGVpZ2h0PSIxIiB4bWxucz0iaHR0cDovL3d3dy53My5vcmcvMjAwMC9zdmciPjwvc3ZnPg==\" style=\"--smush-placeholder-width: 840px; --smush-placeholder-aspect-ratio: 840\/630;\" \/><\/figure><\/li><\/ul><a class=\"wp-block-jetpack-slideshow_button-prev swiper-button-prev swiper-button-white\" role=\"button\"><\/a><a class=\"wp-block-jetpack-slideshow_button-next swiper-button-next swiper-button-white\" role=\"button\"><\/a><a aria-label=\"Pause Slideshow\" class=\"wp-block-jetpack-slideshow_button-pause\" role=\"button\"><\/a><div class=\"wp-block-jetpack-slideshow_pagination swiper-pagination swiper-pagination-white\"><\/div><\/div><\/div>\n","protected":false},"excerpt":{"rendered":"<p>La Municipalidad acompa\u00f1a el cierre anual de talleres de Adultos Mayores, con actividades que promovieron movimiento, bienestar y participaci\u00f3n comunitaria. La Municipalidad de San Pedro inform\u00f3 que las propuestas de la Direcci\u00f3n de Adultos Mayores est\u00e1n transitando su cierre anual, concluyendo un ciclo de trabajo, participaci\u00f3n y acompa\u00f1amiento comunitario impulsado por la Secretar\u00eda de Desarrollo [&hellip;]<\/p>\n","protected":false},"author":4,"featured_media":145638,"comment_status":"closed","ping_status":"closed","sticky":false,"template":"","format":"standard","meta":{"om_disable_all_campaigns":false,"_jetpack_memberships_contains_paid_content":false,"footnotes":""},"categories":[101,2],"tags":[7696,3853,7695,3878,7694,19,6877,7693],"class_list":["post-145636","post","type-post","status-publish","format-standard","has-post-thumbnail","hentry","category-interes-general-locales","category-locales","tag-actividades-municipales","tag-adultos-mayores","tag-bienestar","tag-inclusion","tag-movimiento-expresivo","tag-san-pedro","tag-talleres-municipales","tag-yoga"],"aioseo_notices":[],"gutentor_comment":0,"jetpack_featured_media_url":"https:\/\/eldiariodesanpedro.com.ar\/sitio\/wp-content\/uploads\/2025\/12\/587875390_18342161032237828_1074378170325466669_n.jpeg","jetpack_shortlink":"https:\/\/wp.me\/p6RhLt-BSY","jetpack_sharing_enabled":true,"_links":{"self":[{"href":"https:\/\/eldiariodesanpedro.com.ar\/sitio\/wp-json\/wp\/v2\/posts\/145636","targetHints":{"allow":["GET"]}}],"collection":[{"href":"https:\/\/eldiariodesanpedro.com.ar\/sitio\/wp-json\/wp\/v2\/posts"}],"about":[{"href":"https:\/\/eldiariodesanpedro.com.ar\/sitio\/wp-json\/wp\/v2\/types\/post"}],"author":[{"embeddable":true,"href":"https:\/\/eldiariodesanpedro.com.ar\/sitio\/wp-json\/wp\/v2\/users\/4"}],"replies":[{"embeddable":true,"href":"https:\/\/eldiariodesanpedro.com.ar\/sitio\/wp-json\/wp\/v2\/comments?post=145636"}],"version-history":[{"count":1,"href":"https:\/\/eldiariodesanpedro.com.ar\/sitio\/wp-json\/wp\/v2\/posts\/145636\/revisions"}],"predecessor-version":[{"id":145641,"href":"https:\/\/eldiariodesanpedro.com.ar\/sitio\/wp-json\/wp\/v2\/posts\/145636\/revisions\/145641"}],"wp:featuredmedia":[{"embeddable":true,"href":"https:\/\/eldiariodesanpedro.com.ar\/sitio\/wp-json\/wp\/v2\/media\/145638"}],"wp:attachment":[{"href":"https:\/\/eldiariodesanpedro.com.ar\/sitio\/wp-json\/wp\/v2\/media?parent=145636"}],"wp:term":[{"taxonomy":"category","embeddable":true,"href":"https:\/\/eldiariodesanpedro.com.ar\/sitio\/wp-json\/wp\/v2\/categories?post=145636"},{"taxonomy":"post_tag","embeddable":true,"href":"https:\/\/eldiariodesanpedro.com.ar\/sitio\/wp-json\/wp\/v2\/tags?post=145636"}],"curies":[{"name":"wp","href":"https:\/\/api.w.org\/{rel}","templated":true}]}}