{"id":145623,"date":"2025-12-03T16:22:52","date_gmt":"2025-12-03T19:22:52","guid":{"rendered":"https:\/\/eldiariodesanpedro.com.ar\/sitio\/?p=145623"},"modified":"2025-12-03T16:22:56","modified_gmt":"2025-12-03T19:22:56","slug":"hallan-una-moto-abandonada-en-la-via-publica","status":"publish","type":"post","link":"https:\/\/eldiariodesanpedro.com.ar\/sitio\/hallan-una-moto-abandonada-en-la-via-publica\/","title":{"rendered":"Hallan una moto abandonada en la v\u00eda p\u00fablica"},"content":{"rendered":"<!-- VideographyWP Plugin Message: Automatic video embedding prevented by plugin options. -->\n\n<p>Personal policial encontr\u00f3 una moto Keller 110 cc abandonada en G\u00fcemes y Mateo Sbert; la numeraci\u00f3n no presentaba impedimentos legales.<\/p>\n\n\n\n<p>En un procedimiento realizado durante una recorrida preventiva, <strong>personal policial hall\u00f3 un motoveh\u00edculo abandonado<\/strong> en la intersecci\u00f3n de <strong>calle G\u00fcemes y Mateo Sbert<\/strong>. Se trataba de una <strong>moto marca Keller 110 cc color gris, sin patente<\/strong>, que se encontraba estacionada en la v\u00eda p\u00fablica sin ocupantes.<\/p>\n\n\n\n<p>Tras la verificaci\u00f3n correspondiente, <strong>la numeraci\u00f3n registral fue cursada y no present\u00f3 impedimentos legales<\/strong>, por lo que se inici\u00f3 la intervenci\u00f3n de la <strong>fiscal\u00eda local<\/strong> para continuar con las actuaciones de rigor.<\/p>\n\n\n\n<p>#SanPedro #Policiales #Hallazgo #MotoAbandonada #Seguridad<\/p>\n\n\n<div class=\"wp-block-image\">\n<figure class=\"aligncenter size-full\"><img decoding=\"async\" width=\"675\" height=\"586\" data-attachment-id=\"145625\" data-permalink=\"https:\/\/eldiariodesanpedro.com.ar\/sitio\/hallan-una-moto-abandonada-en-la-via-publica\/9-35\/\" data-orig-file=\"https:\/\/eldiariodesanpedro.com.ar\/sitio\/wp-content\/uploads\/2025\/12\/9.jpg\" data-orig-size=\"675,586\" data-comments-opened=\"0\" data-image-meta=\"{&quot;aperture&quot;:&quot;0&quot;,&quot;credit&quot;:&quot;&quot;,&quot;camera&quot;:&quot;&quot;,&quot;caption&quot;:&quot;&quot;,&quot;created_timestamp&quot;:&quot;0&quot;,&quot;copyright&quot;:&quot;&quot;,&quot;focal_length&quot;:&quot;0&quot;,&quot;iso&quot;:&quot;0&quot;,&quot;shutter_speed&quot;:&quot;0&quot;,&quot;title&quot;:&quot;&quot;,&quot;orientation&quot;:&quot;0&quot;}\" data-image-title=\"9\" data-image-description=\"\" data-image-caption=\"\" data-large-file=\"https:\/\/eldiariodesanpedro.com.ar\/sitio\/wp-content\/uploads\/2025\/12\/9.jpg\" data-src=\"https:\/\/eldiariodesanpedro.com.ar\/sitio\/wp-content\/uploads\/2025\/12\/9.jpg\" alt=\"\" class=\"wp-image-145625 lazyload\" data-srcset=\"https:\/\/eldiariodesanpedro.com.ar\/sitio\/wp-content\/uploads\/2025\/12\/9.jpg 675w, https:\/\/eldiariodesanpedro.com.ar\/sitio\/wp-content\/uploads\/2025\/12\/9-300x260.jpg 300w\" data-sizes=\"(max-width: 675px) 100vw, 675px\" src=\"data:image\/svg+xml;base64,PHN2ZyB3aWR0aD0iMSIgaGVpZ2h0PSIxIiB4bWxucz0iaHR0cDovL3d3dy53My5vcmcvMjAwMC9zdmciPjwvc3ZnPg==\" style=\"--smush-placeholder-width: 675px; --smush-placeholder-aspect-ratio: 675\/586;\" \/><\/figure>\n<\/div>","protected":false},"excerpt":{"rendered":"<p>Personal policial encontr\u00f3 una moto Keller 110 cc abandonada en G\u00fcemes y Mateo Sbert; la numeraci\u00f3n no presentaba impedimentos legales. En un procedimiento realizado durante una recorrida preventiva, personal policial hall\u00f3 un motoveh\u00edculo abandonado en la intersecci\u00f3n de calle G\u00fcemes y Mateo Sbert. Se trataba de una moto marca Keller 110 cc color gris, sin [&hellip;]<\/p>\n","protected":false},"author":4,"featured_media":145624,"comment_status":"closed","ping_status":"closed","sticky":false,"template":"","format":"standard","meta":{"om_disable_all_campaigns":false,"_jetpack_memberships_contains_paid_content":false,"footnotes":""},"categories":[2,103],"tags":[5418,7682,7684,7683,5345],"class_list":["post-145623","post","type-post","status-publish","format-standard","has-post-thumbnail","hentry","category-locales","category-policiales-locales","tag-fiscalia-local","tag-hallazgo-policial-san-pedro","tag-keller-110","tag-motovehiculo-abandonado","tag-seguridad-urbana"],"aioseo_notices":[],"gutentor_comment":0,"jetpack_featured_media_url":"https:\/\/eldiariodesanpedro.com.ar\/sitio\/wp-content\/uploads\/2025\/12\/medida-16.jpg","jetpack_shortlink":"https:\/\/wp.me\/p6RhLt-BSL","jetpack_sharing_enabled":true,"_links":{"self":[{"href":"https:\/\/eldiariodesanpedro.com.ar\/sitio\/wp-json\/wp\/v2\/posts\/145623","targetHints":{"allow":["GET"]}}],"collection":[{"href":"https:\/\/eldiariodesanpedro.com.ar\/sitio\/wp-json\/wp\/v2\/posts"}],"about":[{"href":"https:\/\/eldiariodesanpedro.com.ar\/sitio\/wp-json\/wp\/v2\/types\/post"}],"author":[{"embeddable":true,"href":"https:\/\/eldiariodesanpedro.com.ar\/sitio\/wp-json\/wp\/v2\/users\/4"}],"replies":[{"embeddable":true,"href":"https:\/\/eldiariodesanpedro.com.ar\/sitio\/wp-json\/wp\/v2\/comments?post=145623"}],"version-history":[{"count":1,"href":"https:\/\/eldiariodesanpedro.com.ar\/sitio\/wp-json\/wp\/v2\/posts\/145623\/revisions"}],"predecessor-version":[{"id":145626,"href":"https:\/\/eldiariodesanpedro.com.ar\/sitio\/wp-json\/wp\/v2\/posts\/145623\/revisions\/145626"}],"wp:featuredmedia":[{"embeddable":true,"href":"https:\/\/eldiariodesanpedro.com.ar\/sitio\/wp-json\/wp\/v2\/media\/145624"}],"wp:attachment":[{"href":"https:\/\/eldiariodesanpedro.com.ar\/sitio\/wp-json\/wp\/v2\/media?parent=145623"}],"wp:term":[{"taxonomy":"category","embeddable":true,"href":"https:\/\/eldiariodesanpedro.com.ar\/sitio\/wp-json\/wp\/v2\/categories?post=145623"},{"taxonomy":"post_tag","embeddable":true,"href":"https:\/\/eldiariodesanpedro.com.ar\/sitio\/wp-json\/wp\/v2\/tags?post=145623"}],"curies":[{"name":"wp","href":"https:\/\/api.w.org\/{rel}","templated":true}]}}