{"id":145616,"date":"2025-12-03T16:01:27","date_gmt":"2025-12-03T19:01:27","guid":{"rendered":"https:\/\/eldiariodesanpedro.com.ar\/sitio\/?p=145616"},"modified":"2025-12-03T16:06:41","modified_gmt":"2025-12-03T19:06:41","slug":"allanamiento-permite-esclarecer-un-robo-agravado-en-poblado-y-en-banda-con-dos-aprehendidos","status":"publish","type":"post","link":"https:\/\/eldiariodesanpedro.com.ar\/sitio\/allanamiento-permite-esclarecer-un-robo-agravado-en-poblado-y-en-banda-con-dos-aprehendidos\/","title":{"rendered":"Allanamiento permite esclarecer un robo agravado en poblado y en banda con dos aprehendidos"},"content":{"rendered":"<!-- VideographyWP Plugin Message: Automatic video embedding prevented by plugin options. -->\n\n<p>Un allanamiento en Belgrano al 2300 permiti\u00f3 <strong>aprehender a dos hombres<\/strong> y secuestrar <strong>vestimenta clave<\/strong> en la investigaci\u00f3n por un robo agravado en poblado y en banda.<\/p>\n\n\n\n<p>Personal del <strong>Gabinete Criminol\u00f3gico<\/strong> llev\u00f3 adelante una <strong>diligencia clave<\/strong> que permiti\u00f3 avanzar en el esclarecimiento de un hecho de <strong>robo agravado en poblado y en banda<\/strong>, denunciado d\u00edas atr\u00e1s por un joven de 21 a\u00f1os.<\/p>\n\n\n\n<p>Tras diversas <strong>tareas investigativas y an\u00e1lisis de informaci\u00f3n<\/strong>, se logr\u00f3 establecer la presunta autor\u00eda del hecho. Con esos elementos, el <strong>Juzgado de Garant\u00edas de San Nicol\u00e1s<\/strong> extendi\u00f3 las \u00f3rdenes de allanamiento solicitadas por los investigadores.<\/p>\n\n\n\n<p>El procedimiento se concret\u00f3 en una vivienda ubicada en <strong>calle Belgrano al 2300<\/strong>, donde el personal del Gabinete, junto a efectivos de la seccional local, procedi\u00f3 a la <strong>aprehensi\u00f3n de dos hombres de 30 y 20 a\u00f1os<\/strong>. En el operativo tambi\u00e9n se <strong>secuestr\u00f3 la vestimenta utilizada durante el robo<\/strong>, considerada una prueba relevante para la causa.<\/p>\n\n\n\n<p>La <strong>fiscal\u00eda local<\/strong> interviene en el caso y dispuso la notificaci\u00f3n de la causa y la posterior soltura de los aprehendidos, en el marco del proceso judicial en curso.<\/p>\n\n\n\n<p>#SanPedro #Policiales #Allanamiento #RoboAgravado #Investigaci\u00f3n #Fiscal\u00eda #Seguridad<\/p>\n\n\n\n<div class=\"wp-block-jetpack-slideshow aligncenter\" data-effect=\"slide\"><div class=\"wp-block-jetpack-slideshow_container swiper-container\"><ul class=\"wp-block-jetpack-slideshow_swiper-wrapper swiper-wrapper\"><li class=\"wp-block-jetpack-slideshow_slide swiper-slide\"><figure><img decoding=\"async\" width=\"417\" height=\"546\" alt=\"\" class=\"wp-block-jetpack-slideshow_image wp-image-145619 lazyload\" data-id=\"145619\" data-src=\"https:\/\/eldiariodesanpedro.com.ar\/sitio\/wp-content\/uploads\/2025\/12\/6.jpg\" data-srcset=\"https:\/\/eldiariodesanpedro.com.ar\/sitio\/wp-content\/uploads\/2025\/12\/6.jpg 417w, https:\/\/eldiariodesanpedro.com.ar\/sitio\/wp-content\/uploads\/2025\/12\/6-229x300.jpg 229w\" data-sizes=\"(max-width: 417px) 100vw, 417px\" src=\"data:image\/svg+xml;base64,PHN2ZyB3aWR0aD0iMSIgaGVpZ2h0PSIxIiB4bWxucz0iaHR0cDovL3d3dy53My5vcmcvMjAwMC9zdmciPjwvc3ZnPg==\" style=\"--smush-placeholder-width: 417px; --smush-placeholder-aspect-ratio: 417\/546;\" \/><\/figure><\/li><li class=\"wp-block-jetpack-slideshow_slide swiper-slide\"><figure><img decoding=\"async\" width=\"459\" height=\"546\" alt=\"\" class=\"wp-block-jetpack-slideshow_image wp-image-145620 lazyload\" data-id=\"145620\" data-src=\"https:\/\/eldiariodesanpedro.com.ar\/sitio\/wp-content\/uploads\/2025\/12\/7.jpg\" data-srcset=\"https:\/\/eldiariodesanpedro.com.ar\/sitio\/wp-content\/uploads\/2025\/12\/7.jpg 459w, https:\/\/eldiariodesanpedro.com.ar\/sitio\/wp-content\/uploads\/2025\/12\/7-252x300.jpg 252w\" data-sizes=\"(max-width: 459px) 100vw, 459px\" src=\"data:image\/svg+xml;base64,PHN2ZyB3aWR0aD0iMSIgaGVpZ2h0PSIxIiB4bWxucz0iaHR0cDovL3d3dy53My5vcmcvMjAwMC9zdmciPjwvc3ZnPg==\" style=\"--smush-placeholder-width: 459px; --smush-placeholder-aspect-ratio: 459\/546;\" \/><\/figure><\/li><li class=\"wp-block-jetpack-slideshow_slide swiper-slide\"><figure><img decoding=\"async\" width=\"561\" height=\"561\" alt=\"\" class=\"wp-block-jetpack-slideshow_image wp-image-145621 lazyload\" data-id=\"145621\" data-src=\"https:\/\/eldiariodesanpedro.com.ar\/sitio\/wp-content\/uploads\/2025\/12\/8.jpg\" data-srcset=\"https:\/\/eldiariodesanpedro.com.ar\/sitio\/wp-content\/uploads\/2025\/12\/8.jpg 561w, https:\/\/eldiariodesanpedro.com.ar\/sitio\/wp-content\/uploads\/2025\/12\/8-300x300.jpg 300w, https:\/\/eldiariodesanpedro.com.ar\/sitio\/wp-content\/uploads\/2025\/12\/8-150x150.jpg 150w\" data-sizes=\"(max-width: 561px) 100vw, 561px\" src=\"data:image\/svg+xml;base64,PHN2ZyB3aWR0aD0iMSIgaGVpZ2h0PSIxIiB4bWxucz0iaHR0cDovL3d3dy53My5vcmcvMjAwMC9zdmciPjwvc3ZnPg==\" style=\"--smush-placeholder-width: 561px; --smush-placeholder-aspect-ratio: 561\/561;\" \/><\/figure><\/li><\/ul><a class=\"wp-block-jetpack-slideshow_button-prev swiper-button-prev swiper-button-white\" role=\"button\"><\/a><a class=\"wp-block-jetpack-slideshow_button-next swiper-button-next swiper-button-white\" role=\"button\"><\/a><a aria-label=\"Pause Slideshow\" class=\"wp-block-jetpack-slideshow_button-pause\" role=\"button\"><\/a><div class=\"wp-block-jetpack-slideshow_pagination swiper-pagination swiper-pagination-white\"><\/div><\/div><\/div>\n","protected":false},"excerpt":{"rendered":"<p>Un allanamiento en Belgrano al 2300 permiti\u00f3 aprehender a dos hombres y secuestrar vestimenta clave en la investigaci\u00f3n por un robo agravado en poblado y en banda. Personal del Gabinete Criminol\u00f3gico llev\u00f3 adelante una diligencia clave que permiti\u00f3 avanzar en el esclarecimiento de un hecho de robo agravado en poblado y en banda, denunciado d\u00edas [&hellip;]<\/p>\n","protected":false},"author":4,"featured_media":145617,"comment_status":"closed","ping_status":"closed","sticky":false,"template":"","format":"standard","meta":{"om_disable_all_campaigns":false,"_jetpack_memberships_contains_paid_content":false,"footnotes":""},"categories":[2,103],"tags":[5140,7679,5418,6573,7680,7681],"class_list":["post-145616","post","type-post","status-publish","format-standard","has-post-thumbnail","hentry","category-locales","category-policiales-locales","tag-allanamiento-san-pedro","tag-aprehension-en-belgrano-2300","tag-fiscalia-local","tag-gabinete-criminologico","tag-robo-agravado-en-poblado-y-en-banda","tag-secuestro-de-vestimenta"],"aioseo_notices":[],"gutentor_comment":0,"jetpack_featured_media_url":"https:\/\/eldiariodesanpedro.com.ar\/sitio\/wp-content\/uploads\/2025\/12\/medida-15.jpg","jetpack_shortlink":"https:\/\/wp.me\/p6RhLt-BSE","jetpack_sharing_enabled":true,"_links":{"self":[{"href":"https:\/\/eldiariodesanpedro.com.ar\/sitio\/wp-json\/wp\/v2\/posts\/145616","targetHints":{"allow":["GET"]}}],"collection":[{"href":"https:\/\/eldiariodesanpedro.com.ar\/sitio\/wp-json\/wp\/v2\/posts"}],"about":[{"href":"https:\/\/eldiariodesanpedro.com.ar\/sitio\/wp-json\/wp\/v2\/types\/post"}],"author":[{"embeddable":true,"href":"https:\/\/eldiariodesanpedro.com.ar\/sitio\/wp-json\/wp\/v2\/users\/4"}],"replies":[{"embeddable":true,"href":"https:\/\/eldiariodesanpedro.com.ar\/sitio\/wp-json\/wp\/v2\/comments?post=145616"}],"version-history":[{"count":2,"href":"https:\/\/eldiariodesanpedro.com.ar\/sitio\/wp-json\/wp\/v2\/posts\/145616\/revisions"}],"predecessor-version":[{"id":145622,"href":"https:\/\/eldiariodesanpedro.com.ar\/sitio\/wp-json\/wp\/v2\/posts\/145616\/revisions\/145622"}],"wp:featuredmedia":[{"embeddable":true,"href":"https:\/\/eldiariodesanpedro.com.ar\/sitio\/wp-json\/wp\/v2\/media\/145617"}],"wp:attachment":[{"href":"https:\/\/eldiariodesanpedro.com.ar\/sitio\/wp-json\/wp\/v2\/media?parent=145616"}],"wp:term":[{"taxonomy":"category","embeddable":true,"href":"https:\/\/eldiariodesanpedro.com.ar\/sitio\/wp-json\/wp\/v2\/categories?post=145616"},{"taxonomy":"post_tag","embeddable":true,"href":"https:\/\/eldiariodesanpedro.com.ar\/sitio\/wp-json\/wp\/v2\/tags?post=145616"}],"curies":[{"name":"wp","href":"https:\/\/api.w.org\/{rel}","templated":true}]}}