{"id":145600,"date":"2025-12-03T15:17:40","date_gmt":"2025-12-03T18:17:40","guid":{"rendered":"https:\/\/eldiariodesanpedro.com.ar\/sitio\/?p=145600"},"modified":"2025-12-03T15:17:45","modified_gmt":"2025-12-03T18:17:45","slug":"allanamientos-permitieron-esclarecer-un-hurto-agravado-cometido-contra-un-adulto-mayor","status":"publish","type":"post","link":"https:\/\/eldiariodesanpedro.com.ar\/sitio\/allanamientos-permitieron-esclarecer-un-hurto-agravado-cometido-contra-un-adulto-mayor\/","title":{"rendered":"Allanamientos permitieron esclarecer un hurto agravado cometido contra un adulto mayor"},"content":{"rendered":"<!-- VideographyWP Plugin Message: Automatic video embedding prevented by plugin options. -->\n\n<p>Dos allanamientos en San Pedro permitieron identificar a dos j\u00f3venes y secuestrar elementos clave vinculados a un hurto agravado sufrido por un vecino de 82 a\u00f1os.<\/p>\n\n\n\n<p>En el marco de una <strong>investigaci\u00f3n por hurto agravado<\/strong>, personal del <strong>Gabinete Criminol\u00f3gico<\/strong> logr\u00f3 en las \u00faltimas horas <strong>esclarecer un hecho denunciado por un vecino de 82 a\u00f1os<\/strong>, luego de realizar tareas investigativas y analizar registros de c\u00e1maras de seguridad.<\/p>\n\n\n\n<p>Seg\u00fan informaron desde la dependencia, se estableci\u00f3 la autor\u00eda del hecho y se solicit\u00f3 la correspondiente <strong>orden de allanamiento<\/strong>, extendida por el <strong>Juzgado de Garant\u00edas de San Nicol\u00e1s<\/strong>. El primer operativo tuvo lugar en <strong>calle D\u00e1vila al 1000<\/strong>, donde se identific\u00f3 \u2014en ausencia del morador\u2014 a un <strong>joven de 15 a\u00f1os<\/strong>, a quien se le <strong>secuestr\u00f3 la vestimenta utilizada durante el il\u00edcito<\/strong>. Interviene en esta parte de la causa la <strong>Fiscal\u00eda Juvenil de San Nicol\u00e1s<\/strong>.<\/p>\n\n\n\n<p>El segundo procedimiento se concret\u00f3 en <strong>calle La Laguna al 1000<\/strong>, donde se identific\u00f3 a un <strong>joven de 20 a\u00f1os<\/strong> y se procedi\u00f3 al <strong>secuestro de m\u00e1s elementos vinculados al hecho<\/strong>, entre ellos la <strong>vestimenta utilizada<\/strong>, un <strong>bast\u00f3n sustra\u00eddo<\/strong> y la <strong>llave de ignici\u00f3n del veh\u00edculo involucrado<\/strong>. En este caso interviene la <strong>Fiscal\u00eda local<\/strong>.<\/p>\n\n\n\n<p>Las actuaciones contin\u00faan con el an\u00e1lisis del material secuestrado y la evaluaci\u00f3n judicial correspondiente.<\/p>\n\n\n\n<p>#SanPedro #Policiales #HurtoAgravado #Allanamientos #Investigaci\u00f3n #Seguridad<\/p>\n\n\n\n<div class=\"wp-block-jetpack-slideshow aligncenter\" data-effect=\"slide\"><div class=\"wp-block-jetpack-slideshow_container swiper-container\"><ul class=\"wp-block-jetpack-slideshow_swiper-wrapper swiper-wrapper\"><li class=\"wp-block-jetpack-slideshow_slide swiper-slide\"><figure><img decoding=\"async\" width=\"593\" height=\"593\" alt=\"\" class=\"wp-block-jetpack-slideshow_image wp-image-145611 lazyload\" data-id=\"145611\" data-src=\"https:\/\/eldiariodesanpedro.com.ar\/sitio\/wp-content\/uploads\/2025\/12\/2-3.jpg\" data-srcset=\"https:\/\/eldiariodesanpedro.com.ar\/sitio\/wp-content\/uploads\/2025\/12\/2-3.jpg 593w, https:\/\/eldiariodesanpedro.com.ar\/sitio\/wp-content\/uploads\/2025\/12\/2-3-300x300.jpg 300w, https:\/\/eldiariodesanpedro.com.ar\/sitio\/wp-content\/uploads\/2025\/12\/2-3-150x150.jpg 150w\" data-sizes=\"(max-width: 593px) 100vw, 593px\" src=\"data:image\/svg+xml;base64,PHN2ZyB3aWR0aD0iMSIgaGVpZ2h0PSIxIiB4bWxucz0iaHR0cDovL3d3dy53My5vcmcvMjAwMC9zdmciPjwvc3ZnPg==\" style=\"--smush-placeholder-width: 593px; --smush-placeholder-aspect-ratio: 593\/593;\" \/><\/figure><\/li><li class=\"wp-block-jetpack-slideshow_slide swiper-slide\"><figure><img decoding=\"async\" width=\"551\" height=\"610\" alt=\"\" class=\"wp-block-jetpack-slideshow_image wp-image-145612 lazyload\" data-id=\"145612\" data-src=\"https:\/\/eldiariodesanpedro.com.ar\/sitio\/wp-content\/uploads\/2025\/12\/3-1.jpg\" data-srcset=\"https:\/\/eldiariodesanpedro.com.ar\/sitio\/wp-content\/uploads\/2025\/12\/3-1.jpg 551w, https:\/\/eldiariodesanpedro.com.ar\/sitio\/wp-content\/uploads\/2025\/12\/3-1-271x300.jpg 271w\" data-sizes=\"(max-width: 551px) 100vw, 551px\" src=\"data:image\/svg+xml;base64,PHN2ZyB3aWR0aD0iMSIgaGVpZ2h0PSIxIiB4bWxucz0iaHR0cDovL3d3dy53My5vcmcvMjAwMC9zdmciPjwvc3ZnPg==\" style=\"--smush-placeholder-width: 551px; --smush-placeholder-aspect-ratio: 551\/610;\" \/><\/figure><\/li><li class=\"wp-block-jetpack-slideshow_slide swiper-slide\"><figure><img decoding=\"async\" width=\"536\" height=\"536\" alt=\"\" class=\"wp-block-jetpack-slideshow_image wp-image-145614 lazyload\" data-id=\"145614\" data-src=\"https:\/\/eldiariodesanpedro.com.ar\/sitio\/wp-content\/uploads\/2025\/12\/4-1.jpg\" data-srcset=\"https:\/\/eldiariodesanpedro.com.ar\/sitio\/wp-content\/uploads\/2025\/12\/4-1.jpg 536w, https:\/\/eldiariodesanpedro.com.ar\/sitio\/wp-content\/uploads\/2025\/12\/4-1-300x300.jpg 300w, https:\/\/eldiariodesanpedro.com.ar\/sitio\/wp-content\/uploads\/2025\/12\/4-1-150x150.jpg 150w\" data-sizes=\"(max-width: 536px) 100vw, 536px\" src=\"data:image\/svg+xml;base64,PHN2ZyB3aWR0aD0iMSIgaGVpZ2h0PSIxIiB4bWxucz0iaHR0cDovL3d3dy53My5vcmcvMjAwMC9zdmciPjwvc3ZnPg==\" style=\"--smush-placeholder-width: 536px; --smush-placeholder-aspect-ratio: 536\/536;\" \/><\/figure><\/li><li class=\"wp-block-jetpack-slideshow_slide swiper-slide\"><figure><img decoding=\"async\" width=\"518\" height=\"518\" alt=\"\" class=\"wp-block-jetpack-slideshow_image wp-image-145613 lazyload\" data-id=\"145613\" data-src=\"https:\/\/eldiariodesanpedro.com.ar\/sitio\/wp-content\/uploads\/2025\/12\/5-1.jpg\" data-srcset=\"https:\/\/eldiariodesanpedro.com.ar\/sitio\/wp-content\/uploads\/2025\/12\/5-1.jpg 518w, https:\/\/eldiariodesanpedro.com.ar\/sitio\/wp-content\/uploads\/2025\/12\/5-1-300x300.jpg 300w, https:\/\/eldiariodesanpedro.com.ar\/sitio\/wp-content\/uploads\/2025\/12\/5-1-150x150.jpg 150w\" data-sizes=\"(max-width: 518px) 100vw, 518px\" src=\"data:image\/svg+xml;base64,PHN2ZyB3aWR0aD0iMSIgaGVpZ2h0PSIxIiB4bWxucz0iaHR0cDovL3d3dy53My5vcmcvMjAwMC9zdmciPjwvc3ZnPg==\" style=\"--smush-placeholder-width: 518px; --smush-placeholder-aspect-ratio: 518\/518;\" \/><\/figure><\/li><\/ul><a class=\"wp-block-jetpack-slideshow_button-prev swiper-button-prev swiper-button-white\" role=\"button\"><\/a><a class=\"wp-block-jetpack-slideshow_button-next swiper-button-next swiper-button-white\" role=\"button\"><\/a><a aria-label=\"Pause Slideshow\" class=\"wp-block-jetpack-slideshow_button-pause\" role=\"button\"><\/a><div class=\"wp-block-jetpack-slideshow_pagination swiper-pagination swiper-pagination-white\"><\/div><\/div><\/div>\n","protected":false},"excerpt":{"rendered":"<p>Dos allanamientos en San Pedro permitieron identificar a dos j\u00f3venes y secuestrar elementos clave vinculados a un hurto agravado sufrido por un vecino de 82 a\u00f1os. En el marco de una investigaci\u00f3n por hurto agravado, personal del Gabinete Criminol\u00f3gico logr\u00f3 en las \u00faltimas horas esclarecer un hecho denunciado por un vecino de 82 a\u00f1os, luego [&hellip;]<\/p>\n","protected":false},"author":4,"featured_media":145610,"comment_status":"closed","ping_status":"closed","sticky":false,"template":"","format":"standard","meta":{"om_disable_all_campaigns":false,"_jetpack_memberships_contains_paid_content":false,"footnotes":""},"categories":[50,2,103],"tags":[6887,7678,6671,6573,7677],"class_list":["post-145600","post","type-post","status-publish","format-standard","has-post-thumbnail","hentry","category-destacadas","category-locales","category-policiales-locales","tag-allanamientos-san-pedro","tag-elementos-secuestrados","tag-fiscalia-san-nicolas","tag-gabinete-criminologico","tag-hurto-agravado"],"aioseo_notices":[],"gutentor_comment":0,"jetpack_featured_media_url":"https:\/\/eldiariodesanpedro.com.ar\/sitio\/wp-content\/uploads\/2025\/12\/medida-14.jpg","jetpack_shortlink":"https:\/\/wp.me\/p6RhLt-BSo","jetpack_sharing_enabled":true,"_links":{"self":[{"href":"https:\/\/eldiariodesanpedro.com.ar\/sitio\/wp-json\/wp\/v2\/posts\/145600","targetHints":{"allow":["GET"]}}],"collection":[{"href":"https:\/\/eldiariodesanpedro.com.ar\/sitio\/wp-json\/wp\/v2\/posts"}],"about":[{"href":"https:\/\/eldiariodesanpedro.com.ar\/sitio\/wp-json\/wp\/v2\/types\/post"}],"author":[{"embeddable":true,"href":"https:\/\/eldiariodesanpedro.com.ar\/sitio\/wp-json\/wp\/v2\/users\/4"}],"replies":[{"embeddable":true,"href":"https:\/\/eldiariodesanpedro.com.ar\/sitio\/wp-json\/wp\/v2\/comments?post=145600"}],"version-history":[{"count":1,"href":"https:\/\/eldiariodesanpedro.com.ar\/sitio\/wp-json\/wp\/v2\/posts\/145600\/revisions"}],"predecessor-version":[{"id":145615,"href":"https:\/\/eldiariodesanpedro.com.ar\/sitio\/wp-json\/wp\/v2\/posts\/145600\/revisions\/145615"}],"wp:featuredmedia":[{"embeddable":true,"href":"https:\/\/eldiariodesanpedro.com.ar\/sitio\/wp-json\/wp\/v2\/media\/145610"}],"wp:attachment":[{"href":"https:\/\/eldiariodesanpedro.com.ar\/sitio\/wp-json\/wp\/v2\/media?parent=145600"}],"wp:term":[{"taxonomy":"category","embeddable":true,"href":"https:\/\/eldiariodesanpedro.com.ar\/sitio\/wp-json\/wp\/v2\/categories?post=145600"},{"taxonomy":"post_tag","embeddable":true,"href":"https:\/\/eldiariodesanpedro.com.ar\/sitio\/wp-json\/wp\/v2\/tags?post=145600"}],"curies":[{"name":"wp","href":"https:\/\/api.w.org\/{rel}","templated":true}]}}