{"id":14560,"date":"2017-02-12T21:19:49","date_gmt":"2017-02-13T00:19:49","guid":{"rendered":"https:\/\/eldiariodesanpedro.com.ar\/sitio\/?p=14560"},"modified":"2017-02-12T21:19:49","modified_gmt":"2017-02-13T00:19:49","slug":"san-nicolas-la-ddi-detuvo-al-otro-imputado-del-incendio-a-la-catedral","status":"publish","type":"post","link":"https:\/\/eldiariodesanpedro.com.ar\/sitio\/san-nicolas-la-ddi-detuvo-al-otro-imputado-del-incendio-a-la-catedral\/","title":{"rendered":"SAN NICOL\u00c1S: La DDI detuvo al otro imputado del incendio a la Catedral"},"content":{"rendered":"<p><!-- VideographyWP Plugin Message: Automatic video embedding prevented by plugin options. --><br \/>\nPersonal de la DDI San Nicol\u00e1s efectiviz\u00f3 en la tarde del viernes la detenci\u00f3n de un joven de 24 a\u00f1os. Est\u00e1 imputado con un menor de ser el autor material del incendio al retablo de la Iglesia Catedral.<\/p>\n<p>Desde la intervenci\u00f3n de la DDI en la investigaci\u00f3n que encabeza el fiscal Dr. Julio Tan\u00fas, las l\u00edneas que se siguieron fueron en procura de sumar elementos para que el Juez de Garant\u00edas evaluase las detenciones de los sospechosos del vand\u00e1lico hecho.<\/p>\n<p>Desde el primero momento el fiscal y la Polic\u00eda Distrital estuvieron tras la pista del incendio intencional y la presunci\u00f3n de quienes fueron los responsables. Presentaron la investigaci\u00f3n al Juez de Garant\u00edas para detener a los sospechados.<\/p>\n<p>En las \u00faltimas horas se recopilaron m\u00e1s testimoniales, y dos por lo menos brindaron precisiones sobre lo sucedido inmediatamente despu\u00e9s del inicio de las llamas en el hist\u00f3rico retablo. (diario El Informante)<\/p>\n","protected":false},"excerpt":{"rendered":"<p>Personal de la DDI San Nicol\u00e1s efectiviz\u00f3 en la tarde del viernes la detenci\u00f3n de un joven de 24 a\u00f1os. Est\u00e1 imputado con un menor de ser el autor material del incendio al retablo de la Iglesia Catedral. Desde la intervenci\u00f3n de la DDI en la investigaci\u00f3n que encabeza el fiscal Dr. Julio Tan\u00fas, las [&hellip;]<\/p>\n","protected":false},"author":4,"featured_media":14561,"comment_status":"open","ping_status":"closed","sticky":false,"template":"","format":"standard","meta":{"om_disable_all_campaigns":false,"_jetpack_memberships_contains_paid_content":false,"footnotes":""},"categories":[621],"tags":[],"class_list":["post-14560","post","type-post","status-publish","format-standard","has-post-thumbnail","hentry","category-regionales"],"aioseo_notices":[],"gutentor_comment":0,"jetpack_featured_media_url":"https:\/\/eldiariodesanpedro.com.ar\/sitio\/wp-content\/uploads\/2017\/02\/La-DDI-detuvo-al-otro-imputado-del-incendio-a-la-Catedral.jpg","jetpack_shortlink":"https:\/\/wp.me\/p6RhLt-3MQ","jetpack_sharing_enabled":true,"_links":{"self":[{"href":"https:\/\/eldiariodesanpedro.com.ar\/sitio\/wp-json\/wp\/v2\/posts\/14560","targetHints":{"allow":["GET"]}}],"collection":[{"href":"https:\/\/eldiariodesanpedro.com.ar\/sitio\/wp-json\/wp\/v2\/posts"}],"about":[{"href":"https:\/\/eldiariodesanpedro.com.ar\/sitio\/wp-json\/wp\/v2\/types\/post"}],"author":[{"embeddable":true,"href":"https:\/\/eldiariodesanpedro.com.ar\/sitio\/wp-json\/wp\/v2\/users\/4"}],"replies":[{"embeddable":true,"href":"https:\/\/eldiariodesanpedro.com.ar\/sitio\/wp-json\/wp\/v2\/comments?post=14560"}],"version-history":[{"count":1,"href":"https:\/\/eldiariodesanpedro.com.ar\/sitio\/wp-json\/wp\/v2\/posts\/14560\/revisions"}],"predecessor-version":[{"id":14562,"href":"https:\/\/eldiariodesanpedro.com.ar\/sitio\/wp-json\/wp\/v2\/posts\/14560\/revisions\/14562"}],"wp:featuredmedia":[{"embeddable":true,"href":"https:\/\/eldiariodesanpedro.com.ar\/sitio\/wp-json\/wp\/v2\/media\/14561"}],"wp:attachment":[{"href":"https:\/\/eldiariodesanpedro.com.ar\/sitio\/wp-json\/wp\/v2\/media?parent=14560"}],"wp:term":[{"taxonomy":"category","embeddable":true,"href":"https:\/\/eldiariodesanpedro.com.ar\/sitio\/wp-json\/wp\/v2\/categories?post=14560"},{"taxonomy":"post_tag","embeddable":true,"href":"https:\/\/eldiariodesanpedro.com.ar\/sitio\/wp-json\/wp\/v2\/tags?post=14560"}],"curies":[{"name":"wp","href":"https:\/\/api.w.org\/{rel}","templated":true}]}}