{"id":145590,"date":"2025-12-03T11:38:07","date_gmt":"2025-12-03T14:38:07","guid":{"rendered":"https:\/\/eldiariodesanpedro.com.ar\/sitio\/?p=145590"},"modified":"2025-12-03T11:38:11","modified_gmt":"2025-12-03T14:38:11","slug":"el-programa-de-cannabis-medicinal-de-san-pedro-participo-de-la-jornada-provincial-por-su-aniversario","status":"publish","type":"post","link":"https:\/\/eldiariodesanpedro.com.ar\/sitio\/el-programa-de-cannabis-medicinal-de-san-pedro-participo-de-la-jornada-provincial-por-su-aniversario\/","title":{"rendered":"El Programa de Cannabis Medicinal de San Pedro particip\u00f3 de la jornada provincial por su aniversario"},"content":{"rendered":"<!-- VideographyWP Plugin Message: Automatic video embedding prevented by plugin options. -->\n\n<p>El Programa de Cannabis Medicinal de San Pedro form\u00f3 parte de la jornada aniversario provincial en La Plata, compartiendo avances y fortaleciendo su trabajo local.<\/p>\n\n\n\n<p>El <strong>Programa de Cannabis Medicinal del Municipio de San Pedro<\/strong> particip\u00f3 de la <strong>Jornada Aniversario del Programa de Cannabis Terap\u00e9utico de la Provincia de Buenos Aires<\/strong>, realizada el 2 de diciembre en la ciudad de La Plata. En representaci\u00f3n del equipo local asistieron <strong>Florencia Cuesta<\/strong> (trabajadora social) y <strong>Sol Cerezo<\/strong> (t\u00e9cnica), mientras que el <strong>director m\u00e9dico Dr. Joel Scorcelli<\/strong> y el <strong>intendente Cecilio Salazar<\/strong> acompa\u00f1aron la actividad de manera virtual.<\/p>\n\n\n\n<p>La jornada reuni\u00f3 a <strong>equipos de salud de toda la provincia<\/strong> con el objetivo de <strong>intercambiar experiencias, compartir avances y fortalecer<\/strong> la implementaci\u00f3n de esta pol\u00edtica p\u00fablica en expansi\u00f3n. Durante el encuentro se analizaron los <strong>desaf\u00edos que atraviesan los programas territoriales<\/strong> y se destac\u00f3 el trabajo que el Municipio de San Pedro desarrolla en articulaci\u00f3n con <strong>Flowercann S.A.<\/strong>, incluyendo el <strong>seguimiento cl\u00ednico de pacientes<\/strong>, la <strong>formulaci\u00f3n y control de calidad de preparados<\/strong>, la <strong>ampliaci\u00f3n de cupos<\/strong> y la <strong>labor interdisciplinaria<\/strong> que sostiene el consultorio local.<\/p>\n\n\n\n<p>El encuentro cont\u00f3 con la participaci\u00f3n del equipo del <strong>Programa Provincial de Cannabis Terap\u00e9utico del Ministerio de Salud bonaerense<\/strong>, coordinado por <strong>Constanza Canali<\/strong>, e integrado por <strong>Bel\u00e9n Barrios, Carolina Casale, Carolina Pell\u00f3n y Mais\u00f3n, Laura Godoy y Faustina Villasante<\/strong>, junto a referentes provinciales como <strong>Laura Escalante Albertali<\/strong> (Direcci\u00f3n Provincial de Promoci\u00f3n y Prevenci\u00f3n en Salud) y <strong>Mat\u00edas Duca<\/strong> (Direcci\u00f3n de Prevenci\u00f3n de Enfermedades No Transmisibles).<\/p>\n\n\n\n<p>#SanPedro #CannabisMedicinal #Salud #ProvinciaDeBuenosAires #JornadaProvincial #Pol\u00edticasP\u00fablicas #MunicipioDeSanPedro<\/p>\n\n\n\n<div class=\"wp-block-jetpack-slideshow aligncenter\" data-effect=\"slide\"><div class=\"wp-block-jetpack-slideshow_container swiper-container\"><ul class=\"wp-block-jetpack-slideshow_swiper-wrapper swiper-wrapper\"><li class=\"wp-block-jetpack-slideshow_slide swiper-slide\"><figure><img decoding=\"async\" width=\"840\" height=\"630\" alt=\"\" class=\"wp-block-jetpack-slideshow_image wp-image-145591 lazyload\" data-id=\"145591\" data-src=\"https:\/\/eldiariodesanpedro.com.ar\/sitio\/wp-content\/uploads\/2025\/12\/Imagen-de-WhatsApp-2025-12-03-a-las-10.22.50_8bf36c3d.jpg\" data-srcset=\"https:\/\/eldiariodesanpedro.com.ar\/sitio\/wp-content\/uploads\/2025\/12\/Imagen-de-WhatsApp-2025-12-03-a-las-10.22.50_8bf36c3d.jpg 840w, https:\/\/eldiariodesanpedro.com.ar\/sitio\/wp-content\/uploads\/2025\/12\/Imagen-de-WhatsApp-2025-12-03-a-las-10.22.50_8bf36c3d-300x225.jpg 300w, https:\/\/eldiariodesanpedro.com.ar\/sitio\/wp-content\/uploads\/2025\/12\/Imagen-de-WhatsApp-2025-12-03-a-las-10.22.50_8bf36c3d-768x576.jpg 768w, https:\/\/eldiariodesanpedro.com.ar\/sitio\/wp-content\/uploads\/2025\/12\/Imagen-de-WhatsApp-2025-12-03-a-las-10.22.50_8bf36c3d-272x204.jpg 272w\" data-sizes=\"(max-width: 840px) 100vw, 840px\" src=\"data:image\/svg+xml;base64,PHN2ZyB3aWR0aD0iMSIgaGVpZ2h0PSIxIiB4bWxucz0iaHR0cDovL3d3dy53My5vcmcvMjAwMC9zdmciPjwvc3ZnPg==\" style=\"--smush-placeholder-width: 840px; --smush-placeholder-aspect-ratio: 840\/630;\" \/><\/figure><\/li><li class=\"wp-block-jetpack-slideshow_slide swiper-slide\"><figure><img decoding=\"async\" width=\"840\" height=\"630\" alt=\"\" class=\"wp-block-jetpack-slideshow_image wp-image-145593 lazyload\" data-id=\"145593\" data-src=\"https:\/\/eldiariodesanpedro.com.ar\/sitio\/wp-content\/uploads\/2025\/12\/Imagen-de-WhatsApp-2025-12-03-a-las-10.22.50_d6595c47.jpg\" data-srcset=\"https:\/\/eldiariodesanpedro.com.ar\/sitio\/wp-content\/uploads\/2025\/12\/Imagen-de-WhatsApp-2025-12-03-a-las-10.22.50_d6595c47.jpg 840w, https:\/\/eldiariodesanpedro.com.ar\/sitio\/wp-content\/uploads\/2025\/12\/Imagen-de-WhatsApp-2025-12-03-a-las-10.22.50_d6595c47-300x225.jpg 300w, https:\/\/eldiariodesanpedro.com.ar\/sitio\/wp-content\/uploads\/2025\/12\/Imagen-de-WhatsApp-2025-12-03-a-las-10.22.50_d6595c47-768x576.jpg 768w, https:\/\/eldiariodesanpedro.com.ar\/sitio\/wp-content\/uploads\/2025\/12\/Imagen-de-WhatsApp-2025-12-03-a-las-10.22.50_d6595c47-272x204.jpg 272w\" data-sizes=\"(max-width: 840px) 100vw, 840px\" src=\"data:image\/svg+xml;base64,PHN2ZyB3aWR0aD0iMSIgaGVpZ2h0PSIxIiB4bWxucz0iaHR0cDovL3d3dy53My5vcmcvMjAwMC9zdmciPjwvc3ZnPg==\" style=\"--smush-placeholder-width: 840px; --smush-placeholder-aspect-ratio: 840\/630;\" \/><\/figure><\/li><\/ul><a class=\"wp-block-jetpack-slideshow_button-prev swiper-button-prev swiper-button-white\" role=\"button\"><\/a><a class=\"wp-block-jetpack-slideshow_button-next swiper-button-next swiper-button-white\" role=\"button\"><\/a><a aria-label=\"Pause Slideshow\" class=\"wp-block-jetpack-slideshow_button-pause\" role=\"button\"><\/a><div class=\"wp-block-jetpack-slideshow_pagination swiper-pagination swiper-pagination-white\"><\/div><\/div><\/div>\n","protected":false},"excerpt":{"rendered":"<p>El Programa de Cannabis Medicinal de San Pedro form\u00f3 parte de la jornada aniversario provincial en La Plata, compartiendo avances y fortaleciendo su trabajo local. El Programa de Cannabis Medicinal del Municipio de San Pedro particip\u00f3 de la Jornada Aniversario del Programa de Cannabis Terap\u00e9utico de la Provincia de Buenos Aires, realizada el 2 de [&hellip;]<\/p>\n","protected":false},"author":4,"featured_media":145592,"comment_status":"closed","ping_status":"closed","sticky":false,"template":"","format":"standard","meta":{"om_disable_all_campaigns":false,"_jetpack_memberships_contains_paid_content":false,"footnotes":""},"categories":[50,101,2],"tags":[2383,7672,7675,7673,7674,7676,5541,19],"class_list":["post-145590","post","type-post","status-publish","format-standard","has-post-thumbnail","hentry","category-destacadas","category-interes-general-locales","category-locales","tag-cannabis-medicinal","tag-cannabis-terapeutico","tag-flowercann","tag-jornada-provincial","tag-ministerio-de-salud-bonaerense","tag-preparados-medicinales","tag-salud-publica","tag-san-pedro"],"aioseo_notices":[],"gutentor_comment":0,"jetpack_featured_media_url":"https:\/\/eldiariodesanpedro.com.ar\/sitio\/wp-content\/uploads\/2025\/12\/Imagen-de-WhatsApp-2025-12-03-a-las-10.22.50_66b3d3d8.jpg","jetpack_shortlink":"https:\/\/wp.me\/p6RhLt-BSe","jetpack_sharing_enabled":true,"_links":{"self":[{"href":"https:\/\/eldiariodesanpedro.com.ar\/sitio\/wp-json\/wp\/v2\/posts\/145590","targetHints":{"allow":["GET"]}}],"collection":[{"href":"https:\/\/eldiariodesanpedro.com.ar\/sitio\/wp-json\/wp\/v2\/posts"}],"about":[{"href":"https:\/\/eldiariodesanpedro.com.ar\/sitio\/wp-json\/wp\/v2\/types\/post"}],"author":[{"embeddable":true,"href":"https:\/\/eldiariodesanpedro.com.ar\/sitio\/wp-json\/wp\/v2\/users\/4"}],"replies":[{"embeddable":true,"href":"https:\/\/eldiariodesanpedro.com.ar\/sitio\/wp-json\/wp\/v2\/comments?post=145590"}],"version-history":[{"count":1,"href":"https:\/\/eldiariodesanpedro.com.ar\/sitio\/wp-json\/wp\/v2\/posts\/145590\/revisions"}],"predecessor-version":[{"id":145594,"href":"https:\/\/eldiariodesanpedro.com.ar\/sitio\/wp-json\/wp\/v2\/posts\/145590\/revisions\/145594"}],"wp:featuredmedia":[{"embeddable":true,"href":"https:\/\/eldiariodesanpedro.com.ar\/sitio\/wp-json\/wp\/v2\/media\/145592"}],"wp:attachment":[{"href":"https:\/\/eldiariodesanpedro.com.ar\/sitio\/wp-json\/wp\/v2\/media?parent=145590"}],"wp:term":[{"taxonomy":"category","embeddable":true,"href":"https:\/\/eldiariodesanpedro.com.ar\/sitio\/wp-json\/wp\/v2\/categories?post=145590"},{"taxonomy":"post_tag","embeddable":true,"href":"https:\/\/eldiariodesanpedro.com.ar\/sitio\/wp-json\/wp\/v2\/tags?post=145590"}],"curies":[{"name":"wp","href":"https:\/\/api.w.org\/{rel}","templated":true}]}}