{"id":145584,"date":"2025-12-02T21:13:29","date_gmt":"2025-12-03T00:13:29","guid":{"rendered":"https:\/\/eldiariodesanpedro.com.ar\/sitio\/?p=145584"},"modified":"2025-12-02T21:13:36","modified_gmt":"2025-12-03T00:13:36","slug":"detuvieron-a-un-hombre-de-61-anos-que-estaba-profugo-desde-2021-por-una-causa-de-abuso-sexual","status":"publish","type":"post","link":"https:\/\/eldiariodesanpedro.com.ar\/sitio\/detuvieron-a-un-hombre-de-61-anos-que-estaba-profugo-desde-2021-por-una-causa-de-abuso-sexual\/","title":{"rendered":"Detuvieron a un hombre de 61 a\u00f1os que estaba pr\u00f3fugo desde 2021 por una causa de abuso sexual"},"content":{"rendered":"<!-- VideographyWP Plugin Message: Automatic video embedding prevented by plugin options. -->\n\n<p>Un hombre de 61 a\u00f1os, buscado desde 2021 por una causa de abuso sexual agravado y corrupci\u00f3n de menores, fue detenido en Pueblo Doyle tras un operativo conjunto.<\/p>\n\n\n\n<p>En un <strong>operativo conjunto<\/strong> entre personal del <strong>Grupo Operativo de la SubDDI Baradero \u2013 San Pedro<\/strong> y el <strong>GTO de la EPC Baradero<\/strong>, fue detenido un <strong>hombre de 61 a\u00f1os<\/strong> que se encontraba <strong>pr\u00f3fugo de la Justicia desde 2021<\/strong>. El sujeto estaba imputado en una causa por <strong>abuso sexual gravemente ultrajante agravado por el v\u00ednculo y corrupci\u00f3n de menores agravada<\/strong>, expediente que tramita ante el <strong>Tribunal Criminal N\u00b01 del Departamento Judicial San Nicol\u00e1s<\/strong>.<\/p>\n\n\n\n<p>Luego de <strong>diversas tareas investigativas<\/strong> desarrolladas en Baradero y San Pedro, los efectivos lograron establecer su ubicaci\u00f3n. Este mediod\u00eda, el operativo se despleg\u00f3 en las inmediaciones de <strong>Ruta Provincial 191 y San Mart\u00edn<\/strong>, en la localidad de <strong>Pueblo Doyle<\/strong>, donde el acusado fue localizado en el <strong>estacionamiento externo de la Cooperativa Agr\u00edcola<\/strong>. En ese lugar se concret\u00f3 su <strong>detenci\u00f3n<\/strong>.<\/p>\n\n\n\n<p>El <strong>magistrado interviniente<\/strong> fue notificado y <strong>aval\u00f3 el procedimiento<\/strong>, disponiendo que el detenido permanezca alojado en la dependencia correspondiente hasta su <strong>traslado a una Unidad Carcelaria del Servicio Penitenciario Bonaerense<\/strong>.<\/p>\n\n\n\n<p>#SanPedro #Baradero #PuebloDoyle #Policiales #SubDDI #GTO #Detenci\u00f3n #Pr\u00f3fugo<\/p>\n\n\n\n<figure class=\"wp-block-image size-full\"><img decoding=\"async\" width=\"696\" height=\"630\" data-attachment-id=\"145586\" data-permalink=\"https:\/\/eldiariodesanpedro.com.ar\/sitio\/detuvieron-a-un-hombre-de-61-anos-que-estaba-profugo-desde-2021-por-una-causa-de-abuso-sexual\/1-364\/\" data-orig-file=\"https:\/\/eldiariodesanpedro.com.ar\/sitio\/wp-content\/uploads\/2025\/12\/1-1.png\" data-orig-size=\"696,630\" data-comments-opened=\"0\" data-image-meta=\"{&quot;aperture&quot;:&quot;0&quot;,&quot;credit&quot;:&quot;&quot;,&quot;camera&quot;:&quot;&quot;,&quot;caption&quot;:&quot;&quot;,&quot;created_timestamp&quot;:&quot;0&quot;,&quot;copyright&quot;:&quot;&quot;,&quot;focal_length&quot;:&quot;0&quot;,&quot;iso&quot;:&quot;0&quot;,&quot;shutter_speed&quot;:&quot;0&quot;,&quot;title&quot;:&quot;&quot;,&quot;orientation&quot;:&quot;0&quot;}\" data-image-title=\"1\" data-image-description=\"\" data-image-caption=\"\" data-large-file=\"https:\/\/eldiariodesanpedro.com.ar\/sitio\/wp-content\/uploads\/2025\/12\/1-1.png\" data-src=\"https:\/\/eldiariodesanpedro.com.ar\/sitio\/wp-content\/uploads\/2025\/12\/1-1.png\" alt=\"\" class=\"wp-image-145586 lazyload\" data-srcset=\"https:\/\/eldiariodesanpedro.com.ar\/sitio\/wp-content\/uploads\/2025\/12\/1-1.png 696w, https:\/\/eldiariodesanpedro.com.ar\/sitio\/wp-content\/uploads\/2025\/12\/1-1-300x272.png 300w\" data-sizes=\"(max-width: 696px) 100vw, 696px\" src=\"data:image\/svg+xml;base64,PHN2ZyB3aWR0aD0iMSIgaGVpZ2h0PSIxIiB4bWxucz0iaHR0cDovL3d3dy53My5vcmcvMjAwMC9zdmciPjwvc3ZnPg==\" style=\"--smush-placeholder-width: 696px; --smush-placeholder-aspect-ratio: 696\/630;\" \/><\/figure>\n","protected":false},"excerpt":{"rendered":"<p>Un hombre de 61 a\u00f1os, buscado desde 2021 por una causa de abuso sexual agravado y corrupci\u00f3n de menores, fue detenido en Pueblo Doyle tras un operativo conjunto. En un operativo conjunto entre personal del Grupo Operativo de la SubDDI Baradero \u2013 San Pedro y el GTO de la EPC Baradero, fue detenido un hombre [&hellip;]<\/p>\n","protected":false},"author":4,"featured_media":145585,"comment_status":"closed","ping_status":"closed","sticky":false,"template":"","format":"standard","meta":{"om_disable_all_campaigns":false,"_jetpack_memberships_contains_paid_content":false,"footnotes":""},"categories":[2],"tags":[],"class_list":["post-145584","post","type-post","status-publish","format-standard","has-post-thumbnail","hentry","category-locales"],"aioseo_notices":[],"gutentor_comment":0,"jetpack_featured_media_url":"https:\/\/eldiariodesanpedro.com.ar\/sitio\/wp-content\/uploads\/2025\/12\/medida-12.jpg","jetpack_shortlink":"https:\/\/wp.me\/p6RhLt-BS8","jetpack_sharing_enabled":true,"_links":{"self":[{"href":"https:\/\/eldiariodesanpedro.com.ar\/sitio\/wp-json\/wp\/v2\/posts\/145584","targetHints":{"allow":["GET"]}}],"collection":[{"href":"https:\/\/eldiariodesanpedro.com.ar\/sitio\/wp-json\/wp\/v2\/posts"}],"about":[{"href":"https:\/\/eldiariodesanpedro.com.ar\/sitio\/wp-json\/wp\/v2\/types\/post"}],"author":[{"embeddable":true,"href":"https:\/\/eldiariodesanpedro.com.ar\/sitio\/wp-json\/wp\/v2\/users\/4"}],"replies":[{"embeddable":true,"href":"https:\/\/eldiariodesanpedro.com.ar\/sitio\/wp-json\/wp\/v2\/comments?post=145584"}],"version-history":[{"count":1,"href":"https:\/\/eldiariodesanpedro.com.ar\/sitio\/wp-json\/wp\/v2\/posts\/145584\/revisions"}],"predecessor-version":[{"id":145587,"href":"https:\/\/eldiariodesanpedro.com.ar\/sitio\/wp-json\/wp\/v2\/posts\/145584\/revisions\/145587"}],"wp:featuredmedia":[{"embeddable":true,"href":"https:\/\/eldiariodesanpedro.com.ar\/sitio\/wp-json\/wp\/v2\/media\/145585"}],"wp:attachment":[{"href":"https:\/\/eldiariodesanpedro.com.ar\/sitio\/wp-json\/wp\/v2\/media?parent=145584"}],"wp:term":[{"taxonomy":"category","embeddable":true,"href":"https:\/\/eldiariodesanpedro.com.ar\/sitio\/wp-json\/wp\/v2\/categories?post=145584"},{"taxonomy":"post_tag","embeddable":true,"href":"https:\/\/eldiariodesanpedro.com.ar\/sitio\/wp-json\/wp\/v2\/tags?post=145584"}],"curies":[{"name":"wp","href":"https:\/\/api.w.org\/{rel}","templated":true}]}}