{"id":145581,"date":"2025-12-02T15:40:47","date_gmt":"2025-12-02T18:40:47","guid":{"rendered":"https:\/\/eldiariodesanpedro.com.ar\/sitio\/?p=145581"},"modified":"2025-12-02T15:40:52","modified_gmt":"2025-12-02T18:40:52","slug":"un-equipo-de-cultura-clarin-visito-san-pedro-para-conocer-la-carta-inedita-de-sarmiento-hallada-por-el-grupo-conservacionista","status":"publish","type":"post","link":"https:\/\/eldiariodesanpedro.com.ar\/sitio\/un-equipo-de-cultura-clarin-visito-san-pedro-para-conocer-la-carta-inedita-de-sarmiento-hallada-por-el-grupo-conservacionista\/","title":{"rendered":"Un equipo de Cultura Clar\u00edn visit\u00f3 San Pedro para conocer la carta in\u00e9dita de Sarmiento hallada por el Grupo Conservacionista"},"content":{"rendered":"<!-- VideographyWP Plugin Message: Automatic video embedding prevented by plugin options. -->\n\n<p>Un equipo de Cultura Clar\u00edn lleg\u00f3 a San Pedro para entrevistar al Museo Paleontol\u00f3gico por el hallazgo hist\u00f3rico de una carta in\u00e9dita de Sarmiento de 1856.<\/p>\n\n\n\n<p>Un equipo period\u00edstico del diario Clar\u00edn visit\u00f3 este martes <strong>el Museo Paleontol\u00f3gico de San Pedro<\/strong> para conocer en detalle <strong>la carta in\u00e9dita escrita por Domingo Faustino Sarmiento el 28 de noviembre de 1856<\/strong>, hallazgo recientemente anunciado por el Grupo Conservacionista local.<\/p>\n\n\n\n<p>La periodista <strong>Paula Conde<\/strong> y el fot\u00f3grafo <strong>Fernando de la Orden<\/strong> arribaron a la ciudad para producir un informe especial que ser\u00e1 publicado en los pr\u00f3ximos d\u00edas en la <strong>Secci\u00f3n Cultura<\/strong>. Ambos fueron recibidos por <strong>Jos\u00e9 Luis Aguilar<\/strong> y <strong>Jorge Mart\u00ednez<\/strong>, integrantes del equipo del museo.<\/p>\n\n\n\n<p>Durante la entrevista, los representantes del museo relataron <strong>los pormenores del descubrimiento<\/strong>, considerado de <strong>relevancia hist\u00f3rica nacional<\/strong>, y narraron el proceso de investigaci\u00f3n que permiti\u00f3 autenticar el documento. Adem\u00e1s, se realiz\u00f3 una <strong>sesi\u00f3n fotogr\u00e1fica<\/strong> que acompa\u00f1ar\u00e1 la publicaci\u00f3n en el medio nacional.<\/p>\n\n\n\n<p>#SanPedro #MuseoPaleontol\u00f3gico #Clar\u00edn #Cultura #Sarmiento #HistoriaArgentina #GrupoConservacionista<\/p>\n\n\n\n<p><\/p>\n","protected":false},"excerpt":{"rendered":"<p>Un equipo de Cultura Clar\u00edn lleg\u00f3 a San Pedro para entrevistar al Museo Paleontol\u00f3gico por el hallazgo hist\u00f3rico de una carta in\u00e9dita de Sarmiento de 1856. Un equipo period\u00edstico del diario Clar\u00edn visit\u00f3 este martes el Museo Paleontol\u00f3gico de San Pedro para conocer en detalle la carta in\u00e9dita escrita por Domingo Faustino Sarmiento el 28 [&hellip;]<\/p>\n","protected":false},"author":4,"featured_media":145582,"comment_status":"closed","ping_status":"closed","sticky":false,"template":"","format":"standard","meta":{"om_disable_all_campaigns":false,"_jetpack_memberships_contains_paid_content":false,"footnotes":""},"categories":[101,2],"tags":[7669,7670,7671,2360,7027,5983,19],"class_list":["post-145581","post","type-post","status-publish","format-standard","has-post-thumbnail","hentry","category-interes-general-locales","category-locales","tag-carta-inedita-sarmiento","tag-clarin-cultura","tag-entrevista-clarin","tag-grupo-conservacionista","tag-hallazgo-historico","tag-museo-paleontologico-2","tag-san-pedro"],"aioseo_notices":[],"gutentor_comment":0,"jetpack_featured_media_url":"https:\/\/eldiariodesanpedro.com.ar\/sitio\/wp-content\/uploads\/2025\/12\/medida-11.jpg","jetpack_shortlink":"https:\/\/wp.me\/p6RhLt-BS5","jetpack_sharing_enabled":true,"_links":{"self":[{"href":"https:\/\/eldiariodesanpedro.com.ar\/sitio\/wp-json\/wp\/v2\/posts\/145581","targetHints":{"allow":["GET"]}}],"collection":[{"href":"https:\/\/eldiariodesanpedro.com.ar\/sitio\/wp-json\/wp\/v2\/posts"}],"about":[{"href":"https:\/\/eldiariodesanpedro.com.ar\/sitio\/wp-json\/wp\/v2\/types\/post"}],"author":[{"embeddable":true,"href":"https:\/\/eldiariodesanpedro.com.ar\/sitio\/wp-json\/wp\/v2\/users\/4"}],"replies":[{"embeddable":true,"href":"https:\/\/eldiariodesanpedro.com.ar\/sitio\/wp-json\/wp\/v2\/comments?post=145581"}],"version-history":[{"count":1,"href":"https:\/\/eldiariodesanpedro.com.ar\/sitio\/wp-json\/wp\/v2\/posts\/145581\/revisions"}],"predecessor-version":[{"id":145583,"href":"https:\/\/eldiariodesanpedro.com.ar\/sitio\/wp-json\/wp\/v2\/posts\/145581\/revisions\/145583"}],"wp:featuredmedia":[{"embeddable":true,"href":"https:\/\/eldiariodesanpedro.com.ar\/sitio\/wp-json\/wp\/v2\/media\/145582"}],"wp:attachment":[{"href":"https:\/\/eldiariodesanpedro.com.ar\/sitio\/wp-json\/wp\/v2\/media?parent=145581"}],"wp:term":[{"taxonomy":"category","embeddable":true,"href":"https:\/\/eldiariodesanpedro.com.ar\/sitio\/wp-json\/wp\/v2\/categories?post=145581"},{"taxonomy":"post_tag","embeddable":true,"href":"https:\/\/eldiariodesanpedro.com.ar\/sitio\/wp-json\/wp\/v2\/tags?post=145581"}],"curies":[{"name":"wp","href":"https:\/\/api.w.org\/{rel}","templated":true}]}}