{"id":14557,"date":"2017-02-12T21:17:19","date_gmt":"2017-02-13T00:17:19","guid":{"rendered":"https:\/\/eldiariodesanpedro.com.ar\/sitio\/?p=14557"},"modified":"2017-02-12T21:17:19","modified_gmt":"2017-02-13T00:17:19","slug":"cuatro-allanamientos-por-drogas-en-baradero","status":"publish","type":"post","link":"https:\/\/eldiariodesanpedro.com.ar\/sitio\/cuatro-allanamientos-por-drogas-en-baradero\/","title":{"rendered":"Cuatro allanamientos por drogas en Baradero"},"content":{"rendered":"<p><!-- VideographyWP Plugin Message: Automatic video embedding prevented by plugin options. --><br \/>\nFueron llevados a cabo en la tarde noche del viernes. Estuvieron a cargo de la Fiscal Ver\u00f3nica Marcoantonio de la Fiscal\u00eda de San Nicol\u00e1s tematizada en drogas y robo calificado. Dos de ellos dieron positivos.<\/p>\n<p>La fiscal afirm\u00f3 en 105.7 Tu Radio que el sr. Morelli conocido como \u201cMarola\u201d era el principal investigado por  venta de drogas junto a su colaborador Juan Yamuni conocido como \u201ccadenita\u201d.  Los allanamientos vinculados a estas personas dieron positivos. Los dos allanamientos realizados por posible ocultamiento, dieron negativos.<\/p>\n<p>La fiscal afirm\u00f3 que junto a la delegaci\u00f3n de drogas il\u00edcitas trabajaron frente a un pedido de la intendente Antonijevic, quien solicit\u00f3 su colaboraci\u00f3n en una serie de investigaciones. Las mismas se llevan adelante desde diciembre del a\u00f1o pasado.<\/p>\n<p>\u201cLa investigaci\u00f3n permiti\u00f3 el allanamiento en poco tiempo\u201d dijo la fiscal Marcaantonio en 105.7.  En el caso del allanamiento vinculado a Morelli, \u201cse demostr\u00f3 claramente que se vend\u00edan drogas a las personas que llegaban al lugar\u201d afirm\u00f3.<\/p>\n<p>En dicho lugar, se encontraba un hombre de nacionalidad brasilera, quien ten\u00eda en su poder diez envoltorios de coca\u00edna, y est\u00e1 implicado por venta.<\/p>\n<p>Entre los dos domicilios se secuestraron quinientos envoltorios de coca\u00edna, elementos de corte, balanzas de precisi\u00f3n, elementos de rebaja como sodio, y nailon para bolsas de fragmentaci\u00f3n. Al respecto la fiscal afirm\u00f3 \u201cestaban todos los elementos como un cuentito\u201d y agreg\u00f3 \u201cdesde 2011 hago estos allanamientos, y puedo afirmar que est\u00e1n todos los elementos para comprobar la comercializaci\u00f3n\u201d.<\/p>\n<p>Si bien aclar\u00f3 que ser\u00e1 la jueza de garant\u00edas quien tome la decisi\u00f3n, expres\u00f3 que para la fiscal\u00eda el delito est\u00e1 comprobado.<\/p>\n<p>La fiscal afirm\u00f3 que Yamuni fue detenido y Moreli est\u00e1 pr\u00f3fugo. (Tu L\u00ednea Directa)<\/p>\n","protected":false},"excerpt":{"rendered":"<p>Fueron llevados a cabo en la tarde noche del viernes. Estuvieron a cargo de la Fiscal Ver\u00f3nica Marcoantonio de la Fiscal\u00eda de San Nicol\u00e1s tematizada en drogas y robo calificado. Dos de ellos dieron positivos. La fiscal afirm\u00f3 en 105.7 Tu Radio que el sr. Morelli conocido como \u201cMarola\u201d era el principal investigado por venta [&hellip;]<\/p>\n","protected":false},"author":4,"featured_media":14558,"comment_status":"open","ping_status":"closed","sticky":false,"template":"","format":"standard","meta":{"om_disable_all_campaigns":false,"_jetpack_memberships_contains_paid_content":false,"footnotes":""},"categories":[621],"tags":[],"class_list":["post-14557","post","type-post","status-publish","format-standard","has-post-thumbnail","hentry","category-regionales"],"aioseo_notices":[],"gutentor_comment":0,"jetpack_featured_media_url":"https:\/\/eldiariodesanpedro.com.ar\/sitio\/wp-content\/uploads\/2017\/02\/Los-elementos-secuestrados.jpg","jetpack_shortlink":"https:\/\/wp.me\/p6RhLt-3MN","jetpack_sharing_enabled":true,"_links":{"self":[{"href":"https:\/\/eldiariodesanpedro.com.ar\/sitio\/wp-json\/wp\/v2\/posts\/14557","targetHints":{"allow":["GET"]}}],"collection":[{"href":"https:\/\/eldiariodesanpedro.com.ar\/sitio\/wp-json\/wp\/v2\/posts"}],"about":[{"href":"https:\/\/eldiariodesanpedro.com.ar\/sitio\/wp-json\/wp\/v2\/types\/post"}],"author":[{"embeddable":true,"href":"https:\/\/eldiariodesanpedro.com.ar\/sitio\/wp-json\/wp\/v2\/users\/4"}],"replies":[{"embeddable":true,"href":"https:\/\/eldiariodesanpedro.com.ar\/sitio\/wp-json\/wp\/v2\/comments?post=14557"}],"version-history":[{"count":1,"href":"https:\/\/eldiariodesanpedro.com.ar\/sitio\/wp-json\/wp\/v2\/posts\/14557\/revisions"}],"predecessor-version":[{"id":14559,"href":"https:\/\/eldiariodesanpedro.com.ar\/sitio\/wp-json\/wp\/v2\/posts\/14557\/revisions\/14559"}],"wp:featuredmedia":[{"embeddable":true,"href":"https:\/\/eldiariodesanpedro.com.ar\/sitio\/wp-json\/wp\/v2\/media\/14558"}],"wp:attachment":[{"href":"https:\/\/eldiariodesanpedro.com.ar\/sitio\/wp-json\/wp\/v2\/media?parent=14557"}],"wp:term":[{"taxonomy":"category","embeddable":true,"href":"https:\/\/eldiariodesanpedro.com.ar\/sitio\/wp-json\/wp\/v2\/categories?post=14557"},{"taxonomy":"post_tag","embeddable":true,"href":"https:\/\/eldiariodesanpedro.com.ar\/sitio\/wp-json\/wp\/v2\/tags?post=14557"}],"curies":[{"name":"wp","href":"https:\/\/api.w.org\/{rel}","templated":true}]}}