{"id":145525,"date":"2025-12-02T09:25:57","date_gmt":"2025-12-02T12:25:57","guid":{"rendered":"https:\/\/eldiariodesanpedro.com.ar\/sitio\/?p=145525"},"modified":"2025-12-02T09:26:01","modified_gmt":"2025-12-02T12:26:01","slug":"intendentes-respaldan-la-ley-de-financiamiento-que-se-debatira-esta-semana-en-diputados","status":"publish","type":"post","link":"https:\/\/eldiariodesanpedro.com.ar\/sitio\/intendentes-respaldan-la-ley-de-financiamiento-que-se-debatira-esta-semana-en-diputados\/","title":{"rendered":"Intendentes respaldan la Ley de Financiamiento que se debatir\u00e1 esta semana en Diputados"},"content":{"rendered":"<!-- VideographyWP Plugin Message: Automatic video embedding prevented by plugin options. -->\n\n<p>Intendentes de San Pedro, Exaltaci\u00f3n de la Cruz, Salto y Ramallo expresaron su apoyo a la Ley de Financiamiento que tratar\u00e1 la Legislatura bonaeren<\/p>\n\n\n\n<p>Los intendentes de <strong>San Pedro (Cecilio Salazar)<\/strong>, <strong>Exaltaci\u00f3n de la Cruz (Diego Nanni)<\/strong>, <strong>Salto (Ricardo Alessandro)<\/strong> y <strong>Ramallo (Mauro Poletti)<\/strong> emitieron un comunicado conjunto en el que manifestaron su <strong>respaldo pleno y responsable a la Ley de Financiamiento de la Provincia de Buenos Aires<\/strong>, que ser\u00e1 tratada esta semana en la C\u00e1mara de Diputados.<\/p>\n\n\n\n<p>Los jefes comunales destacaron que <strong>la iniciativa no representa un pedido extraordinario ni un planteo partidario<\/strong>, sino una <strong>herramienta imprescindible para que la Provincia cumpla con sus compromisos<\/strong>, sostenga el funcionamiento diario del Estado y evite que la crisis econ\u00f3mica nacional profundice las dificultades que atraviesan los municipios.<\/p>\n\n\n\n<p>Seg\u00fan remarcaron, <strong>la ley no propone endeudamiento para obras aisladas<\/strong>, sino que busca asegurar <strong>los fondos necesarios para cubrir vencimientos ya establecidos<\/strong> y garantizar la continuidad de \u00e1reas esenciales como <strong>salud, educaci\u00f3n, infraestructura, desarrollo social y seguridad<\/strong>, actualmente tensionadas por la ca\u00edda de la actividad econ\u00f3mica y el aumento de la demanda social.<\/p>\n\n\n\n<p>Los intendentes subrayaron que en cada distrito se observa a diario el impacto de esta realidad: <strong>recaudaciones en retroceso<\/strong>, sistemas de salud al l\u00edmite, <strong>m\u00e1s familias solicitando asistencia<\/strong>, comercios y productores afectados, y servicios b\u00e1sicos que requieren del <strong>acompa\u00f1amiento financiero de la Provincia<\/strong> para mantenerse operativos.<\/p>\n\n\n\n<p>En el comunicado, los mandatarios enfatizaron que <strong>ning\u00fan municipio est\u00e1 exento de esta situaci\u00f3n<\/strong> y que la aprobaci\u00f3n de la Ley de Financiamiento es clave para otorgar <strong>previsibilidad y estabilidad fiscal<\/strong> en un contexto nacional adverso.<\/p>\n\n\n\n<p>Finalmente, hicieron un llamado a las y los legisladores bonaerenses de todos los bloques para que <strong>acompa\u00f1en la aprobaci\u00f3n de la Ley<\/strong>, recordando que <strong>\u201cno se trata de una disputa pol\u00edtica, sino de una decisi\u00f3n imprescindible para preservar el orden econ\u00f3mico y social de la Provincia y defender a los 17 millones de bonaerenses\u201d<\/strong>.<\/p>\n\n\n\n<p>#SanPedro #Exaltaci\u00f3ndelaCruz #Ramallo #Salto #BuenosAires #LeyDeFinanciamiento #AxelKicillof #Municipios<\/p>\n\n\n<div class=\"wp-block-image\">\n<figure class=\"aligncenter size-full\"><img decoding=\"async\" width=\"504\" height=\"630\" data-attachment-id=\"145527\" data-permalink=\"https:\/\/eldiariodesanpedro.com.ar\/sitio\/intendentes-respaldan-la-ley-de-financiamiento-que-se-debatira-esta-semana-en-diputados\/593708243_1419857783472678_2485740223335031226_n\/\" data-orig-file=\"https:\/\/eldiariodesanpedro.com.ar\/sitio\/wp-content\/uploads\/2025\/12\/593708243_1419857783472678_2485740223335031226_n.jpg\" data-orig-size=\"504,630\" data-comments-opened=\"0\" data-image-meta=\"{&quot;aperture&quot;:&quot;0&quot;,&quot;credit&quot;:&quot;&quot;,&quot;camera&quot;:&quot;&quot;,&quot;caption&quot;:&quot;&quot;,&quot;created_timestamp&quot;:&quot;0&quot;,&quot;copyright&quot;:&quot;&quot;,&quot;focal_length&quot;:&quot;0&quot;,&quot;iso&quot;:&quot;0&quot;,&quot;shutter_speed&quot;:&quot;0&quot;,&quot;title&quot;:&quot;&quot;,&quot;orientation&quot;:&quot;0&quot;}\" data-image-title=\"593708243_1419857783472678_2485740223335031226_n\" data-image-description=\"\" data-image-caption=\"\" data-large-file=\"https:\/\/eldiariodesanpedro.com.ar\/sitio\/wp-content\/uploads\/2025\/12\/593708243_1419857783472678_2485740223335031226_n.jpg\" data-src=\"https:\/\/eldiariodesanpedro.com.ar\/sitio\/wp-content\/uploads\/2025\/12\/593708243_1419857783472678_2485740223335031226_n.jpg\" alt=\"\" class=\"wp-image-145527 lazyload\" data-srcset=\"https:\/\/eldiariodesanpedro.com.ar\/sitio\/wp-content\/uploads\/2025\/12\/593708243_1419857783472678_2485740223335031226_n.jpg 504w, https:\/\/eldiariodesanpedro.com.ar\/sitio\/wp-content\/uploads\/2025\/12\/593708243_1419857783472678_2485740223335031226_n-240x300.jpg 240w\" data-sizes=\"(max-width: 504px) 100vw, 504px\" src=\"data:image\/svg+xml;base64,PHN2ZyB3aWR0aD0iMSIgaGVpZ2h0PSIxIiB4bWxucz0iaHR0cDovL3d3dy53My5vcmcvMjAwMC9zdmciPjwvc3ZnPg==\" style=\"--smush-placeholder-width: 504px; --smush-placeholder-aspect-ratio: 504\/630;\" \/><\/figure>\n<\/div>","protected":false},"excerpt":{"rendered":"<p>Intendentes de San Pedro, Exaltaci\u00f3n de la Cruz, Salto y Ramallo expresaron su apoyo a la Ley de Financiamiento que tratar\u00e1 la Legislatura bonaeren Los intendentes de San Pedro (Cecilio Salazar), Exaltaci\u00f3n de la Cruz (Diego Nanni), Salto (Ricardo Alessandro) y Ramallo (Mauro Poletti) emitieron un comunicado conjunto en el que manifestaron su respaldo pleno [&hellip;]<\/p>\n","protected":false},"author":4,"featured_media":145526,"comment_status":"closed","ping_status":"closed","sticky":false,"template":"","format":"standard","meta":{"om_disable_all_campaigns":false,"_jetpack_memberships_contains_paid_content":false,"footnotes":""},"categories":[50,101,2],"tags":[],"class_list":["post-145525","post","type-post","status-publish","format-standard","has-post-thumbnail","hentry","category-destacadas","category-interes-general-locales","category-locales"],"aioseo_notices":[],"gutentor_comment":0,"jetpack_featured_media_url":"https:\/\/eldiariodesanpedro.com.ar\/sitio\/wp-content\/uploads\/2025\/12\/cecilio.jpg","jetpack_shortlink":"https:\/\/wp.me\/p6RhLt-BRb","jetpack_sharing_enabled":true,"_links":{"self":[{"href":"https:\/\/eldiariodesanpedro.com.ar\/sitio\/wp-json\/wp\/v2\/posts\/145525","targetHints":{"allow":["GET"]}}],"collection":[{"href":"https:\/\/eldiariodesanpedro.com.ar\/sitio\/wp-json\/wp\/v2\/posts"}],"about":[{"href":"https:\/\/eldiariodesanpedro.com.ar\/sitio\/wp-json\/wp\/v2\/types\/post"}],"author":[{"embeddable":true,"href":"https:\/\/eldiariodesanpedro.com.ar\/sitio\/wp-json\/wp\/v2\/users\/4"}],"replies":[{"embeddable":true,"href":"https:\/\/eldiariodesanpedro.com.ar\/sitio\/wp-json\/wp\/v2\/comments?post=145525"}],"version-history":[{"count":1,"href":"https:\/\/eldiariodesanpedro.com.ar\/sitio\/wp-json\/wp\/v2\/posts\/145525\/revisions"}],"predecessor-version":[{"id":145528,"href":"https:\/\/eldiariodesanpedro.com.ar\/sitio\/wp-json\/wp\/v2\/posts\/145525\/revisions\/145528"}],"wp:featuredmedia":[{"embeddable":true,"href":"https:\/\/eldiariodesanpedro.com.ar\/sitio\/wp-json\/wp\/v2\/media\/145526"}],"wp:attachment":[{"href":"https:\/\/eldiariodesanpedro.com.ar\/sitio\/wp-json\/wp\/v2\/media?parent=145525"}],"wp:term":[{"taxonomy":"category","embeddable":true,"href":"https:\/\/eldiariodesanpedro.com.ar\/sitio\/wp-json\/wp\/v2\/categories?post=145525"},{"taxonomy":"post_tag","embeddable":true,"href":"https:\/\/eldiariodesanpedro.com.ar\/sitio\/wp-json\/wp\/v2\/tags?post=145525"}],"curies":[{"name":"wp","href":"https:\/\/api.w.org\/{rel}","templated":true}]}}