{"id":145515,"date":"2025-12-02T09:08:10","date_gmt":"2025-12-02T12:08:10","guid":{"rendered":"https:\/\/eldiariodesanpedro.com.ar\/sitio\/?p=145515"},"modified":"2025-12-02T09:08:16","modified_gmt":"2025-12-02T12:08:16","slug":"comenzaron-las-obras-en-el-paso-a-nivel-de-la-ruta-191-y-sera-por-dos-meses","status":"publish","type":"post","link":"https:\/\/eldiariodesanpedro.com.ar\/sitio\/comenzaron-las-obras-en-el-paso-a-nivel-de-la-ruta-191-y-sera-por-dos-meses\/","title":{"rendered":"Comenzaron las obras en el paso a nivel de la Ruta 191 y ser\u00e1 por dos meses"},"content":{"rendered":"<!-- VideographyWP Plugin Message: Automatic video embedding prevented by plugin options. -->\n\n<p>La Municipalidad confirm\u00f3 que <strong>comenzaron las obras en el paso a nivel de la Ruta 191<\/strong>, a pocos metros de la planta de Arcor. Los trabajos, que estar\u00e1n a cargo de Trenes Argentinos, <strong>tendr\u00e1n una duraci\u00f3n estimada de dos meses<\/strong> e incluir\u00e1n el <strong>reemplazo de durmientes y v\u00edas<\/strong>, adem\u00e1s de la <strong>colocaci\u00f3n de empedrado y cajones peatonales laterales<\/strong> para mejorar la transitabilidad y la seguridad del cruce.<\/p>\n\n\n\n<p>Durante el per\u00edodo de obra, el tr\u00e1nsito vehicular <strong>ser\u00e1 desviado por el paso a nivel habilitado en calle Basavilbaso<\/strong>, donde por el momento <strong>no habr\u00e1 barreras autom\u00e1ticas<\/strong>. No obstante, <strong>la empresa Trenes Argentinos dispondr\u00e1 de banderilleros mientras circulen los trenes<\/strong>, con el objetivo de garantizar un cruce seguro tanto para automovilistas como para peatones.<\/p>\n\n\n\n<p>La intervenci\u00f3n forma parte del programa de mantenimiento y mejora de la infraestructura ferroviaria en la regi\u00f3n, y se espera que al finalizar los trabajos se optimice tanto el flujo vehicular como la operaci\u00f3n del servicio ferroviario.<\/p>\n\n\n\n<p>Iniciaron las obras en el paso a nivel de la Ruta 191, con trabajos ferroviarios y desv\u00edos de tr\u00e1nsito por calle Basavilbaso.<\/p>\n\n\n\n<p>La Municipalidad confirm\u00f3 que <strong>comenzaron las obras en el paso a nivel de la Ruta 191<\/strong>, a pocos metros de la planta de Arcor. Los trabajos, que estar\u00e1n a cargo de Trenes Argentinos, <strong>tendr\u00e1n una duraci\u00f3n estimada de dos meses<\/strong> e incluir\u00e1n el <strong>reemplazo de durmientes y v\u00edas<\/strong>, adem\u00e1s de la <strong>colocaci\u00f3n de empedrado y cajones peatonales laterales<\/strong> para mejorar la transitabilidad y la seguridad del cruce.<\/p>\n\n\n\n<p>Durante el per\u00edodo de obra, el tr\u00e1nsito vehicular <strong>ser\u00e1 desviado por el paso a nivel habilitado en calle Basavilbaso<\/strong>, donde por el momento <strong>no habr\u00e1 barreras autom\u00e1ticas<\/strong>. No obstante, <strong>la empresa Trenes Argentinos dispondr\u00e1 de banderilleros mientras circulen los trenes<\/strong>, con el objetivo de garantizar un cruce seguro tanto para automovilistas como para peatones.<\/p>\n\n\n\n<p>La intervenci\u00f3n forma parte del programa de mantenimiento y mejora de la infraestructura ferroviaria en la regi\u00f3n, y se espera que al finalizar los trabajos se optimice tanto el flujo vehicular como la operaci\u00f3n del servicio ferroviario.<\/p>\n\n\n\n<div class=\"wp-block-jetpack-slideshow aligncenter\" data-effect=\"slide\" style=\"--aspect-ratio:calc(1024 \/ 576)\"><div class=\"wp-block-jetpack-slideshow_container swiper-container\"><ul class=\"wp-block-jetpack-slideshow_swiper-wrapper swiper-wrapper\"><li class=\"wp-block-jetpack-slideshow_slide swiper-slide\"><figure><img decoding=\"async\" width=\"1024\" height=\"576\" alt=\"\" class=\"wp-block-jetpack-slideshow_image wp-image-145520 lazyload\" data-id=\"145520\" data-aspect-ratio=\"1024 \/ 576\" data-src=\"https:\/\/eldiariodesanpedro.com.ar\/sitio\/wp-content\/uploads\/2025\/12\/Imagen-de-WhatsApp-2025-12-02-a-las-09.02.19_6584fcdc-1024x576.jpg\" data-srcset=\"https:\/\/eldiariodesanpedro.com.ar\/sitio\/wp-content\/uploads\/2025\/12\/Imagen-de-WhatsApp-2025-12-02-a-las-09.02.19_6584fcdc-1024x576.jpg 1024w, https:\/\/eldiariodesanpedro.com.ar\/sitio\/wp-content\/uploads\/2025\/12\/Imagen-de-WhatsApp-2025-12-02-a-las-09.02.19_6584fcdc-300x169.jpg 300w, https:\/\/eldiariodesanpedro.com.ar\/sitio\/wp-content\/uploads\/2025\/12\/Imagen-de-WhatsApp-2025-12-02-a-las-09.02.19_6584fcdc-768x432.jpg 768w, https:\/\/eldiariodesanpedro.com.ar\/sitio\/wp-content\/uploads\/2025\/12\/Imagen-de-WhatsApp-2025-12-02-a-las-09.02.19_6584fcdc.jpg 1120w\" data-sizes=\"(max-width: 1024px) 100vw, 1024px\" src=\"data:image\/svg+xml;base64,PHN2ZyB3aWR0aD0iMSIgaGVpZ2h0PSIxIiB4bWxucz0iaHR0cDovL3d3dy53My5vcmcvMjAwMC9zdmciPjwvc3ZnPg==\" style=\"--smush-placeholder-width: 1024px; --smush-placeholder-aspect-ratio: 1024\/576;\" \/><\/figure><\/li><li class=\"wp-block-jetpack-slideshow_slide swiper-slide\"><figure><img decoding=\"async\" width=\"1024\" height=\"576\" alt=\"\" class=\"wp-block-jetpack-slideshow_image wp-image-145521 lazyload\" data-id=\"145521\" data-aspect-ratio=\"1024 \/ 576\" data-src=\"https:\/\/eldiariodesanpedro.com.ar\/sitio\/wp-content\/uploads\/2025\/12\/Imagen-de-WhatsApp-2025-12-02-a-las-09.02.20_453b5ef3-1024x576.jpg\" data-srcset=\"https:\/\/eldiariodesanpedro.com.ar\/sitio\/wp-content\/uploads\/2025\/12\/Imagen-de-WhatsApp-2025-12-02-a-las-09.02.20_453b5ef3-1024x576.jpg 1024w, https:\/\/eldiariodesanpedro.com.ar\/sitio\/wp-content\/uploads\/2025\/12\/Imagen-de-WhatsApp-2025-12-02-a-las-09.02.20_453b5ef3-300x169.jpg 300w, https:\/\/eldiariodesanpedro.com.ar\/sitio\/wp-content\/uploads\/2025\/12\/Imagen-de-WhatsApp-2025-12-02-a-las-09.02.20_453b5ef3-768x432.jpg 768w, https:\/\/eldiariodesanpedro.com.ar\/sitio\/wp-content\/uploads\/2025\/12\/Imagen-de-WhatsApp-2025-12-02-a-las-09.02.20_453b5ef3.jpg 1120w\" data-sizes=\"(max-width: 1024px) 100vw, 1024px\" src=\"data:image\/svg+xml;base64,PHN2ZyB3aWR0aD0iMSIgaGVpZ2h0PSIxIiB4bWxucz0iaHR0cDovL3d3dy53My5vcmcvMjAwMC9zdmciPjwvc3ZnPg==\" style=\"--smush-placeholder-width: 1024px; --smush-placeholder-aspect-ratio: 1024\/576;\" \/><\/figure><\/li><li class=\"wp-block-jetpack-slideshow_slide swiper-slide\"><figure><img decoding=\"async\" width=\"1024\" height=\"576\" alt=\"\" class=\"wp-block-jetpack-slideshow_image wp-image-145522 lazyload\" data-id=\"145522\" data-aspect-ratio=\"1024 \/ 576\" data-src=\"https:\/\/eldiariodesanpedro.com.ar\/sitio\/wp-content\/uploads\/2025\/12\/Imagen-de-WhatsApp-2025-12-02-a-las-09.02.21_7ae44e37-1024x576.jpg\" data-srcset=\"https:\/\/eldiariodesanpedro.com.ar\/sitio\/wp-content\/uploads\/2025\/12\/Imagen-de-WhatsApp-2025-12-02-a-las-09.02.21_7ae44e37-1024x576.jpg 1024w, https:\/\/eldiariodesanpedro.com.ar\/sitio\/wp-content\/uploads\/2025\/12\/Imagen-de-WhatsApp-2025-12-02-a-las-09.02.21_7ae44e37-300x169.jpg 300w, https:\/\/eldiariodesanpedro.com.ar\/sitio\/wp-content\/uploads\/2025\/12\/Imagen-de-WhatsApp-2025-12-02-a-las-09.02.21_7ae44e37-768x432.jpg 768w, https:\/\/eldiariodesanpedro.com.ar\/sitio\/wp-content\/uploads\/2025\/12\/Imagen-de-WhatsApp-2025-12-02-a-las-09.02.21_7ae44e37.jpg 1120w\" data-sizes=\"(max-width: 1024px) 100vw, 1024px\" src=\"data:image\/svg+xml;base64,PHN2ZyB3aWR0aD0iMSIgaGVpZ2h0PSIxIiB4bWxucz0iaHR0cDovL3d3dy53My5vcmcvMjAwMC9zdmciPjwvc3ZnPg==\" style=\"--smush-placeholder-width: 1024px; --smush-placeholder-aspect-ratio: 1024\/576;\" \/><\/figure><\/li><li class=\"wp-block-jetpack-slideshow_slide swiper-slide\"><figure><img decoding=\"async\" width=\"1024\" height=\"576\" alt=\"\" class=\"wp-block-jetpack-slideshow_image wp-image-145523 lazyload\" data-id=\"145523\" data-aspect-ratio=\"1024 \/ 576\" data-src=\"https:\/\/eldiariodesanpedro.com.ar\/sitio\/wp-content\/uploads\/2025\/12\/Imagen-de-WhatsApp-2025-12-02-a-las-09.02.21_11dcf7d8-1-1024x576.jpg\" data-srcset=\"https:\/\/eldiariodesanpedro.com.ar\/sitio\/wp-content\/uploads\/2025\/12\/Imagen-de-WhatsApp-2025-12-02-a-las-09.02.21_11dcf7d8-1-1024x576.jpg 1024w, https:\/\/eldiariodesanpedro.com.ar\/sitio\/wp-content\/uploads\/2025\/12\/Imagen-de-WhatsApp-2025-12-02-a-las-09.02.21_11dcf7d8-1-300x169.jpg 300w, https:\/\/eldiariodesanpedro.com.ar\/sitio\/wp-content\/uploads\/2025\/12\/Imagen-de-WhatsApp-2025-12-02-a-las-09.02.21_11dcf7d8-1-768x432.jpg 768w, https:\/\/eldiariodesanpedro.com.ar\/sitio\/wp-content\/uploads\/2025\/12\/Imagen-de-WhatsApp-2025-12-02-a-las-09.02.21_11dcf7d8-1.jpg 1120w\" data-sizes=\"(max-width: 1024px) 100vw, 1024px\" src=\"data:image\/svg+xml;base64,PHN2ZyB3aWR0aD0iMSIgaGVpZ2h0PSIxIiB4bWxucz0iaHR0cDovL3d3dy53My5vcmcvMjAwMC9zdmciPjwvc3ZnPg==\" style=\"--smush-placeholder-width: 1024px; --smush-placeholder-aspect-ratio: 1024\/576;\" \/><\/figure><\/li><\/ul><a class=\"wp-block-jetpack-slideshow_button-prev swiper-button-prev swiper-button-white\" role=\"button\"><\/a><a class=\"wp-block-jetpack-slideshow_button-next swiper-button-next swiper-button-white\" role=\"button\"><\/a><a aria-label=\"Pause Slideshow\" class=\"wp-block-jetpack-slideshow_button-pause\" role=\"button\"><\/a><div class=\"wp-block-jetpack-slideshow_pagination swiper-pagination swiper-pagination-white\"><\/div><\/div><\/div>\n","protected":false},"excerpt":{"rendered":"<p>La Municipalidad confirm\u00f3 que comenzaron las obras en el paso a nivel de la Ruta 191, a pocos metros de la planta de Arcor. Los trabajos, que estar\u00e1n a cargo de Trenes Argentinos, tendr\u00e1n una duraci\u00f3n estimada de dos meses e incluir\u00e1n el reemplazo de durmientes y v\u00edas, adem\u00e1s de la colocaci\u00f3n de empedrado y [&hellip;]<\/p>\n","protected":false},"author":4,"featured_media":145518,"comment_status":"closed","ping_status":"closed","sticky":false,"template":"","format":"standard","meta":{"om_disable_all_campaigns":false,"_jetpack_memberships_contains_paid_content":false,"footnotes":""},"categories":[50,101,2],"tags":[7635,7636,7633,7634,7592],"class_list":["post-145515","post","type-post","status-publish","format-standard","has-post-thumbnail","hentry","category-destacadas","category-interes-general-locales","category-locales","tag-desvio-transito","tag-mejoras-ferroviarias","tag-obras-ruta-191","tag-paso-a-nivel-san-pedro","tag-trenes-argentinos"],"aioseo_notices":[],"gutentor_comment":0,"jetpack_featured_media_url":"https:\/\/eldiariodesanpedro.com.ar\/sitio\/wp-content\/uploads\/2025\/12\/medida-4.jpg","jetpack_shortlink":"https:\/\/wp.me\/p6RhLt-BR1","jetpack_sharing_enabled":true,"_links":{"self":[{"href":"https:\/\/eldiariodesanpedro.com.ar\/sitio\/wp-json\/wp\/v2\/posts\/145515","targetHints":{"allow":["GET"]}}],"collection":[{"href":"https:\/\/eldiariodesanpedro.com.ar\/sitio\/wp-json\/wp\/v2\/posts"}],"about":[{"href":"https:\/\/eldiariodesanpedro.com.ar\/sitio\/wp-json\/wp\/v2\/types\/post"}],"author":[{"embeddable":true,"href":"https:\/\/eldiariodesanpedro.com.ar\/sitio\/wp-json\/wp\/v2\/users\/4"}],"replies":[{"embeddable":true,"href":"https:\/\/eldiariodesanpedro.com.ar\/sitio\/wp-json\/wp\/v2\/comments?post=145515"}],"version-history":[{"count":1,"href":"https:\/\/eldiariodesanpedro.com.ar\/sitio\/wp-json\/wp\/v2\/posts\/145515\/revisions"}],"predecessor-version":[{"id":145524,"href":"https:\/\/eldiariodesanpedro.com.ar\/sitio\/wp-json\/wp\/v2\/posts\/145515\/revisions\/145524"}],"wp:featuredmedia":[{"embeddable":true,"href":"https:\/\/eldiariodesanpedro.com.ar\/sitio\/wp-json\/wp\/v2\/media\/145518"}],"wp:attachment":[{"href":"https:\/\/eldiariodesanpedro.com.ar\/sitio\/wp-json\/wp\/v2\/media?parent=145515"}],"wp:term":[{"taxonomy":"category","embeddable":true,"href":"https:\/\/eldiariodesanpedro.com.ar\/sitio\/wp-json\/wp\/v2\/categories?post=145515"},{"taxonomy":"post_tag","embeddable":true,"href":"https:\/\/eldiariodesanpedro.com.ar\/sitio\/wp-json\/wp\/v2\/tags?post=145515"}],"curies":[{"name":"wp","href":"https:\/\/api.w.org\/{rel}","templated":true}]}}