{"id":14551,"date":"2017-02-12T21:08:25","date_gmt":"2017-02-13T00:08:25","guid":{"rendered":"https:\/\/eldiariodesanpedro.com.ar\/sitio\/?p=14551"},"modified":"2017-02-12T21:08:25","modified_gmt":"2017-02-13T00:08:25","slug":"el-1o-de-marzo-inauguran-el-sanatorio-coopser","status":"publish","type":"post","link":"https:\/\/eldiariodesanpedro.com.ar\/sitio\/el-1o-de-marzo-inauguran-el-sanatorio-coopser\/","title":{"rendered":"El 1\u00ba de marzo inauguran el Sanatorio Coopser"},"content":{"rendered":"<p><!-- VideographyWP Plugin Message: Automatic video embedding prevented by plugin options. --><br \/>\nEn la medida que los d\u00edas avanzan, se ultiman detalles y queda menos para acondicionar. El nuevo centro asistencial de la ciudad, pr\u00e1cticamente est\u00e1 listo para comenzar a funcionar.<\/p>\n<p>\u201cLa nueva mesa de cirug\u00eda ya est\u00e1 por llegar o sea que la cl\u00ednica ya est\u00e1 en condiciones de apertura\u201d dijo Iv\u00e1n Groppo, presidente del Consejo de Administraci\u00f3n de Coopser y agreg\u00f3 luego: \u201cHoy estamos en condiciones de decir que el 1\u00ba de marzo el Sanatorio Coopser abre, as\u00ed que estamos ultimando detalles\u201d.<\/p>\n<p>\u201cLo edilicio ya est\u00e1, son peque\u00f1os detalles, estamos trabajando con retoque de pinturas y no est\u00e1 llegando la aparatolog\u00eda que necesitamos y el personal est\u00e1 en una serie de capacitaciones porque es la manera de estar al d\u00eda con los programas de computaci\u00f3n\u201d, sostuvo.<\/p>\n<p>Sobre los \u00faltimos trabajos para la puesta a puntos, Groppo cont\u00f3: \u201cHemos trasladado la sala de rayos y estamos emplomando las paredes del nuevo lugar. Pero el resto, se est\u00e1 ordenando todo, poniendo las camas, est\u00e1 llegando la ropa nuevas, pintando la cocina, que son cosas m\u00ednimas y las grandes obras ya est\u00e1n hechas, si todo sale bien, quiz\u00e1s una semana antes tengamos la cl\u00ednica ordenada\u201d y \u201cfalta que el personal se termine de familiarizarse con el nuevo equipamiento (para eso est\u00e1n haciendo cursos)\u201d.<\/p>\n<p>En tanto que a futuro se planifica una posible ampliaci\u00f3n del edificio. \u201cAlgunos m\u00e9dicos, que son especialistas, plantean que San Pedro est\u00e1 en condiciones de tener algunos servicios m\u00e1s, explic\u00f3 Groppo. Y sobre ello, manifest\u00f3: \u201cM\u00e1s espacio f\u00edsico nosotros no tenemos, lo \u00fanico que podemos hacer es crecer para arriba o sea que la idea es hacer un piso m\u00e1s y trasladar algunas dependencias que por operatividad no est\u00e1n en el mejor lugar y por ah\u00ed traer alg\u00fan servicio nuevo\u201d.<\/p>\n<p>\u201cEn alg\u00fan momento pensamos en pediatr\u00eda o en la colocaci\u00f3n de marcapasos, hay un mont\u00f3n de cosas que podr\u00edamos afrontar y que una vez que empiece a funcionar la cl\u00ednica y que se estabilice el sanatorio vamos a ver si podemos encarar alguna otra obra que ampl\u00ede los servicios que se van a prestar\u201d.<\/p>\n","protected":false},"excerpt":{"rendered":"<p>En la medida que los d\u00edas avanzan, se ultiman detalles y queda menos para acondicionar. El nuevo centro asistencial de la ciudad, pr\u00e1cticamente est\u00e1 listo para comenzar a funcionar. \u201cLa nueva mesa de cirug\u00eda ya est\u00e1 por llegar o sea que la cl\u00ednica ya est\u00e1 en condiciones de apertura\u201d dijo Iv\u00e1n Groppo, presidente del Consejo [&hellip;]<\/p>\n","protected":false},"author":4,"featured_media":14552,"comment_status":"open","ping_status":"closed","sticky":false,"template":"","format":"standard","meta":{"om_disable_all_campaigns":false,"_jetpack_memberships_contains_paid_content":false,"footnotes":""},"categories":[101,2],"tags":[],"class_list":["post-14551","post","type-post","status-publish","format-standard","has-post-thumbnail","hentry","category-interes-general-locales","category-locales"],"aioseo_notices":[],"gutentor_comment":0,"jetpack_featured_media_url":"https:\/\/eldiariodesanpedro.com.ar\/sitio\/wp-content\/uploads\/2017\/02\/trabajos-coopser-clinica.jpg","jetpack_shortlink":"https:\/\/wp.me\/p6RhLt-3MH","jetpack_sharing_enabled":true,"_links":{"self":[{"href":"https:\/\/eldiariodesanpedro.com.ar\/sitio\/wp-json\/wp\/v2\/posts\/14551","targetHints":{"allow":["GET"]}}],"collection":[{"href":"https:\/\/eldiariodesanpedro.com.ar\/sitio\/wp-json\/wp\/v2\/posts"}],"about":[{"href":"https:\/\/eldiariodesanpedro.com.ar\/sitio\/wp-json\/wp\/v2\/types\/post"}],"author":[{"embeddable":true,"href":"https:\/\/eldiariodesanpedro.com.ar\/sitio\/wp-json\/wp\/v2\/users\/4"}],"replies":[{"embeddable":true,"href":"https:\/\/eldiariodesanpedro.com.ar\/sitio\/wp-json\/wp\/v2\/comments?post=14551"}],"version-history":[{"count":1,"href":"https:\/\/eldiariodesanpedro.com.ar\/sitio\/wp-json\/wp\/v2\/posts\/14551\/revisions"}],"predecessor-version":[{"id":14553,"href":"https:\/\/eldiariodesanpedro.com.ar\/sitio\/wp-json\/wp\/v2\/posts\/14551\/revisions\/14553"}],"wp:featuredmedia":[{"embeddable":true,"href":"https:\/\/eldiariodesanpedro.com.ar\/sitio\/wp-json\/wp\/v2\/media\/14552"}],"wp:attachment":[{"href":"https:\/\/eldiariodesanpedro.com.ar\/sitio\/wp-json\/wp\/v2\/media?parent=14551"}],"wp:term":[{"taxonomy":"category","embeddable":true,"href":"https:\/\/eldiariodesanpedro.com.ar\/sitio\/wp-json\/wp\/v2\/categories?post=14551"},{"taxonomy":"post_tag","embeddable":true,"href":"https:\/\/eldiariodesanpedro.com.ar\/sitio\/wp-json\/wp\/v2\/tags?post=14551"}],"curies":[{"name":"wp","href":"https:\/\/api.w.org\/{rel}","templated":true}]}}