{"id":145481,"date":"2025-12-01T16:44:39","date_gmt":"2025-12-01T19:44:39","guid":{"rendered":"https:\/\/eldiariodesanpedro.com.ar\/sitio\/?p=145481"},"modified":"2025-12-01T16:44:42","modified_gmt":"2025-12-01T19:44:42","slug":"aprehenden-a-un-hombre-tras-amenazar-a-su-expareja-y-efectuar-disparos-durante-su-fuga","status":"publish","type":"post","link":"https:\/\/eldiariodesanpedro.com.ar\/sitio\/aprehenden-a-un-hombre-tras-amenazar-a-su-expareja-y-efectuar-disparos-durante-su-fuga\/","title":{"rendered":"Aprehenden a un hombre tras amenazar a su expareja y efectuar disparos durante su fuga"},"content":{"rendered":"<!-- VideographyWP Plugin Message: Automatic video embedding prevented by plugin options. -->\n\n<p>Un hombre de 35 a\u00f1os fue detenido luego de <strong>amenazar a su expareja con un arma casera<\/strong>, huir de la Polic\u00eda y <strong>efectuar disparos hacia los efectivos<\/strong>.<\/p>\n\n\n\n<p>En la jornada de ayer, <strong>personal policial respondi\u00f3 a un llamado al 911<\/strong> que alertaba sobre la presencia de <strong>un hombre armado en la v\u00eda p\u00fablica<\/strong>, en <strong>calle Cruz Rojas al 600<\/strong>. Al llegar al lugar, los efectivos <strong>interceptaron al sujeto de 35 a\u00f1os<\/strong>, quien <strong>intent\u00f3 darse a la fuga<\/strong>.<\/p>\n\n\n\n<p>Durante la persecuci\u00f3n, el individuo <strong>realiz\u00f3 una detonaci\u00f3n con un arma de fabricaci\u00f3n casera contra el personal policial<\/strong>, que <strong>result\u00f3 ileso<\/strong>, y luego <strong>descart\u00f3 el arma en un descampado<\/strong> antes de ser finalmente reducido.<\/p>\n\n\n\n<p>La investigaci\u00f3n determin\u00f3 que el hombre <strong>hab\u00eda amenazado de muerte a su expareja<\/strong>, una mujer de 31 a\u00f1os, <strong>dentro de la vivienda<\/strong>, utilizando la misma arma. La v\u00edctima logr\u00f3 escapar y <strong>alertar al 911<\/strong>, permitiendo la r\u00e1pida intervenci\u00f3n policial.<\/p>\n\n\n\n<p>La mujer fue <strong>asistida por la Comisar\u00eda de la Mujer y la Familia<\/strong>, mientras que la causa qued\u00f3 en manos de la <strong>Fiscal\u00eda local<\/strong>, que avanza con las actuaciones correspondientes.<\/p>\n\n\n\n<p>#SanPedro #Policiales #ViolenciaDeG\u00e9nero #Aprehensi\u00f3n #Seguridad #Disparos #911<\/p>\n\n\n<div class=\"wp-block-image\">\n<figure class=\"aligncenter size-full\"><img decoding=\"async\" width=\"482\" height=\"630\" data-attachment-id=\"145483\" data-permalink=\"https:\/\/eldiariodesanpedro.com.ar\/sitio\/aprehenden-a-un-hombre-tras-amenazar-a-su-expareja-y-efectuar-disparos-durante-su-fuga\/1-362\/\" data-orig-file=\"https:\/\/eldiariodesanpedro.com.ar\/sitio\/wp-content\/uploads\/2025\/12\/1.png\" data-orig-size=\"482,630\" data-comments-opened=\"0\" data-image-meta=\"{&quot;aperture&quot;:&quot;0&quot;,&quot;credit&quot;:&quot;&quot;,&quot;camera&quot;:&quot;&quot;,&quot;caption&quot;:&quot;&quot;,&quot;created_timestamp&quot;:&quot;0&quot;,&quot;copyright&quot;:&quot;&quot;,&quot;focal_length&quot;:&quot;0&quot;,&quot;iso&quot;:&quot;0&quot;,&quot;shutter_speed&quot;:&quot;0&quot;,&quot;title&quot;:&quot;&quot;,&quot;orientation&quot;:&quot;0&quot;}\" data-image-title=\"1\" data-image-description=\"\" data-image-caption=\"\" data-large-file=\"https:\/\/eldiariodesanpedro.com.ar\/sitio\/wp-content\/uploads\/2025\/12\/1.png\" data-src=\"https:\/\/eldiariodesanpedro.com.ar\/sitio\/wp-content\/uploads\/2025\/12\/1.png\" alt=\"\" class=\"wp-image-145483 lazyload\" data-srcset=\"https:\/\/eldiariodesanpedro.com.ar\/sitio\/wp-content\/uploads\/2025\/12\/1.png 482w, https:\/\/eldiariodesanpedro.com.ar\/sitio\/wp-content\/uploads\/2025\/12\/1-230x300.png 230w\" data-sizes=\"(max-width: 482px) 100vw, 482px\" src=\"data:image\/svg+xml;base64,PHN2ZyB3aWR0aD0iMSIgaGVpZ2h0PSIxIiB4bWxucz0iaHR0cDovL3d3dy53My5vcmcvMjAwMC9zdmciPjwvc3ZnPg==\" style=\"--smush-placeholder-width: 482px; --smush-placeholder-aspect-ratio: 482\/630;\" \/><\/figure>\n<\/div>","protected":false},"excerpt":{"rendered":"<p>Un hombre de 35 a\u00f1os fue detenido luego de amenazar a su expareja con un arma casera, huir de la Polic\u00eda y efectuar disparos hacia los efectivos. En la jornada de ayer, personal policial respondi\u00f3 a un llamado al 911 que alertaba sobre la presencia de un hombre armado en la v\u00eda p\u00fablica, en calle [&hellip;]<\/p>\n","protected":false},"author":4,"featured_media":145482,"comment_status":"closed","ping_status":"closed","sticky":false,"template":"","format":"standard","meta":{"om_disable_all_campaigns":false,"_jetpack_memberships_contains_paid_content":false,"footnotes":""},"categories":[2,103],"tags":[7594,7595,6831,7597,7596,5418,2396],"class_list":["post-145481","post","type-post","status-publish","format-standard","has-post-thumbnail","hentry","category-locales","category-policiales-locales","tag-amenaza-con-arma","tag-aprehension-en-san-pedro","tag-comisaria-de-la-mujer-2","tag-cruz-rojas-600","tag-disparos-a-la-policia","tag-fiscalia-local","tag-violencia-de-genero-2"],"aioseo_notices":[],"gutentor_comment":0,"jetpack_featured_media_url":"https:\/\/eldiariodesanpedro.com.ar\/sitio\/wp-content\/uploads\/2025\/12\/medida-1.jpg","jetpack_shortlink":"https:\/\/wp.me\/p6RhLt-BQt","jetpack_sharing_enabled":true,"_links":{"self":[{"href":"https:\/\/eldiariodesanpedro.com.ar\/sitio\/wp-json\/wp\/v2\/posts\/145481","targetHints":{"allow":["GET"]}}],"collection":[{"href":"https:\/\/eldiariodesanpedro.com.ar\/sitio\/wp-json\/wp\/v2\/posts"}],"about":[{"href":"https:\/\/eldiariodesanpedro.com.ar\/sitio\/wp-json\/wp\/v2\/types\/post"}],"author":[{"embeddable":true,"href":"https:\/\/eldiariodesanpedro.com.ar\/sitio\/wp-json\/wp\/v2\/users\/4"}],"replies":[{"embeddable":true,"href":"https:\/\/eldiariodesanpedro.com.ar\/sitio\/wp-json\/wp\/v2\/comments?post=145481"}],"version-history":[{"count":1,"href":"https:\/\/eldiariodesanpedro.com.ar\/sitio\/wp-json\/wp\/v2\/posts\/145481\/revisions"}],"predecessor-version":[{"id":145484,"href":"https:\/\/eldiariodesanpedro.com.ar\/sitio\/wp-json\/wp\/v2\/posts\/145481\/revisions\/145484"}],"wp:featuredmedia":[{"embeddable":true,"href":"https:\/\/eldiariodesanpedro.com.ar\/sitio\/wp-json\/wp\/v2\/media\/145482"}],"wp:attachment":[{"href":"https:\/\/eldiariodesanpedro.com.ar\/sitio\/wp-json\/wp\/v2\/media?parent=145481"}],"wp:term":[{"taxonomy":"category","embeddable":true,"href":"https:\/\/eldiariodesanpedro.com.ar\/sitio\/wp-json\/wp\/v2\/categories?post=145481"},{"taxonomy":"post_tag","embeddable":true,"href":"https:\/\/eldiariodesanpedro.com.ar\/sitio\/wp-json\/wp\/v2\/tags?post=145481"}],"curies":[{"name":"wp","href":"https:\/\/api.w.org\/{rel}","templated":true}]}}