{"id":14548,"date":"2017-02-12T20:57:52","date_gmt":"2017-02-12T23:57:52","guid":{"rendered":"https:\/\/eldiariodesanpedro.com.ar\/sitio\/?p=14548"},"modified":"2017-02-12T20:57:52","modified_gmt":"2017-02-12T23:57:52","slug":"secuestraron-un-camion-arenero-que-transportaba-25-mil-kg-de-exceso","status":"publish","type":"post","link":"https:\/\/eldiariodesanpedro.com.ar\/sitio\/secuestraron-un-camion-arenero-que-transportaba-25-mil-kg-de-exceso\/","title":{"rendered":"Secuestraron un cami\u00f3n arenero que transportaba 25 mil kg. de exceso"},"content":{"rendered":"<p><!-- VideographyWP Plugin Message: Automatic video embedding prevented by plugin options. --><br \/>\nPersonal de la Direcci\u00f3n de Tr\u00e1nsito y Nocturnidad logro evitar que un cami\u00f3n arenero lograra salir por la Ruta 1001 con exceso de peso. A pesar de los controles diario que se realizan, nuevamente se intent\u00f3 infringir la ley, al intentar circular con un pesaje superior al permitido.<\/p>\n<p>Se llev\u00f3 a cabo un procedimiento y luego de ello se traslado a la balance que se encuentra lindero al predio de la f\u00e1brica COPLAC y all\u00ed se pudo determinar que el pesaje total dio 70 mil kg. Es por ello que se le labr\u00f3 la multa correspondienteal ch\u00f3fer del rodado y la empresa a donde realiz\u00f3 la carga, adem\u00e1s se le secuestr\u00f3 el total de la carga.<\/p>\n<p>Cabe recordar que el m\u00e1ximo permitido es de 45 mil por lo que llevaba 25 mil de m\u00e1s.<\/p>\n","protected":false},"excerpt":{"rendered":"<p>Personal de la Direcci\u00f3n de Tr\u00e1nsito y Nocturnidad logro evitar que un cami\u00f3n arenero lograra salir por la Ruta 1001 con exceso de peso. A pesar de los controles diario que se realizan, nuevamente se intent\u00f3 infringir la ley, al intentar circular con un pesaje superior al permitido. Se llev\u00f3 a cabo un procedimiento y [&hellip;]<\/p>\n","protected":false},"author":4,"featured_media":14549,"comment_status":"open","ping_status":"closed","sticky":false,"template":"","format":"standard","meta":{"om_disable_all_campaigns":false,"_jetpack_memberships_contains_paid_content":false,"footnotes":""},"categories":[50,2,103],"tags":[],"class_list":["post-14548","post","type-post","status-publish","format-standard","has-post-thumbnail","hentry","category-destacadas","category-locales","category-policiales-locales"],"aioseo_notices":[],"gutentor_comment":0,"jetpack_featured_media_url":"https:\/\/eldiariodesanpedro.com.ar\/sitio\/wp-content\/uploads\/2017\/02\/areneros.jpg","jetpack_shortlink":"https:\/\/wp.me\/p6RhLt-3ME","jetpack_sharing_enabled":true,"_links":{"self":[{"href":"https:\/\/eldiariodesanpedro.com.ar\/sitio\/wp-json\/wp\/v2\/posts\/14548","targetHints":{"allow":["GET"]}}],"collection":[{"href":"https:\/\/eldiariodesanpedro.com.ar\/sitio\/wp-json\/wp\/v2\/posts"}],"about":[{"href":"https:\/\/eldiariodesanpedro.com.ar\/sitio\/wp-json\/wp\/v2\/types\/post"}],"author":[{"embeddable":true,"href":"https:\/\/eldiariodesanpedro.com.ar\/sitio\/wp-json\/wp\/v2\/users\/4"}],"replies":[{"embeddable":true,"href":"https:\/\/eldiariodesanpedro.com.ar\/sitio\/wp-json\/wp\/v2\/comments?post=14548"}],"version-history":[{"count":1,"href":"https:\/\/eldiariodesanpedro.com.ar\/sitio\/wp-json\/wp\/v2\/posts\/14548\/revisions"}],"predecessor-version":[{"id":14550,"href":"https:\/\/eldiariodesanpedro.com.ar\/sitio\/wp-json\/wp\/v2\/posts\/14548\/revisions\/14550"}],"wp:featuredmedia":[{"embeddable":true,"href":"https:\/\/eldiariodesanpedro.com.ar\/sitio\/wp-json\/wp\/v2\/media\/14549"}],"wp:attachment":[{"href":"https:\/\/eldiariodesanpedro.com.ar\/sitio\/wp-json\/wp\/v2\/media?parent=14548"}],"wp:term":[{"taxonomy":"category","embeddable":true,"href":"https:\/\/eldiariodesanpedro.com.ar\/sitio\/wp-json\/wp\/v2\/categories?post=14548"},{"taxonomy":"post_tag","embeddable":true,"href":"https:\/\/eldiariodesanpedro.com.ar\/sitio\/wp-json\/wp\/v2\/tags?post=14548"}],"curies":[{"name":"wp","href":"https:\/\/api.w.org\/{rel}","templated":true}]}}