{"id":145477,"date":"2025-12-01T16:09:44","date_gmt":"2025-12-01T19:09:44","guid":{"rendered":"https:\/\/eldiariodesanpedro.com.ar\/sitio\/?p=145477"},"modified":"2025-12-01T16:38:04","modified_gmt":"2025-12-01T19:38:04","slug":"detienen-al-quinto-implicado-en-la-violenta-sustraccion-de-pertenencias-a-un-joven","status":"publish","type":"post","link":"https:\/\/eldiariodesanpedro.com.ar\/sitio\/detienen-al-quinto-implicado-en-la-violenta-sustraccion-de-pertenencias-a-un-joven\/","title":{"rendered":"Detienen al quinto implicado en la violenta sustracci\u00f3n de pertenencias a un joven"},"content":{"rendered":"<!-- VideographyWP Plugin Message: Automatic video embedding prevented by plugin options. -->\n\n<p>Quinto detenido por la violenta sustracci\u00f3n de pertenencias ocurrida la semana pasada en la zona del boulevard.<\/p>\n\n\n\n<p>En el marco de la <strong>investigaci\u00f3n por la violenta sustracci\u00f3n de pertenencias<\/strong> sufrida por un joven la semana pasada en la zona del boulevard, personal del <strong>Grupo T\u00e1ctico Operativo (GTO) de la Comisar\u00eda local<\/strong> logr\u00f3 detener este jueves al <strong>quinto sospechoso involucrado en el hecho<\/strong>.<\/p>\n\n\n\n<p>El procedimiento tuvo lugar durante la ma\u00f1ana, cuando los efectivos lograron identificar y aprehender al joven, de <strong>19 a\u00f1os<\/strong>, en la v\u00eda p\u00fablica, en inmediaciones de <strong>calle 35 y Riobamba<\/strong>. Seg\u00fan la investigaci\u00f3n, el detenido est\u00e1 <strong>directamente vinculado a la autor\u00eda del episodio<\/strong>, que ya hab\u00eda motivado la captura de <strong>cuatro personas d\u00edas atr\u00e1s<\/strong>.<\/p>\n\n\n\n<p>Tras su detenci\u00f3n, el acusado fue <strong>trasladado y alojado en la dependencia policial<\/strong>, donde permanece a la espera del <strong>requerimiento de la UFI N\u00b0 11<\/strong>, ante la cual deber\u00e1 presentarse para <strong>prestar declaraci\u00f3n<\/strong> en las pr\u00f3ximas horas.<\/p>\n\n\n\n<p>#Policiales #Seguridad #OperativoPolicial #GTO #Investigaci\u00f3n<\/p>\n\n\n<div class=\"wp-block-image\">\n<figure class=\"aligncenter size-full\"><img decoding=\"async\" width=\"444\" height=\"630\" data-attachment-id=\"145479\" data-permalink=\"https:\/\/eldiariodesanpedro.com.ar\/sitio\/detienen-al-quinto-implicado-en-la-violenta-sustraccion-de-pertenencias-a-un-joven\/imagen-de-whatsapp-2025-12-01-a-las-11-32-37_d657d491\/\" data-orig-file=\"https:\/\/eldiariodesanpedro.com.ar\/sitio\/wp-content\/uploads\/2025\/12\/Imagen-de-WhatsApp-2025-12-01-a-las-11.32.37_d657d491.jpg\" data-orig-size=\"444,630\" data-comments-opened=\"0\" data-image-meta=\"{&quot;aperture&quot;:&quot;0&quot;,&quot;credit&quot;:&quot;&quot;,&quot;camera&quot;:&quot;&quot;,&quot;caption&quot;:&quot;&quot;,&quot;created_timestamp&quot;:&quot;0&quot;,&quot;copyright&quot;:&quot;&quot;,&quot;focal_length&quot;:&quot;0&quot;,&quot;iso&quot;:&quot;0&quot;,&quot;shutter_speed&quot;:&quot;0&quot;,&quot;title&quot;:&quot;&quot;,&quot;orientation&quot;:&quot;0&quot;}\" data-image-title=\"Imagen de WhatsApp 2025-12-01 a las 11.32.37_d657d491\" data-image-description=\"\" data-image-caption=\"\" data-large-file=\"https:\/\/eldiariodesanpedro.com.ar\/sitio\/wp-content\/uploads\/2025\/12\/Imagen-de-WhatsApp-2025-12-01-a-las-11.32.37_d657d491.jpg\" data-src=\"https:\/\/eldiariodesanpedro.com.ar\/sitio\/wp-content\/uploads\/2025\/12\/Imagen-de-WhatsApp-2025-12-01-a-las-11.32.37_d657d491.jpg\" alt=\"\" class=\"wp-image-145479 lazyload\" data-srcset=\"https:\/\/eldiariodesanpedro.com.ar\/sitio\/wp-content\/uploads\/2025\/12\/Imagen-de-WhatsApp-2025-12-01-a-las-11.32.37_d657d491.jpg 444w, https:\/\/eldiariodesanpedro.com.ar\/sitio\/wp-content\/uploads\/2025\/12\/Imagen-de-WhatsApp-2025-12-01-a-las-11.32.37_d657d491-211x300.jpg 211w\" data-sizes=\"(max-width: 444px) 100vw, 444px\" src=\"data:image\/svg+xml;base64,PHN2ZyB3aWR0aD0iMSIgaGVpZ2h0PSIxIiB4bWxucz0iaHR0cDovL3d3dy53My5vcmcvMjAwMC9zdmciPjwvc3ZnPg==\" style=\"--smush-placeholder-width: 444px; --smush-placeholder-aspect-ratio: 444\/630;\" \/><\/figure>\n<\/div>","protected":false},"excerpt":{"rendered":"<p>Quinto detenido por la violenta sustracci\u00f3n de pertenencias ocurrida la semana pasada en la zona del boulevard. En el marco de la investigaci\u00f3n por la violenta sustracci\u00f3n de pertenencias sufrida por un joven la semana pasada en la zona del boulevard, personal del Grupo T\u00e1ctico Operativo (GTO) de la Comisar\u00eda local logr\u00f3 detener este jueves [&hellip;]<\/p>\n","protected":false},"author":4,"featured_media":145478,"comment_status":"closed","ping_status":"closed","sticky":false,"template":"","format":"standard","meta":{"om_disable_all_campaigns":false,"_jetpack_memberships_contains_paid_content":false,"footnotes":""},"categories":[50,2,103],"tags":[],"class_list":["post-145477","post","type-post","status-publish","format-standard","has-post-thumbnail","hentry","category-destacadas","category-locales","category-policiales-locales"],"aioseo_notices":[],"gutentor_comment":0,"jetpack_featured_media_url":"https:\/\/eldiariodesanpedro.com.ar\/sitio\/wp-content\/uploads\/2025\/12\/medida.jpg","jetpack_shortlink":"https:\/\/wp.me\/p6RhLt-BQp","jetpack_sharing_enabled":true,"_links":{"self":[{"href":"https:\/\/eldiariodesanpedro.com.ar\/sitio\/wp-json\/wp\/v2\/posts\/145477","targetHints":{"allow":["GET"]}}],"collection":[{"href":"https:\/\/eldiariodesanpedro.com.ar\/sitio\/wp-json\/wp\/v2\/posts"}],"about":[{"href":"https:\/\/eldiariodesanpedro.com.ar\/sitio\/wp-json\/wp\/v2\/types\/post"}],"author":[{"embeddable":true,"href":"https:\/\/eldiariodesanpedro.com.ar\/sitio\/wp-json\/wp\/v2\/users\/4"}],"replies":[{"embeddable":true,"href":"https:\/\/eldiariodesanpedro.com.ar\/sitio\/wp-json\/wp\/v2\/comments?post=145477"}],"version-history":[{"count":1,"href":"https:\/\/eldiariodesanpedro.com.ar\/sitio\/wp-json\/wp\/v2\/posts\/145477\/revisions"}],"predecessor-version":[{"id":145480,"href":"https:\/\/eldiariodesanpedro.com.ar\/sitio\/wp-json\/wp\/v2\/posts\/145477\/revisions\/145480"}],"wp:featuredmedia":[{"embeddable":true,"href":"https:\/\/eldiariodesanpedro.com.ar\/sitio\/wp-json\/wp\/v2\/media\/145478"}],"wp:attachment":[{"href":"https:\/\/eldiariodesanpedro.com.ar\/sitio\/wp-json\/wp\/v2\/media?parent=145477"}],"wp:term":[{"taxonomy":"category","embeddable":true,"href":"https:\/\/eldiariodesanpedro.com.ar\/sitio\/wp-json\/wp\/v2\/categories?post=145477"},{"taxonomy":"post_tag","embeddable":true,"href":"https:\/\/eldiariodesanpedro.com.ar\/sitio\/wp-json\/wp\/v2\/tags?post=145477"}],"curies":[{"name":"wp","href":"https:\/\/api.w.org\/{rel}","templated":true}]}}