{"id":145472,"date":"2025-12-01T15:30:41","date_gmt":"2025-12-01T18:30:41","guid":{"rendered":"https:\/\/eldiariodesanpedro.com.ar\/sitio\/?p=145472"},"modified":"2025-12-01T15:30:45","modified_gmt":"2025-12-01T18:30:45","slug":"el-corte-del-paso-a-nivel-en-ruta-191-fue-suspendido-por-demoras-operativas-de-trenes-argentinos","status":"publish","type":"post","link":"https:\/\/eldiariodesanpedro.com.ar\/sitio\/el-corte-del-paso-a-nivel-en-ruta-191-fue-suspendido-por-demoras-operativas-de-trenes-argentinos\/","title":{"rendered":"El corte del paso a nivel en Ruta 191 fue suspendido por demoras operativas de Trenes Argentinos"},"content":{"rendered":"<!-- VideographyWP Plugin Message: Automatic video embedding prevented by plugin options. -->\n\n<p>El corte programado en el paso a nivel de Ruta 191 no pudo realizarse por demoras de Trenes Argentinos. La Municipalidad anunciar\u00e1 la nueva fecha pr\u00f3ximamente.<\/p>\n\n\n\n<p>La <strong>Municipalidad de San Pedro<\/strong> inform\u00f3 que el <strong>corte del paso a nivel de la Ruta 191<\/strong>, previsto para este viernes en el marco del inicio de la obra programada, <strong>no pudo concretarse debido a demoras operativas por parte de Trenes Argentinos<\/strong>, organismo dependiente del Gobierno Nacional.<\/p>\n\n\n\n<p>Seg\u00fan explicaron desde el Municipio, <strong>una vez reprogramado el inicio de los trabajos<\/strong> y definida la nueva fecha para el corte, se comunicar\u00e1 a <strong>vecinos y vecinas con la debida antelaci\u00f3n<\/strong>, con el objetivo de garantizar una correcta organizaci\u00f3n del tr\u00e1nsito y ofrecer <strong>informaci\u00f3n clara y actualizada sobre el avance de la obra<\/strong>.<\/p>\n\n\n\n<p>#SanPedro #NoticiasSanPedro #Ruta191 #Obras #TrenesArgentinos #MunicipalidadDeSanPedro<\/p>\n\n\n\n<div class=\"wp-block-jetpack-slideshow aligncenter\" data-effect=\"slide\" style=\"--aspect-ratio:calc(1024 \/ 576)\"><div class=\"wp-block-jetpack-slideshow_container swiper-container\"><ul class=\"wp-block-jetpack-slideshow_swiper-wrapper swiper-wrapper\"><li class=\"wp-block-jetpack-slideshow_slide swiper-slide\"><figure><img decoding=\"async\" width=\"1024\" height=\"576\" alt=\"\" class=\"wp-block-jetpack-slideshow_image wp-image-145475 lazyload\" data-id=\"145475\" data-aspect-ratio=\"1024 \/ 576\" data-src=\"https:\/\/eldiariodesanpedro.com.ar\/sitio\/wp-content\/uploads\/2025\/12\/Imagen-de-WhatsApp-2025-12-01-a-las-10.16.02_ca43352f-1024x576.jpg\" data-srcset=\"https:\/\/eldiariodesanpedro.com.ar\/sitio\/wp-content\/uploads\/2025\/12\/Imagen-de-WhatsApp-2025-12-01-a-las-10.16.02_ca43352f-1024x576.jpg 1024w, https:\/\/eldiariodesanpedro.com.ar\/sitio\/wp-content\/uploads\/2025\/12\/Imagen-de-WhatsApp-2025-12-01-a-las-10.16.02_ca43352f-300x169.jpg 300w, https:\/\/eldiariodesanpedro.com.ar\/sitio\/wp-content\/uploads\/2025\/12\/Imagen-de-WhatsApp-2025-12-01-a-las-10.16.02_ca43352f-768x432.jpg 768w, https:\/\/eldiariodesanpedro.com.ar\/sitio\/wp-content\/uploads\/2025\/12\/Imagen-de-WhatsApp-2025-12-01-a-las-10.16.02_ca43352f.jpg 1120w\" data-sizes=\"(max-width: 1024px) 100vw, 1024px\" src=\"data:image\/svg+xml;base64,PHN2ZyB3aWR0aD0iMSIgaGVpZ2h0PSIxIiB4bWxucz0iaHR0cDovL3d3dy53My5vcmcvMjAwMC9zdmciPjwvc3ZnPg==\" style=\"--smush-placeholder-width: 1024px; --smush-placeholder-aspect-ratio: 1024\/576;\" \/><\/figure><\/li><li class=\"wp-block-jetpack-slideshow_slide swiper-slide\"><figure><img decoding=\"async\" width=\"1024\" height=\"576\" alt=\"\" class=\"wp-block-jetpack-slideshow_image wp-image-145474 lazyload\" data-id=\"145474\" data-aspect-ratio=\"1024 \/ 576\" data-src=\"https:\/\/eldiariodesanpedro.com.ar\/sitio\/wp-content\/uploads\/2025\/12\/Imagen-de-WhatsApp-2025-12-01-a-las-10.16.03_8c731a45-1024x576.jpg\" data-srcset=\"https:\/\/eldiariodesanpedro.com.ar\/sitio\/wp-content\/uploads\/2025\/12\/Imagen-de-WhatsApp-2025-12-01-a-las-10.16.03_8c731a45-1024x576.jpg 1024w, https:\/\/eldiariodesanpedro.com.ar\/sitio\/wp-content\/uploads\/2025\/12\/Imagen-de-WhatsApp-2025-12-01-a-las-10.16.03_8c731a45-300x169.jpg 300w, https:\/\/eldiariodesanpedro.com.ar\/sitio\/wp-content\/uploads\/2025\/12\/Imagen-de-WhatsApp-2025-12-01-a-las-10.16.03_8c731a45-768x432.jpg 768w, https:\/\/eldiariodesanpedro.com.ar\/sitio\/wp-content\/uploads\/2025\/12\/Imagen-de-WhatsApp-2025-12-01-a-las-10.16.03_8c731a45.jpg 1120w\" data-sizes=\"(max-width: 1024px) 100vw, 1024px\" src=\"data:image\/svg+xml;base64,PHN2ZyB3aWR0aD0iMSIgaGVpZ2h0PSIxIiB4bWxucz0iaHR0cDovL3d3dy53My5vcmcvMjAwMC9zdmciPjwvc3ZnPg==\" style=\"--smush-placeholder-width: 1024px; --smush-placeholder-aspect-ratio: 1024\/576;\" \/><\/figure><\/li><\/ul><a class=\"wp-block-jetpack-slideshow_button-prev swiper-button-prev swiper-button-white\" role=\"button\"><\/a><a class=\"wp-block-jetpack-slideshow_button-next swiper-button-next swiper-button-white\" role=\"button\"><\/a><a aria-label=\"Pause Slideshow\" class=\"wp-block-jetpack-slideshow_button-pause\" role=\"button\"><\/a><div class=\"wp-block-jetpack-slideshow_pagination swiper-pagination swiper-pagination-white\"><\/div><\/div><\/div>\n\n\n\n<p><br><\/p>\n","protected":false},"excerpt":{"rendered":"<p>El corte programado en el paso a nivel de Ruta 191 no pudo realizarse por demoras de Trenes Argentinos. La Municipalidad anunciar\u00e1 la nueva fecha pr\u00f3ximamente. La Municipalidad de San Pedro inform\u00f3 que el corte del paso a nivel de la Ruta 191, previsto para este viernes en el marco del inicio de la obra [&hellip;]<\/p>\n","protected":false},"author":4,"featured_media":145473,"comment_status":"closed","ping_status":"closed","sticky":false,"template":"","format":"standard","meta":{"om_disable_all_campaigns":false,"_jetpack_memberships_contains_paid_content":false,"footnotes":""},"categories":[50,101,2],"tags":[7590,6541,7593,7591,25,19,7592],"class_list":["post-145472","post","type-post","status-publish","format-standard","has-post-thumbnail","hentry","category-destacadas","category-interes-general-locales","category-locales","tag-corte-de-transito","tag-municipio-de-san-pedro","tag-obra-publica","tag-paso-a-nivel","tag-ruta-191","tag-san-pedro","tag-trenes-argentinos"],"aioseo_notices":[],"gutentor_comment":0,"jetpack_featured_media_url":"https:\/\/eldiariodesanpedro.com.ar\/sitio\/wp-content\/uploads\/2025\/12\/Imagen-de-WhatsApp-2025-12-01-a-las-10.16.02_706b4dd8.jpg","jetpack_shortlink":"https:\/\/wp.me\/p6RhLt-BQk","jetpack_sharing_enabled":true,"_links":{"self":[{"href":"https:\/\/eldiariodesanpedro.com.ar\/sitio\/wp-json\/wp\/v2\/posts\/145472","targetHints":{"allow":["GET"]}}],"collection":[{"href":"https:\/\/eldiariodesanpedro.com.ar\/sitio\/wp-json\/wp\/v2\/posts"}],"about":[{"href":"https:\/\/eldiariodesanpedro.com.ar\/sitio\/wp-json\/wp\/v2\/types\/post"}],"author":[{"embeddable":true,"href":"https:\/\/eldiariodesanpedro.com.ar\/sitio\/wp-json\/wp\/v2\/users\/4"}],"replies":[{"embeddable":true,"href":"https:\/\/eldiariodesanpedro.com.ar\/sitio\/wp-json\/wp\/v2\/comments?post=145472"}],"version-history":[{"count":1,"href":"https:\/\/eldiariodesanpedro.com.ar\/sitio\/wp-json\/wp\/v2\/posts\/145472\/revisions"}],"predecessor-version":[{"id":145476,"href":"https:\/\/eldiariodesanpedro.com.ar\/sitio\/wp-json\/wp\/v2\/posts\/145472\/revisions\/145476"}],"wp:featuredmedia":[{"embeddable":true,"href":"https:\/\/eldiariodesanpedro.com.ar\/sitio\/wp-json\/wp\/v2\/media\/145473"}],"wp:attachment":[{"href":"https:\/\/eldiariodesanpedro.com.ar\/sitio\/wp-json\/wp\/v2\/media?parent=145472"}],"wp:term":[{"taxonomy":"category","embeddable":true,"href":"https:\/\/eldiariodesanpedro.com.ar\/sitio\/wp-json\/wp\/v2\/categories?post=145472"},{"taxonomy":"post_tag","embeddable":true,"href":"https:\/\/eldiariodesanpedro.com.ar\/sitio\/wp-json\/wp\/v2\/tags?post=145472"}],"curies":[{"name":"wp","href":"https:\/\/api.w.org\/{rel}","templated":true}]}}