{"id":145451,"date":"2025-12-01T08:39:28","date_gmt":"2025-12-01T11:39:28","guid":{"rendered":"https:\/\/eldiariodesanpedro.com.ar\/sitio\/?p=145451"},"modified":"2026-01-24T00:46:49","modified_gmt":"2026-01-24T03:46:49","slug":"fallecio-maria-victoria-monzon-62-anos","status":"publish","type":"post","link":"https:\/\/eldiariodesanpedro.com.ar\/sitio\/fallecio-maria-victoria-monzon-62-anos\/","title":{"rendered":"Falleci\u00f3 Mar\u00eda Victoria Monz\u00f3n, 62 a\u00f1os"},"content":{"rendered":"<!-- VideographyWP Plugin Message: Automatic video embedding prevented by plugin options. -->\n\n<p>El fallecimiento de Mar\u00eda Victoria Monz\u00f3n, de 62 a\u00f1os, fue informado este s\u00e1bado. El servicio se realiza en Santa Luc\u00eda y finaliza a las 10:00.<\/p>\n\n\n\n<p><strong>Falleci\u00f3 Mar\u00eda Victoria Monz\u00f3n, de 62 a\u00f1os<\/strong>, vecina de la localidad de <strong>Santa Luc\u00eda<\/strong>, seg\u00fan informaron desde <strong>COOPSER Servicios Sociales<\/strong>.<\/p>\n\n\n\n<p>El servicio velatorio se lleva a cabo en la <strong>Sala N\u00b0 1<\/strong>, ubicada en <strong>Sarmiento 536<\/strong>, y se extender\u00e1 <strong>hasta las 10:00 de este domingo 30 de noviembre de 2025<\/strong>.<\/p>\n\n\n\n<p>Familiares y seres queridos participan de su despedida en un clima de profundo respeto y acompa\u00f1amiento.<\/p>\n\n\n\n<p>#SantaLuc\u00eda #Obituario #Fallecimiento #ServiciosSociales #COOPSER #Noticias<\/p>\n","protected":false},"excerpt":{"rendered":"<p>El fallecimiento de Mar\u00eda Victoria Monz\u00f3n, de 62 a\u00f1os, fue informado este s\u00e1bado. El servicio se realiza en Santa Luc\u00eda y finaliza a las 10:00. Falleci\u00f3 Mar\u00eda Victoria Monz\u00f3n, de 62 a\u00f1os, vecina de la localidad de Santa Luc\u00eda, seg\u00fan informaron desde COOPSER Servicios Sociales. El servicio velatorio se lleva a cabo en la Sala [&hellip;]<\/p>\n","protected":false},"author":4,"featured_media":113757,"comment_status":"closed","ping_status":"closed","sticky":false,"template":"","format":"standard","meta":{"om_disable_all_campaigns":false,"_jetpack_memberships_contains_paid_content":false,"footnotes":""},"categories":[8424],"tags":[5113,7574,7573,6269],"class_list":["post-145451","post","type-post","status-publish","format-standard","has-post-thumbnail","hentry","category-necrologicas","tag-coopser-servicios-sociales","tag-fallecimiento-62-anos","tag-maria-victoria-monzon","tag-obituario-santa-lucia"],"aioseo_notices":[],"gutentor_comment":0,"jetpack_featured_media_url":"https:\/\/eldiariodesanpedro.com.ar\/sitio\/wp-content\/uploads\/2023\/01\/necrologicas.jpg","jetpack_shortlink":"https:\/\/wp.me\/p6RhLt-BPZ","jetpack_sharing_enabled":true,"_links":{"self":[{"href":"https:\/\/eldiariodesanpedro.com.ar\/sitio\/wp-json\/wp\/v2\/posts\/145451","targetHints":{"allow":["GET"]}}],"collection":[{"href":"https:\/\/eldiariodesanpedro.com.ar\/sitio\/wp-json\/wp\/v2\/posts"}],"about":[{"href":"https:\/\/eldiariodesanpedro.com.ar\/sitio\/wp-json\/wp\/v2\/types\/post"}],"author":[{"embeddable":true,"href":"https:\/\/eldiariodesanpedro.com.ar\/sitio\/wp-json\/wp\/v2\/users\/4"}],"replies":[{"embeddable":true,"href":"https:\/\/eldiariodesanpedro.com.ar\/sitio\/wp-json\/wp\/v2\/comments?post=145451"}],"version-history":[{"count":1,"href":"https:\/\/eldiariodesanpedro.com.ar\/sitio\/wp-json\/wp\/v2\/posts\/145451\/revisions"}],"predecessor-version":[{"id":145452,"href":"https:\/\/eldiariodesanpedro.com.ar\/sitio\/wp-json\/wp\/v2\/posts\/145451\/revisions\/145452"}],"wp:featuredmedia":[{"embeddable":true,"href":"https:\/\/eldiariodesanpedro.com.ar\/sitio\/wp-json\/wp\/v2\/media\/113757"}],"wp:attachment":[{"href":"https:\/\/eldiariodesanpedro.com.ar\/sitio\/wp-json\/wp\/v2\/media?parent=145451"}],"wp:term":[{"taxonomy":"category","embeddable":true,"href":"https:\/\/eldiariodesanpedro.com.ar\/sitio\/wp-json\/wp\/v2\/categories?post=145451"},{"taxonomy":"post_tag","embeddable":true,"href":"https:\/\/eldiariodesanpedro.com.ar\/sitio\/wp-json\/wp\/v2\/tags?post=145451"}],"curies":[{"name":"wp","href":"https:\/\/api.w.org\/{rel}","templated":true}]}}