{"id":14545,"date":"2017-02-12T20:55:52","date_gmt":"2017-02-12T23:55:52","guid":{"rendered":"https:\/\/eldiariodesanpedro.com.ar\/sitio\/?p=14545"},"modified":"2017-02-12T20:55:52","modified_gmt":"2017-02-12T23:55:52","slug":"accidente-entre-un-auto-y-una-moto-7","status":"publish","type":"post","link":"https:\/\/eldiariodesanpedro.com.ar\/sitio\/accidente-entre-un-auto-y-una-moto-7\/","title":{"rendered":"Accidente entre un auto y una moto"},"content":{"rendered":"<p><!-- VideographyWP Plugin Message: Automatic video embedding prevented by plugin options. --><br \/>\nLos j\u00f3venes fueron derivados al hospital luego que protagonizaran un accidente de tr\u00e1nsito en la esquina de 3 de Febrero y Chivilcoy. El siniestro se produjo entre una Vw Sur\u00e1n y un ciclomotor 110 CC.<\/p>\n<p>Una ambulancia del Servicio de Emergencias 107 deriv\u00f3 a ambos traumatizados a la guardia del Hospital para su atenci\u00f3n.<\/p>\n<p>El tr\u00e1nsito estuvo controlado en el lugar hasta que se realizaron los peritajes por parte de polic\u00eda cient\u00edfica y los rodado pudieron ser removidos.<\/p>\n","protected":false},"excerpt":{"rendered":"<p>Los j\u00f3venes fueron derivados al hospital luego que protagonizaran un accidente de tr\u00e1nsito en la esquina de 3 de Febrero y Chivilcoy. El siniestro se produjo entre una Vw Sur\u00e1n y un ciclomotor 110 CC. Una ambulancia del Servicio de Emergencias 107 deriv\u00f3 a ambos traumatizados a la guardia del Hospital para su atenci\u00f3n. El [&hellip;]<\/p>\n","protected":false},"author":4,"featured_media":14546,"comment_status":"open","ping_status":"closed","sticky":false,"template":"","format":"standard","meta":{"om_disable_all_campaigns":false,"_jetpack_memberships_contains_paid_content":false,"footnotes":""},"categories":[50,2,103],"tags":[],"class_list":["post-14545","post","type-post","status-publish","format-standard","has-post-thumbnail","hentry","category-destacadas","category-locales","category-policiales-locales"],"aioseo_notices":[],"gutentor_comment":0,"jetpack_featured_media_url":"https:\/\/eldiariodesanpedro.com.ar\/sitio\/wp-content\/uploads\/2017\/02\/El-siniestro-entre-un-auto-y-una-moto-el-viernes-pasado..jpg","jetpack_shortlink":"https:\/\/wp.me\/p6RhLt-3MB","jetpack_sharing_enabled":true,"_links":{"self":[{"href":"https:\/\/eldiariodesanpedro.com.ar\/sitio\/wp-json\/wp\/v2\/posts\/14545","targetHints":{"allow":["GET"]}}],"collection":[{"href":"https:\/\/eldiariodesanpedro.com.ar\/sitio\/wp-json\/wp\/v2\/posts"}],"about":[{"href":"https:\/\/eldiariodesanpedro.com.ar\/sitio\/wp-json\/wp\/v2\/types\/post"}],"author":[{"embeddable":true,"href":"https:\/\/eldiariodesanpedro.com.ar\/sitio\/wp-json\/wp\/v2\/users\/4"}],"replies":[{"embeddable":true,"href":"https:\/\/eldiariodesanpedro.com.ar\/sitio\/wp-json\/wp\/v2\/comments?post=14545"}],"version-history":[{"count":1,"href":"https:\/\/eldiariodesanpedro.com.ar\/sitio\/wp-json\/wp\/v2\/posts\/14545\/revisions"}],"predecessor-version":[{"id":14547,"href":"https:\/\/eldiariodesanpedro.com.ar\/sitio\/wp-json\/wp\/v2\/posts\/14545\/revisions\/14547"}],"wp:featuredmedia":[{"embeddable":true,"href":"https:\/\/eldiariodesanpedro.com.ar\/sitio\/wp-json\/wp\/v2\/media\/14546"}],"wp:attachment":[{"href":"https:\/\/eldiariodesanpedro.com.ar\/sitio\/wp-json\/wp\/v2\/media?parent=14545"}],"wp:term":[{"taxonomy":"category","embeddable":true,"href":"https:\/\/eldiariodesanpedro.com.ar\/sitio\/wp-json\/wp\/v2\/categories?post=14545"},{"taxonomy":"post_tag","embeddable":true,"href":"https:\/\/eldiariodesanpedro.com.ar\/sitio\/wp-json\/wp\/v2\/tags?post=14545"}],"curies":[{"name":"wp","href":"https:\/\/api.w.org\/{rel}","templated":true}]}}