{"id":14542,"date":"2017-02-12T20:54:48","date_gmt":"2017-02-12T23:54:48","guid":{"rendered":"https:\/\/eldiariodesanpedro.com.ar\/sitio\/?p=14542"},"modified":"2017-02-12T20:54:48","modified_gmt":"2017-02-12T23:54:48","slug":"allanamiento-secuestran-34-envoltorios-con-cocaina-y-detienen-a-dos-personas","status":"publish","type":"post","link":"https:\/\/eldiariodesanpedro.com.ar\/sitio\/allanamiento-secuestran-34-envoltorios-con-cocaina-y-detienen-a-dos-personas\/","title":{"rendered":"Allanamiento: Secuestran 34 envoltorios con coca\u00edna y detienen a dos personas"},"content":{"rendered":"<p><!-- VideographyWP Plugin Message: Automatic video embedding prevented by plugin options. --><br \/>\nA ra\u00edz de una denuncia radicada el d\u00eda viernes por abuso de armas la UFI N\u00ba 5  orden\u00f3 a la polic\u00eda que realice una allanamiento en Manuel Iglesias al 1100.<\/p>\n<p>En ese lugar se secuestraron 34 envoltorios de nylon que conten\u00edan coca\u00edna lista para ser comercializada. La cantidad de estupefacientes secuestrados arroj\u00f3 un pesaje de 27 grs.<\/p>\n<p>En tanto que en la diligencia fue capturado un sujeto de 36 a\u00f1os que se trata del motochorro aprehendido el mi\u00e9rcoles y su hermano de 24, por intentar el desarrollo del procedimiento. Adem\u00e1s intent\u00f3 agredir f\u00edsicamente al personal policial, arrojando a su vez piedras sobre los uniformados. Se labraron en ese caso, actuaciones por resistencia a la autoridad.<\/p>\n","protected":false},"excerpt":{"rendered":"<p>A ra\u00edz de una denuncia radicada el d\u00eda viernes por abuso de armas la UFI N\u00ba 5 orden\u00f3 a la polic\u00eda que realice una allanamiento en Manuel Iglesias al 1100. En ese lugar se secuestraron 34 envoltorios de nylon que conten\u00edan coca\u00edna lista para ser comercializada. La cantidad de estupefacientes secuestrados arroj\u00f3 un pesaje de [&hellip;]<\/p>\n","protected":false},"author":4,"featured_media":14543,"comment_status":"open","ping_status":"closed","sticky":false,"template":"","format":"standard","meta":{"om_disable_all_campaigns":false,"_jetpack_memberships_contains_paid_content":false,"footnotes":""},"categories":[2,103],"tags":[],"class_list":["post-14542","post","type-post","status-publish","format-standard","has-post-thumbnail","hentry","category-locales","category-policiales-locales"],"aioseo_notices":[],"gutentor_comment":0,"jetpack_featured_media_url":"https:\/\/eldiariodesanpedro.com.ar\/sitio\/wp-content\/uploads\/2017\/02\/allanamiento.jpeg","jetpack_shortlink":"https:\/\/wp.me\/p6RhLt-3My","jetpack_sharing_enabled":true,"_links":{"self":[{"href":"https:\/\/eldiariodesanpedro.com.ar\/sitio\/wp-json\/wp\/v2\/posts\/14542","targetHints":{"allow":["GET"]}}],"collection":[{"href":"https:\/\/eldiariodesanpedro.com.ar\/sitio\/wp-json\/wp\/v2\/posts"}],"about":[{"href":"https:\/\/eldiariodesanpedro.com.ar\/sitio\/wp-json\/wp\/v2\/types\/post"}],"author":[{"embeddable":true,"href":"https:\/\/eldiariodesanpedro.com.ar\/sitio\/wp-json\/wp\/v2\/users\/4"}],"replies":[{"embeddable":true,"href":"https:\/\/eldiariodesanpedro.com.ar\/sitio\/wp-json\/wp\/v2\/comments?post=14542"}],"version-history":[{"count":1,"href":"https:\/\/eldiariodesanpedro.com.ar\/sitio\/wp-json\/wp\/v2\/posts\/14542\/revisions"}],"predecessor-version":[{"id":14544,"href":"https:\/\/eldiariodesanpedro.com.ar\/sitio\/wp-json\/wp\/v2\/posts\/14542\/revisions\/14544"}],"wp:featuredmedia":[{"embeddable":true,"href":"https:\/\/eldiariodesanpedro.com.ar\/sitio\/wp-json\/wp\/v2\/media\/14543"}],"wp:attachment":[{"href":"https:\/\/eldiariodesanpedro.com.ar\/sitio\/wp-json\/wp\/v2\/media?parent=14542"}],"wp:term":[{"taxonomy":"category","embeddable":true,"href":"https:\/\/eldiariodesanpedro.com.ar\/sitio\/wp-json\/wp\/v2\/categories?post=14542"},{"taxonomy":"post_tag","embeddable":true,"href":"https:\/\/eldiariodesanpedro.com.ar\/sitio\/wp-json\/wp\/v2\/tags?post=14542"}],"curies":[{"name":"wp","href":"https:\/\/api.w.org\/{rel}","templated":true}]}}