{"id":145417,"date":"2025-11-29T09:27:12","date_gmt":"2025-11-29T12:27:12","guid":{"rendered":"https:\/\/eldiariodesanpedro.com.ar\/sitio\/?p=145417"},"modified":"2025-11-29T09:27:17","modified_gmt":"2025-11-29T12:27:17","slug":"accidente-de-transito-en-salta-e-irlanda-dejo-tres-heridos-entre-ellos-un-nino-de-4-anos","status":"publish","type":"post","link":"https:\/\/eldiariodesanpedro.com.ar\/sitio\/accidente-de-transito-en-salta-e-irlanda-dejo-tres-heridos-entre-ellos-un-nino-de-4-anos\/","title":{"rendered":"Accidente de tr\u00e1nsito en Salta e Irlanda dej\u00f3 tres heridos entre ellos un ni\u00f1o de 4 a\u00f1os"},"content":{"rendered":"<!-- VideographyWP Plugin Message: Automatic video embedding prevented by plugin options. -->\n\n<p>Un choque entre una motocicleta y una pickup en Salta e Irlanda dej\u00f3 <strong>tres heridos<\/strong>, entre ellos un ni\u00f1o de 4 a\u00f1os. El conductor sufri\u00f3 fracturas.<\/p>\n\n\n\n<p>En el d\u00eda de ayer, <strong>personal policial acudi\u00f3 a la intersecci\u00f3n de Salta e Irlanda<\/strong> tras un llamado al 911 que alertaba sobre un accidente de tr\u00e1nsito. Por causas que a\u00fan <strong>se tratan de establecer<\/strong>, una <strong>motocicleta 110 cc<\/strong>, conducida por un hombre de 31 a\u00f1os y en la que viajaban tambi\u00e9n <strong>una joven de 20 a\u00f1os<\/strong> y <strong>un ni\u00f1o de 4 a\u00f1os<\/strong>, <strong>colision\u00f3 contra una pickup<\/strong> manejada por un hombre de 35 a\u00f1os.<\/p>\n\n\n\n<p>Como consecuencia del impacto, <strong>todos los ocupantes de la motocicleta fueron trasladados al Hospital local<\/strong>. El conductor present\u00f3 <strong>fractura de costillas<\/strong>, mientras que la joven acompa\u00f1ante y el menor resultaron con <strong>lesiones leves<\/strong>.<\/p>\n\n\n\n<p>La causa qued\u00f3 a cargo de la <strong>UFI N\u00ba 11 de San Pedro<\/strong>.<\/p>\n\n\n\n<p>#AccidenteDeTransito #SaltaEIrlanda #Heridos #Emergencias #Policiales #SanPedro #Choque<\/p>\n","protected":false},"excerpt":{"rendered":"<p>Un choque entre una motocicleta y una pickup en Salta e Irlanda dej\u00f3 tres heridos, entre ellos un ni\u00f1o de 4 a\u00f1os. El conductor sufri\u00f3 fracturas. En el d\u00eda de ayer, personal policial acudi\u00f3 a la intersecci\u00f3n de Salta e Irlanda tras un llamado al 911 que alertaba sobre un accidente de tr\u00e1nsito. Por causas [&hellip;]<\/p>\n","protected":false},"author":4,"featured_media":145418,"comment_status":"closed","ping_status":"closed","sticky":false,"template":"","format":"standard","meta":{"om_disable_all_campaigns":false,"_jetpack_memberships_contains_paid_content":false,"footnotes":""},"categories":[50,2,103],"tags":[7152,7545,7544,5053,6188,3952],"class_list":["post-145417","post","type-post","status-publish","format-standard","has-post-thumbnail","hentry","category-destacadas","category-locales","category-policiales-locales","tag-accidente-en-san-pedro","tag-choque-moto-y-pickup","tag-heridos-en-accidente","tag-policia-san-pedro","tag-transito-san-pedro","tag-ufi-11-2"],"aioseo_notices":[],"gutentor_comment":0,"jetpack_featured_media_url":"https:\/\/eldiariodesanpedro.com.ar\/sitio\/wp-content\/uploads\/2025\/11\/accidente-.jpg","jetpack_shortlink":"https:\/\/wp.me\/p6RhLt-BPr","jetpack_sharing_enabled":true,"_links":{"self":[{"href":"https:\/\/eldiariodesanpedro.com.ar\/sitio\/wp-json\/wp\/v2\/posts\/145417","targetHints":{"allow":["GET"]}}],"collection":[{"href":"https:\/\/eldiariodesanpedro.com.ar\/sitio\/wp-json\/wp\/v2\/posts"}],"about":[{"href":"https:\/\/eldiariodesanpedro.com.ar\/sitio\/wp-json\/wp\/v2\/types\/post"}],"author":[{"embeddable":true,"href":"https:\/\/eldiariodesanpedro.com.ar\/sitio\/wp-json\/wp\/v2\/users\/4"}],"replies":[{"embeddable":true,"href":"https:\/\/eldiariodesanpedro.com.ar\/sitio\/wp-json\/wp\/v2\/comments?post=145417"}],"version-history":[{"count":1,"href":"https:\/\/eldiariodesanpedro.com.ar\/sitio\/wp-json\/wp\/v2\/posts\/145417\/revisions"}],"predecessor-version":[{"id":145419,"href":"https:\/\/eldiariodesanpedro.com.ar\/sitio\/wp-json\/wp\/v2\/posts\/145417\/revisions\/145419"}],"wp:featuredmedia":[{"embeddable":true,"href":"https:\/\/eldiariodesanpedro.com.ar\/sitio\/wp-json\/wp\/v2\/media\/145418"}],"wp:attachment":[{"href":"https:\/\/eldiariodesanpedro.com.ar\/sitio\/wp-json\/wp\/v2\/media?parent=145417"}],"wp:term":[{"taxonomy":"category","embeddable":true,"href":"https:\/\/eldiariodesanpedro.com.ar\/sitio\/wp-json\/wp\/v2\/categories?post=145417"},{"taxonomy":"post_tag","embeddable":true,"href":"https:\/\/eldiariodesanpedro.com.ar\/sitio\/wp-json\/wp\/v2\/tags?post=145417"}],"curies":[{"name":"wp","href":"https:\/\/api.w.org\/{rel}","templated":true}]}}