{"id":145412,"date":"2025-11-28T14:34:33","date_gmt":"2025-11-28T17:34:33","guid":{"rendered":"https:\/\/eldiariodesanpedro.com.ar\/sitio\/?p=145412"},"modified":"2025-11-28T14:34:38","modified_gmt":"2025-11-28T17:34:38","slug":"operativos-en-gobernador-castro-secuestran-once-vehiculos-y-detienen-a-una-mujer-por-resistencia-a-la-autoridad","status":"publish","type":"post","link":"https:\/\/eldiariodesanpedro.com.ar\/sitio\/operativos-en-gobernador-castro-secuestran-once-vehiculos-y-detienen-a-una-mujer-por-resistencia-a-la-autoridad\/","title":{"rendered":"Operativos en Gobernador Castro: secuestran once veh\u00edculos y detienen a una mujer por resistencia a la autoridad"},"content":{"rendered":"<!-- VideographyWP Plugin Message: Automatic video embedding prevented by plugin options. -->\n\n<p>Once veh\u00edculos fueron secuestrados en operativos de control en Gobernador Castro, donde adem\u00e1s una mujer de 28 a\u00f1os fue detenida por resistencia a la autoridad.<\/p>\n\n\n\n<p><strong>Efectivos de la Unidad T\u00e1ctica de Operaciones Inmediatas (UTOI) de San Nicol\u00e1s<\/strong>, junto a personal de la <strong>Comisar\u00eda local<\/strong> y del <strong>\u00c1rea de Tr\u00e1nsito Municipal<\/strong>, realizaron durante la jornada de ayer <strong>operativos de interceptaci\u00f3n vehicular e identificaci\u00f3n de personas<\/strong> en la localidad de <strong>Gobernador Castro<\/strong>. Los controles fueron din\u00e1micos y dejaron como resultado <strong>el secuestro de once rodados<\/strong>.<\/p>\n\n\n\n<p>Seg\u00fan informaron, se trat\u00f3 del secuestro de <strong>diez motocicletas y un autom\u00f3vil<\/strong> por distintas infracciones contempladas en la <strong>Ley Nacional de Tr\u00e1nsito N\u00b0 24.449<\/strong>. Todos los rodados fueron <strong>trasladados al corral\u00f3n municipal de San Pedro<\/strong>, quedando a disposici\u00f3n del <strong>Juzgado de Faltas local<\/strong>.<\/p>\n\n\n\n<h3 class=\"wp-block-heading\">Detenci\u00f3n por resistencia a la autoridad<\/h3>\n\n\n\n<p>En un hecho paralelo, tambi\u00e9n en Gobernador Castro, personal de UTOI <strong>detuvo a una mujer de 28 a\u00f1os<\/strong> acusada de <strong>Resistencia a la Autoridad y Da\u00f1o<\/strong>. La aprehensi\u00f3n se produjo por la tarde en la intersecci\u00f3n de <strong>C\u00f3rdoba y M\u00e1ximo Castro<\/strong>, durante un control de rutina.<\/p>\n\n\n\n<p>Al ser identificada, la mujer <strong>se neg\u00f3 a colaborar<\/strong>, ofreci\u00f3 resistencia y <strong>amedrent\u00f3 a los efectivos<\/strong>. Durante el forcejeo, provoc\u00f3 la ca\u00edda de un <strong>handy Motorola<\/strong>, ocasionando <strong>da\u00f1os en la antena de comunicaci\u00f3n<\/strong>. Tras su traslado a la dependencia policial, la causa qued\u00f3 a cargo de la <strong>Fiscal\u00eda local<\/strong>.<\/p>\n\n\n\n<p>#SanPedro #GobernadorCastro #OperativoPolicial #UTOI #ControlesDeTr\u00e1nsito #SecuestroDeVeh\u00edculos #PolicialesSP<\/p>\n\n\n\n<figure class=\"wp-block-image size-large\"><img decoding=\"async\" width=\"1024\" height=\"576\" data-attachment-id=\"145414\" data-permalink=\"https:\/\/eldiariodesanpedro.com.ar\/sitio\/operativos-en-gobernador-castro-secuestran-once-vehiculos-y-detienen-a-una-mujer-por-resistencia-a-la-autoridad\/incidente-gobernador-castro-1\/\" data-orig-file=\"https:\/\/eldiariodesanpedro.com.ar\/sitio\/wp-content\/uploads\/2025\/11\/Incidente-Gobernador-Castro-1.jpg\" data-orig-size=\"1120,630\" data-comments-opened=\"0\" data-image-meta=\"{&quot;aperture&quot;:&quot;0&quot;,&quot;credit&quot;:&quot;&quot;,&quot;camera&quot;:&quot;&quot;,&quot;caption&quot;:&quot;&quot;,&quot;created_timestamp&quot;:&quot;0&quot;,&quot;copyright&quot;:&quot;&quot;,&quot;focal_length&quot;:&quot;0&quot;,&quot;iso&quot;:&quot;0&quot;,&quot;shutter_speed&quot;:&quot;0&quot;,&quot;title&quot;:&quot;&quot;,&quot;orientation&quot;:&quot;0&quot;}\" data-image-title=\"Incidente Gobernador Castro 1\" data-image-description=\"\" data-image-caption=\"\" data-large-file=\"https:\/\/eldiariodesanpedro.com.ar\/sitio\/wp-content\/uploads\/2025\/11\/Incidente-Gobernador-Castro-1-1024x576.jpg\" data-src=\"https:\/\/eldiariodesanpedro.com.ar\/sitio\/wp-content\/uploads\/2025\/11\/Incidente-Gobernador-Castro-1-1024x576.jpg\" alt=\"\" class=\"wp-image-145414 lazyload\" data-srcset=\"https:\/\/eldiariodesanpedro.com.ar\/sitio\/wp-content\/uploads\/2025\/11\/Incidente-Gobernador-Castro-1-1024x576.jpg 1024w, https:\/\/eldiariodesanpedro.com.ar\/sitio\/wp-content\/uploads\/2025\/11\/Incidente-Gobernador-Castro-1-300x169.jpg 300w, https:\/\/eldiariodesanpedro.com.ar\/sitio\/wp-content\/uploads\/2025\/11\/Incidente-Gobernador-Castro-1-768x432.jpg 768w, https:\/\/eldiariodesanpedro.com.ar\/sitio\/wp-content\/uploads\/2025\/11\/Incidente-Gobernador-Castro-1.jpg 1120w\" data-sizes=\"(max-width: 1024px) 100vw, 1024px\" src=\"data:image\/svg+xml;base64,PHN2ZyB3aWR0aD0iMSIgaGVpZ2h0PSIxIiB4bWxucz0iaHR0cDovL3d3dy53My5vcmcvMjAwMC9zdmciPjwvc3ZnPg==\" style=\"--smush-placeholder-width: 1024px; --smush-placeholder-aspect-ratio: 1024\/576;\" \/><\/figure>\n","protected":false},"excerpt":{"rendered":"<p>Once veh\u00edculos fueron secuestrados en operativos de control en Gobernador Castro, donde adem\u00e1s una mujer de 28 a\u00f1os fue detenida por resistencia a la autoridad. Efectivos de la Unidad T\u00e1ctica de Operaciones Inmediatas (UTOI) de San Nicol\u00e1s, junto a personal de la Comisar\u00eda local y del \u00c1rea de Tr\u00e1nsito Municipal, realizaron durante la jornada de [&hellip;]<\/p>\n","protected":false},"author":4,"featured_media":145413,"comment_status":"closed","ping_status":"closed","sticky":false,"template":"","format":"standard","meta":{"om_disable_all_campaigns":false,"_jetpack_memberships_contains_paid_content":false,"footnotes":""},"categories":[50,2,103],"tags":[7542,7543,7540,5116,7541,6838],"class_list":["post-145412","post","type-post","status-publish","format-standard","has-post-thumbnail","hentry","category-destacadas","category-locales","category-policiales-locales","tag-controles-de-transito-2","tag-detencion-utoi","tag-operativos-en-gobernador-castro","tag-resistencia-a-la-autoridad","tag-secuestro-de-vehiculos-san-pedro","tag-utoi-san-nicolas"],"aioseo_notices":[],"gutentor_comment":0,"jetpack_featured_media_url":"https:\/\/eldiariodesanpedro.com.ar\/sitio\/wp-content\/uploads\/2025\/11\/image.jpg","jetpack_shortlink":"https:\/\/wp.me\/p6RhLt-BPm","jetpack_sharing_enabled":true,"_links":{"self":[{"href":"https:\/\/eldiariodesanpedro.com.ar\/sitio\/wp-json\/wp\/v2\/posts\/145412","targetHints":{"allow":["GET"]}}],"collection":[{"href":"https:\/\/eldiariodesanpedro.com.ar\/sitio\/wp-json\/wp\/v2\/posts"}],"about":[{"href":"https:\/\/eldiariodesanpedro.com.ar\/sitio\/wp-json\/wp\/v2\/types\/post"}],"author":[{"embeddable":true,"href":"https:\/\/eldiariodesanpedro.com.ar\/sitio\/wp-json\/wp\/v2\/users\/4"}],"replies":[{"embeddable":true,"href":"https:\/\/eldiariodesanpedro.com.ar\/sitio\/wp-json\/wp\/v2\/comments?post=145412"}],"version-history":[{"count":1,"href":"https:\/\/eldiariodesanpedro.com.ar\/sitio\/wp-json\/wp\/v2\/posts\/145412\/revisions"}],"predecessor-version":[{"id":145415,"href":"https:\/\/eldiariodesanpedro.com.ar\/sitio\/wp-json\/wp\/v2\/posts\/145412\/revisions\/145415"}],"wp:featuredmedia":[{"embeddable":true,"href":"https:\/\/eldiariodesanpedro.com.ar\/sitio\/wp-json\/wp\/v2\/media\/145413"}],"wp:attachment":[{"href":"https:\/\/eldiariodesanpedro.com.ar\/sitio\/wp-json\/wp\/v2\/media?parent=145412"}],"wp:term":[{"taxonomy":"category","embeddable":true,"href":"https:\/\/eldiariodesanpedro.com.ar\/sitio\/wp-json\/wp\/v2\/categories?post=145412"},{"taxonomy":"post_tag","embeddable":true,"href":"https:\/\/eldiariodesanpedro.com.ar\/sitio\/wp-json\/wp\/v2\/tags?post=145412"}],"curies":[{"name":"wp","href":"https:\/\/api.w.org\/{rel}","templated":true}]}}