{"id":145403,"date":"2025-11-28T10:23:46","date_gmt":"2025-11-28T13:23:46","guid":{"rendered":"https:\/\/eldiariodesanpedro.com.ar\/sitio\/?p=145403"},"modified":"2025-11-28T10:23:56","modified_gmt":"2025-11-28T13:23:56","slug":"edicto-de-mendolaro-fernando-oscar-c-tapia-y-paladino-josefina-maria-y-otros-s-prescripcion-adquisitiva-larga-publi-2829-11-2025","status":"publish","type":"post","link":"https:\/\/eldiariodesanpedro.com.ar\/sitio\/edicto-de-mendolaro-fernando-oscar-c-tapia-y-paladino-josefina-maria-y-otros-s-prescripcion-adquisitiva-larga-publi-2829-11-2025\/","title":{"rendered":"Edicto de Mendolaro Fernando Oscar C\/ Tapia y Paladino Josefina Mar\u00eda y otros s\/ Prescripci\u00f3n Adquisitiva Larga PUBLI 28,29\/11\/2025"},"content":{"rendered":"<!-- VideographyWP Plugin Message: Automatic video embedding prevented by plugin options. -->\n\n<p>El Juzgado de Primera Instancia en lo Civil y Comercial N\u00ba 6 del Departamento Judicial de San Nicol\u00e1s cita a los sucesores de Josefina Mar\u00eda, H\u00e9ctor Francisco, Odilia Elisabet, Julio C\u00e9sar y Alicia Beatriz Tapia y Paladino, para que dentro del t\u00e9rmino de diez (10) d\u00edas comparezcan a estar a derecho y tomen intervenci\u00f3n en autos: \u201d<strong>Mendolaro Fernando Oscar C\/ Tapia y Paladino Josefina Mar\u00eda y otros s\/ Prescripci\u00f3n Adquisitiva Larga<\/strong>\u201d, Exp. SN-14592-2024, bajo apercibimiento de designar Defensor Oficial. Asimismo, c\u00edtese a quienes se consideren con derecho sobre el inmueble que se intenta prescribir, un lote de terreno situado en calle Carranza n\u00ba 585 de la ciudad de Baradero, cuya nomenclatura catastral es: Circunscripci\u00f3n 1, Secci\u00f3n B, Manzana 111, Parcela 4 (seg\u00fan plano que pretende prescribir 009-8-2014 se designa como parcela 4b), para que dentro del t\u00e9rmino de diez (10) d\u00edas comparezcan a estar a derecho y a tomar intervenci\u00f3n en autos.- San Nicol\u00e1s, 26 de noviembre de 2025.-&nbsp;<\/p>\n\n\n\n<p>NEZOVICH FRANCISCO NICOL\u00c1S<br>ABOGADO SECRETARIO<\/p>\n\n\n\n<p>(Publicaci\u00f3n v\u00e1lida para los d\u00edas&nbsp; 27 y 28 de noviembre de 2025)<br><a href=\"https:\/\/notificaciones.scba.gov.ar\/interfazbootstrap\/textonotificacion.aspx?CodNotif=F4R98LZ0\">https:\/\/notificaciones.scba.gov.ar\/interfazbootstrap\/textonotificacion.aspx?CodNotif=F4R98LZ0<\/a><\/p>\n\n\n\n<p>Todos los edictos los podes publicados los puedes ver en: <a href=\"https:\/\/eldiariodesanpedro.com.ar\/sitio\/category\/edictos\/\">https:\/\/eldiariodesanpedro.com.ar\/sitio\/category\/edictos\/<\/a><\/p>\n","protected":false},"excerpt":{"rendered":"<p>El Juzgado de Primera Instancia en lo Civil y Comercial N\u00ba 6 del Departamento Judicial de San Nicol\u00e1s cita a los sucesores de Josefina Mar\u00eda, H\u00e9ctor Francisco, Odilia Elisabet, Julio C\u00e9sar y Alicia Beatriz Tapia y Paladino, para que dentro del t\u00e9rmino de diez (10) d\u00edas comparezcan a estar a derecho y tomen intervenci\u00f3n en [&hellip;]<\/p>\n","protected":false},"author":4,"featured_media":102746,"comment_status":"closed","ping_status":"closed","sticky":false,"template":"","format":"standard","meta":{"om_disable_all_campaigns":false,"_jetpack_memberships_contains_paid_content":false,"footnotes":""},"categories":[676,677],"tags":[7539],"class_list":["post-145403","post","type-post","status-publish","format-standard","has-post-thumbnail","hentry","category-edictos","category-edictos-sucesorios","tag-mendolaro-fernando-oscar"],"aioseo_notices":[],"gutentor_comment":0,"jetpack_featured_media_url":"https:\/\/eldiariodesanpedro.com.ar\/sitio\/wp-content\/uploads\/2022\/01\/EDICTO.jpg","jetpack_shortlink":"https:\/\/wp.me\/p6RhLt-BPd","jetpack_sharing_enabled":true,"_links":{"self":[{"href":"https:\/\/eldiariodesanpedro.com.ar\/sitio\/wp-json\/wp\/v2\/posts\/145403","targetHints":{"allow":["GET"]}}],"collection":[{"href":"https:\/\/eldiariodesanpedro.com.ar\/sitio\/wp-json\/wp\/v2\/posts"}],"about":[{"href":"https:\/\/eldiariodesanpedro.com.ar\/sitio\/wp-json\/wp\/v2\/types\/post"}],"author":[{"embeddable":true,"href":"https:\/\/eldiariodesanpedro.com.ar\/sitio\/wp-json\/wp\/v2\/users\/4"}],"replies":[{"embeddable":true,"href":"https:\/\/eldiariodesanpedro.com.ar\/sitio\/wp-json\/wp\/v2\/comments?post=145403"}],"version-history":[{"count":1,"href":"https:\/\/eldiariodesanpedro.com.ar\/sitio\/wp-json\/wp\/v2\/posts\/145403\/revisions"}],"predecessor-version":[{"id":145404,"href":"https:\/\/eldiariodesanpedro.com.ar\/sitio\/wp-json\/wp\/v2\/posts\/145403\/revisions\/145404"}],"wp:featuredmedia":[{"embeddable":true,"href":"https:\/\/eldiariodesanpedro.com.ar\/sitio\/wp-json\/wp\/v2\/media\/102746"}],"wp:attachment":[{"href":"https:\/\/eldiariodesanpedro.com.ar\/sitio\/wp-json\/wp\/v2\/media?parent=145403"}],"wp:term":[{"taxonomy":"category","embeddable":true,"href":"https:\/\/eldiariodesanpedro.com.ar\/sitio\/wp-json\/wp\/v2\/categories?post=145403"},{"taxonomy":"post_tag","embeddable":true,"href":"https:\/\/eldiariodesanpedro.com.ar\/sitio\/wp-json\/wp\/v2\/tags?post=145403"}],"curies":[{"name":"wp","href":"https:\/\/api.w.org\/{rel}","templated":true}]}}