{"id":14539,"date":"2017-02-12T20:53:33","date_gmt":"2017-02-12T23:53:33","guid":{"rendered":"https:\/\/eldiariodesanpedro.com.ar\/sitio\/?p=14539"},"modified":"2017-02-12T20:53:33","modified_gmt":"2017-02-12T23:53:33","slug":"un-patrullero-choco-a-un-auto-tras-una-persecucion","status":"publish","type":"post","link":"https:\/\/eldiariodesanpedro.com.ar\/sitio\/un-patrullero-choco-a-un-auto-tras-una-persecucion\/","title":{"rendered":"Un patrullero choc\u00f3 a un auto tras una persecuci\u00f3n"},"content":{"rendered":"<p><!-- VideographyWP Plugin Message: Automatic video embedding prevented by plugin options. --><br \/>\nEl incidente de tr\u00e1nsito que involucr\u00f3 a una unidad de la fuerza de seguridad y a un autom\u00f3vil, se produjo cerca de las 5.45 hs. de este s\u00e1bado, en calle Pellegrini entre Libertad e Independencia.<\/p>\n<p>El hecho se gener\u00f3 tras una persecuci\u00f3n cuando se produc\u00eda el horario de cierre de los boliches. El conductor del Ford Fiesta se dirig\u00eda a velocidad y se encontrar\u00eda corriendo picadas cuando la situaci\u00f3n fue advertida por los uniformados que hac\u00edan un patrullaje en la zona c\u00e9ntrica.<\/p>\n<p>Tras el incidente de tr\u00e1nsito se pudo constatar que el sujeto se hallaba no solo alcoholizado, sino que adem\u00e1s en el interior del rodado se hallaron bagullos de marihuana. Adem\u00e1s al sujeto se le hab\u00eda retirado el carnet de conducir en otra oportunidad, por lo que cuenta con antecedentes similares con respecto a la alcohloemia. Fue derivado al hospital con traumatismos leves, mientras que los uniformados no sufrieron lesiones.<\/p>\n<p>Debido a que el accidente fue protagonizado por un patrullero policial, debi\u00f3 intervenir en los peritajes la Prefectura Naval.<\/p>\n","protected":false},"excerpt":{"rendered":"<p>El incidente de tr\u00e1nsito que involucr\u00f3 a una unidad de la fuerza de seguridad y a un autom\u00f3vil, se produjo cerca de las 5.45 hs. de este s\u00e1bado, en calle Pellegrini entre Libertad e Independencia. El hecho se gener\u00f3 tras una persecuci\u00f3n cuando se produc\u00eda el horario de cierre de los boliches. El conductor del [&hellip;]<\/p>\n","protected":false},"author":4,"featured_media":14540,"comment_status":"open","ping_status":"closed","sticky":false,"template":"","format":"standard","meta":{"om_disable_all_campaigns":false,"_jetpack_memberships_contains_paid_content":false,"footnotes":""},"categories":[50,2,103],"tags":[],"class_list":["post-14539","post","type-post","status-publish","format-standard","has-post-thumbnail","hentry","category-destacadas","category-locales","category-policiales-locales"],"aioseo_notices":[],"gutentor_comment":0,"jetpack_featured_media_url":"https:\/\/eldiariodesanpedro.com.ar\/sitio\/wp-content\/uploads\/2017\/02\/El-concuctor-del-auto-estaba-alcoholizado-y-transportaba-bagullos-de-marihuana..jpeg","jetpack_shortlink":"https:\/\/wp.me\/p6RhLt-3Mv","jetpack_sharing_enabled":true,"_links":{"self":[{"href":"https:\/\/eldiariodesanpedro.com.ar\/sitio\/wp-json\/wp\/v2\/posts\/14539","targetHints":{"allow":["GET"]}}],"collection":[{"href":"https:\/\/eldiariodesanpedro.com.ar\/sitio\/wp-json\/wp\/v2\/posts"}],"about":[{"href":"https:\/\/eldiariodesanpedro.com.ar\/sitio\/wp-json\/wp\/v2\/types\/post"}],"author":[{"embeddable":true,"href":"https:\/\/eldiariodesanpedro.com.ar\/sitio\/wp-json\/wp\/v2\/users\/4"}],"replies":[{"embeddable":true,"href":"https:\/\/eldiariodesanpedro.com.ar\/sitio\/wp-json\/wp\/v2\/comments?post=14539"}],"version-history":[{"count":1,"href":"https:\/\/eldiariodesanpedro.com.ar\/sitio\/wp-json\/wp\/v2\/posts\/14539\/revisions"}],"predecessor-version":[{"id":14541,"href":"https:\/\/eldiariodesanpedro.com.ar\/sitio\/wp-json\/wp\/v2\/posts\/14539\/revisions\/14541"}],"wp:featuredmedia":[{"embeddable":true,"href":"https:\/\/eldiariodesanpedro.com.ar\/sitio\/wp-json\/wp\/v2\/media\/14540"}],"wp:attachment":[{"href":"https:\/\/eldiariodesanpedro.com.ar\/sitio\/wp-json\/wp\/v2\/media?parent=14539"}],"wp:term":[{"taxonomy":"category","embeddable":true,"href":"https:\/\/eldiariodesanpedro.com.ar\/sitio\/wp-json\/wp\/v2\/categories?post=14539"},{"taxonomy":"post_tag","embeddable":true,"href":"https:\/\/eldiariodesanpedro.com.ar\/sitio\/wp-json\/wp\/v2\/tags?post=14539"}],"curies":[{"name":"wp","href":"https:\/\/api.w.org\/{rel}","templated":true}]}}